{"id":42818,"date":"2025-06-18T21:12:20","date_gmt":"2025-06-19T03:12:20","guid":{"rendered":"https:\/\/contextoanalisisperiodistico.com\/index.php\/2025\/06\/18\/avanzan-gobierno-de-oaxaca-e-issste-en-construccion-de-nuevo-hospital-regional-de-alta-especialidad-con-la-colocacion-de-la-primera-piedra\/"},"modified":"2025-06-18T21:12:20","modified_gmt":"2025-06-19T03:12:20","slug":"avanzan-gobierno-de-oaxaca-e-issste-en-construccion-de-nuevo-hospital-regional-de-alta-especialidad-con-la-colocacion-de-la-primera-piedra","status":"publish","type":"post","link":"https:\/\/contextoanalisisperiodistico.com\/index.php\/2025\/06\/18\/avanzan-gobierno-de-oaxaca-e-issste-en-construccion-de-nuevo-hospital-regional-de-alta-especialidad-con-la-colocacion-de-la-primera-piedra\/","title":{"rendered":"Avanzan Gobierno de Oaxaca e ISSSTE en construcci\u00f3n de nuevo Hospital Regional de Alta Especialidad con la colocaci\u00f3n de la primera piedra"},"content":{"rendered":"<div id=\"fb-root\"><\/div>\n\n<p>\u2022 El Gobernador Salom\u00f3n Jara Cruz y el director general del Instituto, Mart\u00ed Batres Guadarrama destacaron que esta obra simboliza un anhelo social y una promesa cumplida con las y los derechohabientes<\/p>\n\n\n\n<figure class=\"wp-block-image size-large\"><img fetchpriority=\"high\" decoding=\"async\" width=\"1024\" height=\"768\" src=\"https:\/\/contextoanalisisperiodistico.com\/wp-content\/uploads\/2025\/06\/img-20250618-wa02511153767668109470271-1024x768.jpg\" alt=\"\" class=\"wp-image-42814\" srcset=\"https:\/\/contextoanalisisperiodistico.com\/wp-content\/uploads\/2025\/06\/img-20250618-wa02511153767668109470271-1024x768.jpg 1024w, https:\/\/contextoanalisisperiodistico.com\/wp-content\/uploads\/2025\/06\/img-20250618-wa02511153767668109470271-300x225.jpg 300w, https:\/\/contextoanalisisperiodistico.com\/wp-content\/uploads\/2025\/06\/img-20250618-wa02511153767668109470271-768x576.jpg 768w, https:\/\/contextoanalisisperiodistico.com\/wp-content\/uploads\/2025\/06\/img-20250618-wa02511153767668109470271.jpg 1280w\" sizes=\"(max-width: 1024px) 100vw, 1024px\" \/><\/figure>\n\n\n\n<figure class=\"wp-block-image\"><img decoding=\"async\" width=\"1024\" height=\"768\" src=\"https:\/\/contextoanalisisperiodistico.com\/wp-content\/uploads\/2025\/06\/img-20250618-wa02479108599561193231464-1024x768.jpg\" alt=\"\" class=\"wp-image-42815\" srcset=\"https:\/\/contextoanalisisperiodistico.com\/wp-content\/uploads\/2025\/06\/img-20250618-wa02479108599561193231464-1024x768.jpg 1024w, https:\/\/contextoanalisisperiodistico.com\/wp-content\/uploads\/2025\/06\/img-20250618-wa02479108599561193231464-300x225.jpg 300w, https:\/\/contextoanalisisperiodistico.com\/wp-content\/uploads\/2025\/06\/img-20250618-wa02479108599561193231464-768x576.jpg 768w, https:\/\/contextoanalisisperiodistico.com\/wp-content\/uploads\/2025\/06\/img-20250618-wa02479108599561193231464.jpg 1280w\" sizes=\"(max-width: 1024px) 100vw, 1024px\" \/><\/figure>\n\n\n\n<figure class=\"wp-block-image\"><img decoding=\"async\" width=\"1024\" height=\"768\" src=\"https:\/\/contextoanalisisperiodistico.com\/wp-content\/uploads\/2025\/06\/img-20250618-wa02461785337365485047188-1024x768.jpg\" alt=\"\" class=\"wp-image-42813\" srcset=\"https:\/\/contextoanalisisperiodistico.com\/wp-content\/uploads\/2025\/06\/img-20250618-wa02461785337365485047188-1024x768.jpg 1024w, https:\/\/contextoanalisisperiodistico.com\/wp-content\/uploads\/2025\/06\/img-20250618-wa02461785337365485047188-300x225.jpg 300w, https:\/\/contextoanalisisperiodistico.com\/wp-content\/uploads\/2025\/06\/img-20250618-wa02461785337365485047188-768x576.jpg 768w, https:\/\/contextoanalisisperiodistico.com\/wp-content\/uploads\/2025\/06\/img-20250618-wa02461785337365485047188.jpg 1280w\" sizes=\"(max-width: 1024px) 100vw, 1024px\" \/><\/figure>\n\n\n\n<figure class=\"wp-block-image\"><img loading=\"lazy\" decoding=\"async\" width=\"1024\" height=\"768\" src=\"https:\/\/contextoanalisisperiodistico.com\/wp-content\/uploads\/2025\/06\/img-20250618-wa02537660165918608624262-1024x768.jpg\" alt=\"\" class=\"wp-image-42817\" srcset=\"https:\/\/contextoanalisisperiodistico.com\/wp-content\/uploads\/2025\/06\/img-20250618-wa02537660165918608624262-1024x768.jpg 1024w, https:\/\/contextoanalisisperiodistico.com\/wp-content\/uploads\/2025\/06\/img-20250618-wa02537660165918608624262-300x225.jpg 300w, https:\/\/contextoanalisisperiodistico.com\/wp-content\/uploads\/2025\/06\/img-20250618-wa02537660165918608624262-768x576.jpg 768w, https:\/\/contextoanalisisperiodistico.com\/wp-content\/uploads\/2025\/06\/img-20250618-wa02537660165918608624262.jpg 1280w\" sizes=\"(max-width: 1024px) 100vw, 1024px\" \/><\/figure>\n\n\n\n<figure class=\"wp-block-image\"><img loading=\"lazy\" decoding=\"async\" width=\"1024\" height=\"768\" src=\"https:\/\/contextoanalisisperiodistico.com\/wp-content\/uploads\/2025\/06\/img-20250618-wa02486131155443153532501-1024x768.jpg\" alt=\"\" class=\"wp-image-42816\" srcset=\"https:\/\/contextoanalisisperiodistico.com\/wp-content\/uploads\/2025\/06\/img-20250618-wa02486131155443153532501-1024x768.jpg 1024w, https:\/\/contextoanalisisperiodistico.com\/wp-content\/uploads\/2025\/06\/img-20250618-wa02486131155443153532501-300x225.jpg 300w, https:\/\/contextoanalisisperiodistico.com\/wp-content\/uploads\/2025\/06\/img-20250618-wa02486131155443153532501-768x576.jpg 768w, https:\/\/contextoanalisisperiodistico.com\/wp-content\/uploads\/2025\/06\/img-20250618-wa02486131155443153532501.jpg 1280w\" sizes=\"(max-width: 1024px) 100vw, 1024px\" \/><\/figure>\n\n\n\n<p>San Lorenzo Cacaotepec, Oax. 18 de junio de 2025.- Para responder a las necesidades de derechohabientes y en un acto de justicia social, el Gobernador Salom\u00f3n Jara Cruz y el director general del Instituto de Seguridad y Servicios Sociales de los Trabajadores del Estado (ISSSTE), Mart\u00ed Batres Guadarrama, colocaron la primera piedra del Hospital Regional de Alta Especialidad.<\/p>\n\n\n\n<p>En el terreno otorgado por el Gobierno de la Primavera Oaxaque\u00f1a en la agencia municipal de Guadalupe Hidalgo, perteneciente al municipio de San Lorenzo Cacaotepec; el Mandatario estatal afirm\u00f3 que esta obra es mucho m\u00e1s que infraestructura para la salud p\u00fablica, representa el anhelo de la sociedad, que pronto ser\u00e1 una realidad.<\/p>\n\n\n\n<p>\u201cEs el s\u00edmbolo de un nuevo pacto social por el bienestar, justicia, reparaci\u00f3n hist\u00f3rica de nuestros pueblos y comunidades. Cada muro que se levante es el eco de una promesa cumplida por la voluntad transformadora de nuestra Presidenta Claudia Sheinbaum Pardo, que se manifiesta con fuerza, humanidad y visi\u00f3n de futuro, a trav\u00e9s de esta moderna y funcional mega obra\u201d, extern\u00f3.<\/p>\n\n\n\n<p>Acompa\u00f1ado de la presidenta municipal, Iris Jocelin L\u00f3pez Zavaleta y del agente municipal, Javier V\u00e1squez Santiago; Jara Cruz destac\u00f3 que este hospital es un compromiso con las y los docentes de la Secci\u00f3n XXII del Sindicato Nacional de Trabajadores de la Educaci\u00f3n (SNTE), quienes son derechohabientes de este instituto.<\/p>\n\n\n\n<p>Este nuevo centro m\u00e9dico, que tendr\u00e1 una inversi\u00f3n de 3 mil 500 millones de pesos, formar\u00e1 parte de Ciudad Salud, un complejo que tambi\u00e9n incluir\u00e1 un nuevo hospital del Instituto Mexicano del Seguro Social (IMSS) con 260 camas; que, en suma, ambos representan un apoyo superior a 7 millones de pesos.<\/p>\n\n\n\n<p>Por su parte, Batres Guadarrama explic\u00f3 que la instalaci\u00f3n del ISSSTE constar\u00e1 de m\u00e1s de 100 mil metros cuadrados, en los cuales se dispondr\u00e1 de \u00e1reas especializadas y equipo tecnol\u00f3gico de punta; para atender las necesidades sociales de la regi\u00f3n sureste del pa\u00eds.<\/p>\n\n\n\n<p>\u201cOaxaca merece la mayor atenci\u00f3n en todos los terrenos, pero tambi\u00e9n responde a la lucha que han dado maestras y maestros de este estado\u201d afirm\u00f3.<\/p>\n\n\n\n<p>Este Hospital Regional albergar\u00e1 250 camas censables, 43 consultorios, 36 especialidades, 10 quir\u00f3fanos y un helipuerto. Adem\u00e1s, equipamiento de alto nivel como: acelerador lineal, angi\u00f3grafo, c\u00e1mara de centelleo, neuronavegador, equipo de resonancia magn\u00e9tica, unidad de radioterapia, entre otros.<\/p>\n\n\n\n<p>Aunado a ello, contar\u00e1 con un centro oncol\u00f3gico, un centro de hemodi\u00e1lisis y di\u00e1lisis, as\u00ed como unidades de hemodinamia, trasplantes, radioterapia, medicina nuclear, rayos X y mastograf\u00eda; con los que se beneficiar\u00e1n a m\u00e1s de 230 mil derechohabientes del ISSSTE en el estado de Oaxaca y aproximadamente a un mill\u00f3n y medio de los estados vecinos.<\/p>\n\n\n\n<p>-0-<\/p>\n","protected":false},"excerpt":{"rendered":"<p>\u2022 El Gobernador Salom\u00f3n Jara Cruz y el director general del Instituto, Mart\u00ed Batres Guadarrama&#8230;<\/p>\n","protected":false},"author":4,"featured_media":42812,"comment_status":"","ping_status":"open","sticky":false,"template":"","format":"standard","meta":{"footnotes":""},"categories":[9],"tags":[],"jetpack_sharing_enabled":true,"featured_image_urls":{"full":["https:\/\/contextoanalisisperiodistico.com\/wp-content\/uploads\/2025\/06\/IMG-20250618-WA0250.jpg",1280,960,false],"thumbnail":["https:\/\/contextoanalisisperiodistico.com\/wp-content\/uploads\/2025\/06\/IMG-20250618-WA0250-150x150.jpg",150,150,true],"medium":["https:\/\/contextoanalisisperiodistico.com\/wp-content\/uploads\/2025\/06\/IMG-20250618-WA0250-300x225.jpg",300,225,true],"medium_large":["https:\/\/contextoanalisisperiodistico.com\/wp-content\/uploads\/2025\/06\/IMG-20250618-WA0250-768x576.jpg",640,480,true],"large":["https:\/\/contextoanalisisperiodistico.com\/wp-content\/uploads\/2025\/06\/IMG-20250618-WA0250-1024x768.jpg",640,480,true],"1536x1536":["https:\/\/contextoanalisisperiodistico.com\/wp-content\/uploads\/2025\/06\/IMG-20250618-WA0250.jpg",1280,960,false],"2048x2048":["https:\/\/contextoanalisisperiodistico.com\/wp-content\/uploads\/2025\/06\/IMG-20250618-WA0250.jpg",1280,960,false],"covernews-slider-full":["https:\/\/contextoanalisisperiodistico.com\/wp-content\/uploads\/2025\/06\/IMG-20250618-WA0250-1115x715.jpg",1115,715,true],"covernews-slider-center":["https:\/\/contextoanalisisperiodistico.com\/wp-content\/uploads\/2025\/06\/IMG-20250618-WA0250-800x500.jpg",800,500,true],"covernews-featured":["https:\/\/contextoanalisisperiodistico.com\/wp-content\/uploads\/2025\/06\/IMG-20250618-WA0250-1024x768.jpg",1024,768,true],"covernews-medium":["https:\/\/contextoanalisisperiodistico.com\/wp-content\/uploads\/2025\/06\/IMG-20250618-WA0250-540x340.jpg",540,340,true],"covernews-medium-square":["https:\/\/contextoanalisisperiodistico.com\/wp-content\/uploads\/2025\/06\/IMG-20250618-WA0250-400x250.jpg",400,250,true]},"author_info":{"display_name":"Mario Gir\u00f3n","author_link":"https:\/\/contextoanalisisperiodistico.com\/index.php\/author\/director\/"},"category_info":"<a href=\"https:\/\/contextoanalisisperiodistico.com\/index.php\/category\/politica\/\" rel=\"category tag\">Pol\u00edtica<\/a>","tag_info":"Pol\u00edtica","comment_count":"0","jetpack_featured_media_url":"https:\/\/contextoanalisisperiodistico.com\/wp-content\/uploads\/2025\/06\/IMG-20250618-WA0250.jpg","_links":{"self":[{"href":"https:\/\/contextoanalisisperiodistico.com\/index.php\/wp-json\/wp\/v2\/posts\/42818"}],"collection":[{"href":"https:\/\/contextoanalisisperiodistico.com\/index.php\/wp-json\/wp\/v2\/posts"}],"about":[{"href":"https:\/\/contextoanalisisperiodistico.com\/index.php\/wp-json\/wp\/v2\/types\/post"}],"author":[{"embeddable":true,"href":"https:\/\/contextoanalisisperiodistico.com\/index.php\/wp-json\/wp\/v2\/users\/4"}],"replies":[{"embeddable":true,"href":"https:\/\/contextoanalisisperiodistico.com\/index.php\/wp-json\/wp\/v2\/comments?post=42818"}],"version-history":[{"count":0,"href":"https:\/\/contextoanalisisperiodistico.com\/index.php\/wp-json\/wp\/v2\/posts\/42818\/revisions"}],"wp:featuredmedia":[{"embeddable":true,"href":"https:\/\/contextoanalisisperiodistico.com\/index.php\/wp-json\/wp\/v2\/media\/42812"}],"wp:attachment":[{"href":"https:\/\/contextoanalisisperiodistico.com\/index.php\/wp-json\/wp\/v2\/media?parent=42818"}],"wp:term":[{"taxonomy":"category","embeddable":true,"href":"https:\/\/contextoanalisisperiodistico.com\/index.php\/wp-json\/wp\/v2\/categories?post=42818"},{"taxonomy":"post_tag","embeddable":true,"href":"https:\/\/contextoanalisisperiodistico.com\/index.php\/wp-json\/wp\/v2\/tags?post=42818"}],"curies":[{"name":"wp","href":"https:\/\/api.w.org\/{rel}","templated":true}]}}