{"id":42809,"date":"2025-06-18T20:42:06","date_gmt":"2025-06-19T02:42:06","guid":{"rendered":"https:\/\/contextoanalisisperiodistico.com\/index.php\/2025\/06\/18\/reporta-salomon-jara-despliegue-del-gobierno-del-estado-por-llegada-del-huracan-erick\/"},"modified":"2025-06-18T20:42:06","modified_gmt":"2025-06-19T02:42:06","slug":"reporta-salomon-jara-despliegue-del-gobierno-del-estado-por-llegada-del-huracan-erick","status":"publish","type":"post","link":"https:\/\/contextoanalisisperiodistico.com\/index.php\/2025\/06\/18\/reporta-salomon-jara-despliegue-del-gobierno-del-estado-por-llegada-del-huracan-erick\/","title":{"rendered":"Reporta Salom\u00f3n Jara despliegue del Gobierno del Estado por llegada del hurac\u00e1n \u201cErick\u201d"},"content":{"rendered":"<div id=\"fb-root\"><\/div>\n\n<p>\u2022 El Mandatario expuso que en la zona costera lo acompa\u00f1an servidores p\u00fablicos de instituciones responsables de las infraestructuras para dar atenci\u00f3n inmediata a la poblaci\u00f3n<\/p>\n\n\n\n<p>Oaxaca de Ju\u00e1rez, Oax. 18 de junio de 2025.- El Gobernador Salom\u00f3n Jara Cruz afirm\u00f3 que el Gobierno de Oaxaca se encuentra preparado y desplegado en la regi\u00f3n Costa, para implementar acciones inmediatas ante el impacto del hurac\u00e1n Erick, prevista durante la madrugada de este jueves, entre Puerto Escondido y Lagunas de Chacahua.<\/p>\n\n\n\n<p>\u201cEstamos atentos ante la llegada del hurac\u00e1n Erick, para ayudar a la poblaci\u00f3n, para estar presentes durante estos momentos y estas horas que se avecina; personalmente voy a estar en la Costa\u201d, dijo.<\/p>\n\n\n\n<p>Ante esta emergencia, el Mandatario estatal se\u00f1al\u00f3 que mantendr\u00e1 presencia en la zona, con el funcionariado de instituciones responsables de las infraestructuras, como las secretar\u00edas de Salud, de las Infraestructuras y Comunicaciones, Comisi\u00f3n Estatal del Agua para el Bienestar, Caminos Bienestar; para brindar auxilio a las y los habitantes.<\/p>\n\n\n\n<p>Destac\u00f3 la colaboraci\u00f3n amplia de la Presidenta Claudia Sheinbaum Pardo, lo que permite a su administraci\u00f3n trabajar de manera coordinada con las secretar\u00edas de la Defensa Nacional (Defensa), de la Marina (Semar) y Guardia Nacional (GN), para disponer de v\u00edveres, agua e insumos de primera necesidad en los momentos cr\u00edticos.<\/p>\n\n\n\n<p>Asimismo, Jara Cruz record\u00f3 a la poblaci\u00f3n atender las recomendaciones de las autoridades de Protecci\u00f3n Civil ante los efectos que pueden derivar en desbordamientos de r\u00edos e inundaciones en algunas \u00e1reas. Adem\u00e1s, invit\u00f3 a solidarizarse con personas afectadas en caso de ser necesario.<\/p>\n\n\n\n<p>\u201cDebemos de evitar transitar a esas horas, les queremos invitar para que se mantengan resguardados, evitar el uso de lanchas o estar en las costas\u201d, agreg\u00f3.<\/p>\n\n\n\n<p>-0-<\/p>\n","protected":false},"excerpt":{"rendered":"<p>\u2022 El Mandatario expuso que en la zona costera lo acompa\u00f1an servidores p\u00fablicos de instituciones&#8230;<\/p>\n","protected":false},"author":4,"featured_media":42808,"comment_status":"","ping_status":"open","sticky":false,"template":"","format":"standard","meta":{"footnotes":""},"categories":[9],"tags":[],"jetpack_sharing_enabled":true,"featured_image_urls":{"full":["https:\/\/contextoanalisisperiodistico.com\/wp-content\/uploads\/2025\/06\/IMG-20250618-WA0257.jpg",800,450,false],"thumbnail":["https:\/\/contextoanalisisperiodistico.com\/wp-content\/uploads\/2025\/06\/IMG-20250618-WA0257-150x150.jpg",150,150,true],"medium":["https:\/\/contextoanalisisperiodistico.com\/wp-content\/uploads\/2025\/06\/IMG-20250618-WA0257-300x169.jpg",300,169,true],"medium_large":["https:\/\/contextoanalisisperiodistico.com\/wp-content\/uploads\/2025\/06\/IMG-20250618-WA0257-768x432.jpg",640,360,true],"large":["https:\/\/contextoanalisisperiodistico.com\/wp-content\/uploads\/2025\/06\/IMG-20250618-WA0257.jpg",640,360,false],"1536x1536":["https:\/\/contextoanalisisperiodistico.com\/wp-content\/uploads\/2025\/06\/IMG-20250618-WA0257.jpg",800,450,false],"2048x2048":["https:\/\/contextoanalisisperiodistico.com\/wp-content\/uploads\/2025\/06\/IMG-20250618-WA0257.jpg",800,450,false],"covernews-slider-full":["https:\/\/contextoanalisisperiodistico.com\/wp-content\/uploads\/2025\/06\/IMG-20250618-WA0257.jpg",800,450,false],"covernews-slider-center":["https:\/\/contextoanalisisperiodistico.com\/wp-content\/uploads\/2025\/06\/IMG-20250618-WA0257.jpg",800,450,false],"covernews-featured":["https:\/\/contextoanalisisperiodistico.com\/wp-content\/uploads\/2025\/06\/IMG-20250618-WA0257.jpg",800,450,false],"covernews-medium":["https:\/\/contextoanalisisperiodistico.com\/wp-content\/uploads\/2025\/06\/IMG-20250618-WA0257-540x340.jpg",540,340,true],"covernews-medium-square":["https:\/\/contextoanalisisperiodistico.com\/wp-content\/uploads\/2025\/06\/IMG-20250618-WA0257-400x250.jpg",400,250,true]},"author_info":{"display_name":"Mario Gir\u00f3n","author_link":"https:\/\/contextoanalisisperiodistico.com\/index.php\/author\/director\/"},"category_info":"<a href=\"https:\/\/contextoanalisisperiodistico.com\/index.php\/category\/politica\/\" rel=\"category tag\">Pol\u00edtica<\/a>","tag_info":"Pol\u00edtica","comment_count":"0","jetpack_featured_media_url":"https:\/\/contextoanalisisperiodistico.com\/wp-content\/uploads\/2025\/06\/IMG-20250618-WA0257.jpg","_links":{"self":[{"href":"https:\/\/contextoanalisisperiodistico.com\/index.php\/wp-json\/wp\/v2\/posts\/42809"}],"collection":[{"href":"https:\/\/contextoanalisisperiodistico.com\/index.php\/wp-json\/wp\/v2\/posts"}],"about":[{"href":"https:\/\/contextoanalisisperiodistico.com\/index.php\/wp-json\/wp\/v2\/types\/post"}],"author":[{"embeddable":true,"href":"https:\/\/contextoanalisisperiodistico.com\/index.php\/wp-json\/wp\/v2\/users\/4"}],"replies":[{"embeddable":true,"href":"https:\/\/contextoanalisisperiodistico.com\/index.php\/wp-json\/wp\/v2\/comments?post=42809"}],"version-history":[{"count":0,"href":"https:\/\/contextoanalisisperiodistico.com\/index.php\/wp-json\/wp\/v2\/posts\/42809\/revisions"}],"wp:featuredmedia":[{"embeddable":true,"href":"https:\/\/contextoanalisisperiodistico.com\/index.php\/wp-json\/wp\/v2\/media\/42808"}],"wp:attachment":[{"href":"https:\/\/contextoanalisisperiodistico.com\/index.php\/wp-json\/wp\/v2\/media?parent=42809"}],"wp:term":[{"taxonomy":"category","embeddable":true,"href":"https:\/\/contextoanalisisperiodistico.com\/index.php\/wp-json\/wp\/v2\/categories?post=42809"},{"taxonomy":"post_tag","embeddable":true,"href":"https:\/\/contextoanalisisperiodistico.com\/index.php\/wp-json\/wp\/v2\/tags?post=42809"}],"curies":[{"name":"wp","href":"https:\/\/api.w.org\/{rel}","templated":true}]}}