{"id":42807,"date":"2025-06-18T20:33:00","date_gmt":"2025-06-19T02:33:00","guid":{"rendered":"https:\/\/contextoanalisisperiodistico.com\/index.php\/2025\/06\/18\/detienen-a-cuatro-por-incendiar-dos-tiendas-oxxo-en-juchitan\/"},"modified":"2025-06-18T20:33:00","modified_gmt":"2025-06-19T02:33:00","slug":"detienen-a-cuatro-por-incendiar-dos-tiendas-oxxo-en-juchitan","status":"publish","type":"post","link":"https:\/\/contextoanalisisperiodistico.com\/index.php\/2025\/06\/18\/detienen-a-cuatro-por-incendiar-dos-tiendas-oxxo-en-juchitan\/","title":{"rendered":"Detienen a cuatro por incendiar dos tiendas OXXO en Juchit\u00e1n"},"content":{"rendered":"<div id=\"fb-root\"><\/div>\n\n<p>Resultados del reforzamiento de la Operaci\u00f3n Sable, llevada a cabo este mi\u00e9rcoles 18 de junio en distintos puntos de Juchit\u00e1n, se detuvo a cuatro hombres se\u00f1alados como responsables materiales de los ataques a dos tiendas OXXO: N.J.J.C. (\u201cChico Bala\u201d), J.A.S.S. (\u201cChuy\u201d), B.A.C.S. (\u201cPapaya\u201d) y C.E.B.C. (\u201cCachorro\u201d). Fueron puestos a disposici\u00f3n del Ministerio P\u00fablico para iniciar proceso penal.<\/p>\n\n\n\n<p>El pasado lunes 16 de junio, dos tiendas OXXO en Juchit\u00e1n de Zaragoza, ubicadas, una en calle Abasolo con Rosendo Pineda y otra en la calle Sa\u00fal Mart\u00ednez de la Octava Secci\u00f3n, fueron consumidas por incendios provocados. <\/p>\n\n\n\n<p>Las acciones criminales generaron alarma entre comerciantes y vecinos, que presenciaron las desalmadas escenas y sufrieron afectaciones econ\u00f3micas y sociales.<br>Gracias al reforzamiento de la Operaci\u00f3n Sable, llevada a cabo este mi\u00e9rcoles 18 de junio en distintos puntos de Juchit\u00e1n, se detuvo a cuatro hombres se\u00f1alados como responsables materiales de los ataques: N.J.J.C. (\u201cChico Bala\u201d), J.A.S.S. (\u201cChuy\u201d), B.A.C.S. (\u201cPapaya\u201d) y C.E.B.C. (\u201cCachorro\u201d). Fueron puestos a disposici\u00f3n del Ministerio P\u00fablico para iniciar proceso penal.<\/p>\n\n\n\n<p>Se presume que estos ataques forman parte de las acciones de una c\u00e9lula vinculada al apodado \u201cComandante Cromo\u201d, acusado de generar violencia sistem\u00e1tica en la regi\u00f3n. Adem\u00e1s de incendios, los detenidos estar\u00edan implicados en amenazas telef\u00f3nicas por cobro de piso dirigidas a comerciantes y sectores sociales, tanto en Juchit\u00e1n como en municipios cercanos.<\/p>\n\n\n\n<figure class=\"wp-block-image size-large\"><img fetchpriority=\"high\" decoding=\"async\" width=\"768\" height=\"1024\" src=\"https:\/\/contextoanalisisperiodistico.com\/wp-content\/uploads\/2025\/06\/img-20250618-wa02325475745482819189456-768x1024.jpg\" alt=\"\" class=\"wp-image-42805\" srcset=\"https:\/\/contextoanalisisperiodistico.com\/wp-content\/uploads\/2025\/06\/img-20250618-wa02325475745482819189456-768x1024.jpg 768w, https:\/\/contextoanalisisperiodistico.com\/wp-content\/uploads\/2025\/06\/img-20250618-wa02325475745482819189456-225x300.jpg 225w, https:\/\/contextoanalisisperiodistico.com\/wp-content\/uploads\/2025\/06\/img-20250618-wa02325475745482819189456-1152x1536.jpg 1152w, https:\/\/contextoanalisisperiodistico.com\/wp-content\/uploads\/2025\/06\/img-20250618-wa02325475745482819189456-1024x1365.jpg 1024w, https:\/\/contextoanalisisperiodistico.com\/wp-content\/uploads\/2025\/06\/img-20250618-wa02325475745482819189456.jpg 1200w\" sizes=\"(max-width: 768px) 100vw, 768px\" \/><\/figure>\n\n\n\n<figure class=\"wp-block-image\"><img decoding=\"async\" width=\"222\" height=\"300\" src=\"https:\/\/contextoanalisisperiodistico.com\/wp-content\/uploads\/2025\/06\/img-20250618-wa02345483137829672677642-222x300.jpg\" alt=\"\" class=\"wp-image-42804\" srcset=\"https:\/\/contextoanalisisperiodistico.com\/wp-content\/uploads\/2025\/06\/img-20250618-wa02345483137829672677642-222x300.jpg 222w, https:\/\/contextoanalisisperiodistico.com\/wp-content\/uploads\/2025\/06\/img-20250618-wa02345483137829672677642.jpg 720w\" sizes=\"(max-width: 222px) 100vw, 222px\" \/><\/figure>\n\n\n\n<figure class=\"wp-block-image\"><img decoding=\"async\" width=\"221\" height=\"300\" src=\"https:\/\/contextoanalisisperiodistico.com\/wp-content\/uploads\/2025\/06\/img-20250618-wa02337778097957564886886-221x300.jpg\" alt=\"\" class=\"wp-image-42803\" srcset=\"https:\/\/contextoanalisisperiodistico.com\/wp-content\/uploads\/2025\/06\/img-20250618-wa02337778097957564886886-221x300.jpg 221w, https:\/\/contextoanalisisperiodistico.com\/wp-content\/uploads\/2025\/06\/img-20250618-wa02337778097957564886886.jpg 557w\" sizes=\"(max-width: 221px) 100vw, 221px\" \/><\/figure>\n\n\n\n<figure class=\"wp-block-image\"><img loading=\"lazy\" decoding=\"async\" width=\"768\" height=\"1024\" src=\"https:\/\/contextoanalisisperiodistico.com\/wp-content\/uploads\/2025\/06\/img-20250618-wa02351410715887049216708-768x1024.jpg\" alt=\"\" class=\"wp-image-42806\" srcset=\"https:\/\/contextoanalisisperiodistico.com\/wp-content\/uploads\/2025\/06\/img-20250618-wa02351410715887049216708-768x1024.jpg 768w, https:\/\/contextoanalisisperiodistico.com\/wp-content\/uploads\/2025\/06\/img-20250618-wa02351410715887049216708-225x300.jpg 225w, https:\/\/contextoanalisisperiodistico.com\/wp-content\/uploads\/2025\/06\/img-20250618-wa02351410715887049216708-1152x1536.jpg 1152w, https:\/\/contextoanalisisperiodistico.com\/wp-content\/uploads\/2025\/06\/img-20250618-wa02351410715887049216708-1024x1365.jpg 1024w, https:\/\/contextoanalisisperiodistico.com\/wp-content\/uploads\/2025\/06\/img-20250618-wa02351410715887049216708.jpg 1200w\" sizes=\"(max-width: 768px) 100vw, 768px\" \/><\/figure>\n\n\n\n<p><br>Los operativos combinados entre agencias estatales, la Defensa Nacional, Marina, Guardia Nacional y Seguridad P\u00fablica representan una respuesta coordinada frente a la impunidad.<\/p>\n\n\n\n<p>No obstante, expertos coinciden en que la violencia criminal en Juchit\u00e1n no se erradica con detenciones aisladas, sino con una estrategia integral que incluya prevenci\u00f3n, justicia pronta y mejores condiciones para la comunidad.<\/p>\n\n\n\n<p><br>Si bien la captura de los presuntos responsables de los incendios y amenazas es un paso, la sociedad oaxaque\u00f1a en general y juchiteca en particular, exige transparencia en las investigaciones, procesos judiciales efectivos y medidas de reparaci\u00f3n para las v\u00edctimas. Particularmente, los comerciantes afectados que perdieron mercanc\u00eda y sufrieron da\u00f1os estructurales.<\/p>\n\n\n\n<p>Finalmente, este caso resalta que la violencia organizada en el Istmo sigue operando con t\u00e1cticas de intimidaci\u00f3n econ\u00f3mica y social. La ciudadan\u00eda, por su parte, observa con atenci\u00f3n si los mecanismos de justicia y seguridad alcanzan a desarticular estas redes y proteger a la comunidad.<\/p>\n\n\n\n<p><\/p>\n","protected":false},"excerpt":{"rendered":"<p>Resultados del reforzamiento de la Operaci\u00f3n Sable, llevada a cabo este mi\u00e9rcoles 18 de junio&#8230;<\/p>\n","protected":false},"author":4,"featured_media":42802,"comment_status":"","ping_status":"open","sticky":false,"template":"","format":"standard","meta":{"footnotes":""},"categories":[10],"tags":[],"jetpack_sharing_enabled":true,"featured_image_urls":{"full":["https:\/\/contextoanalisisperiodistico.com\/wp-content\/uploads\/2025\/06\/IMG_20250618_202037.jpg",492,259,false],"thumbnail":["https:\/\/contextoanalisisperiodistico.com\/wp-content\/uploads\/2025\/06\/IMG_20250618_202037-150x150.jpg",150,150,true],"medium":["https:\/\/contextoanalisisperiodistico.com\/wp-content\/uploads\/2025\/06\/IMG_20250618_202037-300x158.jpg",300,158,true],"medium_large":["https:\/\/contextoanalisisperiodistico.com\/wp-content\/uploads\/2025\/06\/IMG_20250618_202037.jpg",492,259,false],"large":["https:\/\/contextoanalisisperiodistico.com\/wp-content\/uploads\/2025\/06\/IMG_20250618_202037.jpg",492,259,false],"1536x1536":["https:\/\/contextoanalisisperiodistico.com\/wp-content\/uploads\/2025\/06\/IMG_20250618_202037.jpg",492,259,false],"2048x2048":["https:\/\/contextoanalisisperiodistico.com\/wp-content\/uploads\/2025\/06\/IMG_20250618_202037.jpg",492,259,false],"covernews-slider-full":["https:\/\/contextoanalisisperiodistico.com\/wp-content\/uploads\/2025\/06\/IMG_20250618_202037.jpg",492,259,false],"covernews-slider-center":["https:\/\/contextoanalisisperiodistico.com\/wp-content\/uploads\/2025\/06\/IMG_20250618_202037.jpg",492,259,false],"covernews-featured":["https:\/\/contextoanalisisperiodistico.com\/wp-content\/uploads\/2025\/06\/IMG_20250618_202037.jpg",492,259,false],"covernews-medium":["https:\/\/contextoanalisisperiodistico.com\/wp-content\/uploads\/2025\/06\/IMG_20250618_202037.jpg",492,259,false],"covernews-medium-square":["https:\/\/contextoanalisisperiodistico.com\/wp-content\/uploads\/2025\/06\/IMG_20250618_202037-400x250.jpg",400,250,true]},"author_info":{"display_name":"Mario Gir\u00f3n","author_link":"https:\/\/contextoanalisisperiodistico.com\/index.php\/author\/director\/"},"category_info":"<a href=\"https:\/\/contextoanalisisperiodistico.com\/index.php\/category\/seguridad\/\" rel=\"category tag\">Seguridad<\/a>","tag_info":"Seguridad","comment_count":"0","jetpack_featured_media_url":"https:\/\/contextoanalisisperiodistico.com\/wp-content\/uploads\/2025\/06\/IMG_20250618_202037.jpg","_links":{"self":[{"href":"https:\/\/contextoanalisisperiodistico.com\/index.php\/wp-json\/wp\/v2\/posts\/42807"}],"collection":[{"href":"https:\/\/contextoanalisisperiodistico.com\/index.php\/wp-json\/wp\/v2\/posts"}],"about":[{"href":"https:\/\/contextoanalisisperiodistico.com\/index.php\/wp-json\/wp\/v2\/types\/post"}],"author":[{"embeddable":true,"href":"https:\/\/contextoanalisisperiodistico.com\/index.php\/wp-json\/wp\/v2\/users\/4"}],"replies":[{"embeddable":true,"href":"https:\/\/contextoanalisisperiodistico.com\/index.php\/wp-json\/wp\/v2\/comments?post=42807"}],"version-history":[{"count":0,"href":"https:\/\/contextoanalisisperiodistico.com\/index.php\/wp-json\/wp\/v2\/posts\/42807\/revisions"}],"wp:featuredmedia":[{"embeddable":true,"href":"https:\/\/contextoanalisisperiodistico.com\/index.php\/wp-json\/wp\/v2\/media\/42802"}],"wp:attachment":[{"href":"https:\/\/contextoanalisisperiodistico.com\/index.php\/wp-json\/wp\/v2\/media?parent=42807"}],"wp:term":[{"taxonomy":"category","embeddable":true,"href":"https:\/\/contextoanalisisperiodistico.com\/index.php\/wp-json\/wp\/v2\/categories?post=42807"},{"taxonomy":"post_tag","embeddable":true,"href":"https:\/\/contextoanalisisperiodistico.com\/index.php\/wp-json\/wp\/v2\/tags?post=42807"}],"curies":[{"name":"wp","href":"https:\/\/api.w.org\/{rel}","templated":true}]}}