{"id":42801,"date":"2025-06-18T16:34:22","date_gmt":"2025-06-18T22:34:22","guid":{"rendered":"https:\/\/contextoanalisisperiodistico.com\/index.php\/2025\/06\/18\/policia-municipal-detiene-a-dos-personas-por-el-presunto-delito-contra-la-salud\/"},"modified":"2025-06-18T16:34:22","modified_gmt":"2025-06-18T22:34:22","slug":"policia-municipal-detiene-a-dos-personas-por-el-presunto-delito-contra-la-salud","status":"publish","type":"post","link":"https:\/\/contextoanalisisperiodistico.com\/index.php\/2025\/06\/18\/policia-municipal-detiene-a-dos-personas-por-el-presunto-delito-contra-la-salud\/","title":{"rendered":"Polic\u00eda Municipal detiene a dos personas por el presunto delito contra la salud"},"content":{"rendered":"<div id=\"fb-root\"><\/div>\n\n<p>Oaxaca de Ju\u00e1rez, Oax., 18 de junio de 2025.- Como parte de las acciones emprendidas por el Gobierno de Oaxaca de Ju\u00e1rez para garantizar la seguridad en el Mercado de Abasto, fueron detenidas dos personas como presuntas responsables del delito contra la salud.<\/p>\n\n\n\n<figure class=\"wp-block-image size-large\"><img fetchpriority=\"high\" decoding=\"async\" width=\"486\" height=\"502\" src=\"https:\/\/contextoanalisisperiodistico.com\/wp-content\/uploads\/2025\/06\/img-20250618-wa01734777799420931420605.jpg\" alt=\"\" class=\"wp-image-42799\" srcset=\"https:\/\/contextoanalisisperiodistico.com\/wp-content\/uploads\/2025\/06\/img-20250618-wa01734777799420931420605.jpg 486w, https:\/\/contextoanalisisperiodistico.com\/wp-content\/uploads\/2025\/06\/img-20250618-wa01734777799420931420605-290x300.jpg 290w\" sizes=\"(max-width: 486px) 100vw, 486px\" \/><\/figure>\n\n\n\n<figure class=\"wp-block-image\"><img decoding=\"async\" width=\"300\" height=\"208\" src=\"https:\/\/contextoanalisisperiodistico.com\/wp-content\/uploads\/2025\/06\/img-20250618-wa01758845970585244858879-300x208.jpg\" alt=\"\" class=\"wp-image-42800\" srcset=\"https:\/\/contextoanalisisperiodistico.com\/wp-content\/uploads\/2025\/06\/img-20250618-wa01758845970585244858879-300x208.jpg 300w, https:\/\/contextoanalisisperiodistico.com\/wp-content\/uploads\/2025\/06\/img-20250618-wa01758845970585244858879-768x532.jpg 768w, https:\/\/contextoanalisisperiodistico.com\/wp-content\/uploads\/2025\/06\/img-20250618-wa01758845970585244858879.jpg 912w\" sizes=\"(max-width: 300px) 100vw, 300px\" \/><\/figure>\n\n\n\n<p>El martes a las 17:00 horas, elementos de Proximidad Social de la Secretar\u00eda de Seguridad Vecinal en coordinaci\u00f3n con personal de la Polic\u00eda Auxiliar, Bancaria, Industrial y Comercial (PABIC) realizaban un operativo de prevenci\u00f3n, disuasi\u00f3n y vigilancia en dicho centro comercial.<\/p>\n\n\n\n<p>En ese momento, una persona de g\u00e9nero femenino los alert\u00f3 sobre una mujer que presuntamente vend\u00eda droga en el pasillo del M\u00f3dulo L, por lo cual se dirigieron al lugar.<\/p>\n\n\n\n<p>Ah\u00ed, sorprendieron a la mujer cuando entregaba un objeto en la mano a un masculino y al notar su presencia, el sujeto lo arroj\u00f3 al suelo, observando que se trataba de una bolsita tipo ziploc, color azul, la cual conten\u00eda una sustancia granulada, similar a la droga conocida como cristal.<\/p>\n\n\n\n<p>El masculino dijo llamarse Carlos M. S., de 24 a\u00f1os de edad, quien acept\u00f3 la inspecci\u00f3n a su persona y en la bolsa delantera derecha de la sudadera que portaba, le hallaron otras dos bolsitas con una sustancia similar, por lo cual fue detenido.<\/p>\n\n\n\n<p>En tanto a la mujer le aseguraron, en la bolsa de su sudadera, un monedero que conten\u00eda otras 4 bolistas tipo ziploc, color azul, as\u00ed como otros 8 peque\u00f1os envoltorios con una sustancia color negro, con caracter\u00edsticas similares a la droga conocida como hero\u00edna, adem\u00e1s de varios billetes, que dieron un total de mil 600 pesos.<\/p>\n\n\n\n<p>La mujer dijo llamarse Rebeca R. M., de 30 a\u00f1os de edad, quien junto con el otro sujeto y la droga asegurada, quedaron a disposici\u00f3n de la autoridad ministerial competente para determinar su situaci\u00f3n jur\u00eddica.<\/p>\n\n\n\n<p>Con estas acciones, la Secretar\u00eda de Seguridad Vecinal da cumplimiento a la disposici\u00f3n del presidente Ray Chagoya de trabajar en coordinaci\u00f3n con las instancias del gobierno estatal y federal para garantizar la seguridad p\u00fablica de los habitantes de Oaxaca de Ju\u00e1rez.<\/p>\n","protected":false},"excerpt":{"rendered":"<p>Oaxaca de Ju\u00e1rez, Oax., 18 de junio de 2025.- Como parte de las acciones emprendidas&#8230;<\/p>\n","protected":false},"author":4,"featured_media":42798,"comment_status":"","ping_status":"open","sticky":false,"template":"","format":"standard","meta":{"footnotes":""},"categories":[10],"tags":[178,235,234,45],"jetpack_sharing_enabled":true,"featured_image_urls":{"full":["https:\/\/contextoanalisisperiodistico.com\/wp-content\/uploads\/2025\/06\/IMG-20250618-WA0174.jpg",456,505,false],"thumbnail":["https:\/\/contextoanalisisperiodistico.com\/wp-content\/uploads\/2025\/06\/IMG-20250618-WA0174-150x150.jpg",150,150,true],"medium":["https:\/\/contextoanalisisperiodistico.com\/wp-content\/uploads\/2025\/06\/IMG-20250618-WA0174-271x300.jpg",271,300,true],"medium_large":["https:\/\/contextoanalisisperiodistico.com\/wp-content\/uploads\/2025\/06\/IMG-20250618-WA0174.jpg",456,505,false],"large":["https:\/\/contextoanalisisperiodistico.com\/wp-content\/uploads\/2025\/06\/IMG-20250618-WA0174.jpg",456,505,false],"1536x1536":["https:\/\/contextoanalisisperiodistico.com\/wp-content\/uploads\/2025\/06\/IMG-20250618-WA0174.jpg",456,505,false],"2048x2048":["https:\/\/contextoanalisisperiodistico.com\/wp-content\/uploads\/2025\/06\/IMG-20250618-WA0174.jpg",456,505,false],"covernews-slider-full":["https:\/\/contextoanalisisperiodistico.com\/wp-content\/uploads\/2025\/06\/IMG-20250618-WA0174.jpg",456,505,false],"covernews-slider-center":["https:\/\/contextoanalisisperiodistico.com\/wp-content\/uploads\/2025\/06\/IMG-20250618-WA0174-456x500.jpg",456,500,true],"covernews-featured":["https:\/\/contextoanalisisperiodistico.com\/wp-content\/uploads\/2025\/06\/IMG-20250618-WA0174.jpg",456,505,false],"covernews-medium":["https:\/\/contextoanalisisperiodistico.com\/wp-content\/uploads\/2025\/06\/IMG-20250618-WA0174-456x340.jpg",456,340,true],"covernews-medium-square":["https:\/\/contextoanalisisperiodistico.com\/wp-content\/uploads\/2025\/06\/IMG-20250618-WA0174-400x250.jpg",400,250,true]},"author_info":{"display_name":"Mario Gir\u00f3n","author_link":"https:\/\/contextoanalisisperiodistico.com\/index.php\/author\/director\/"},"category_info":"<a href=\"https:\/\/contextoanalisisperiodistico.com\/index.php\/category\/seguridad\/\" rel=\"category tag\">Seguridad<\/a>","tag_info":"Seguridad","comment_count":"0","jetpack_featured_media_url":"https:\/\/contextoanalisisperiodistico.com\/wp-content\/uploads\/2025\/06\/IMG-20250618-WA0174.jpg","_links":{"self":[{"href":"https:\/\/contextoanalisisperiodistico.com\/index.php\/wp-json\/wp\/v2\/posts\/42801"}],"collection":[{"href":"https:\/\/contextoanalisisperiodistico.com\/index.php\/wp-json\/wp\/v2\/posts"}],"about":[{"href":"https:\/\/contextoanalisisperiodistico.com\/index.php\/wp-json\/wp\/v2\/types\/post"}],"author":[{"embeddable":true,"href":"https:\/\/contextoanalisisperiodistico.com\/index.php\/wp-json\/wp\/v2\/users\/4"}],"replies":[{"embeddable":true,"href":"https:\/\/contextoanalisisperiodistico.com\/index.php\/wp-json\/wp\/v2\/comments?post=42801"}],"version-history":[{"count":0,"href":"https:\/\/contextoanalisisperiodistico.com\/index.php\/wp-json\/wp\/v2\/posts\/42801\/revisions"}],"wp:featuredmedia":[{"embeddable":true,"href":"https:\/\/contextoanalisisperiodistico.com\/index.php\/wp-json\/wp\/v2\/media\/42798"}],"wp:attachment":[{"href":"https:\/\/contextoanalisisperiodistico.com\/index.php\/wp-json\/wp\/v2\/media?parent=42801"}],"wp:term":[{"taxonomy":"category","embeddable":true,"href":"https:\/\/contextoanalisisperiodistico.com\/index.php\/wp-json\/wp\/v2\/categories?post=42801"},{"taxonomy":"post_tag","embeddable":true,"href":"https:\/\/contextoanalisisperiodistico.com\/index.php\/wp-json\/wp\/v2\/tags?post=42801"}],"curies":[{"name":"wp","href":"https:\/\/api.w.org\/{rel}","templated":true}]}}