{"id":42786,"date":"2025-06-18T13:31:10","date_gmt":"2025-06-18T19:31:10","guid":{"rendered":"https:\/\/contextoanalisisperiodistico.com\/index.php\/2025\/06\/18\/emite-sso-recomendaciones-preventivas-ante-huracan-erick\/"},"modified":"2025-06-18T13:31:10","modified_gmt":"2025-06-18T19:31:10","slug":"emite-sso-recomendaciones-preventivas-ante-huracan-erick","status":"publish","type":"post","link":"https:\/\/contextoanalisisperiodistico.com\/index.php\/2025\/06\/18\/emite-sso-recomendaciones-preventivas-ante-huracan-erick\/","title":{"rendered":"Emite SSO recomendaciones preventivas ante hurac\u00e1n Erick"},"content":{"rendered":"<div id=\"fb-root\"><\/div>\n\n<p>\u2022 La salud y seguridad de la poblaci\u00f3n son prioridad ante la presencia de fen\u00f3menos naturales<\/p>\n\n\n\n<figure class=\"wp-block-image size-large\"><img fetchpriority=\"high\" decoding=\"async\" width=\"1024\" height=\"576\" src=\"https:\/\/contextoanalisisperiodistico.com\/wp-content\/uploads\/2025\/06\/img-20250618-wa01392639412673502050061-1024x576.jpg\" alt=\"\" class=\"wp-image-42785\" srcset=\"https:\/\/contextoanalisisperiodistico.com\/wp-content\/uploads\/2025\/06\/img-20250618-wa01392639412673502050061-1024x576.jpg 1024w, https:\/\/contextoanalisisperiodistico.com\/wp-content\/uploads\/2025\/06\/img-20250618-wa01392639412673502050061-300x169.jpg 300w, https:\/\/contextoanalisisperiodistico.com\/wp-content\/uploads\/2025\/06\/img-20250618-wa01392639412673502050061-768x432.jpg 768w, https:\/\/contextoanalisisperiodistico.com\/wp-content\/uploads\/2025\/06\/img-20250618-wa01392639412673502050061-1536x864.jpg 1536w, https:\/\/contextoanalisisperiodistico.com\/wp-content\/uploads\/2025\/06\/img-20250618-wa01392639412673502050061.jpg 1600w\" sizes=\"(max-width: 1024px) 100vw, 1024px\" \/><\/figure>\n\n\n\n<p>Oaxaca de Ju\u00e1rez, Oax. 18 de junio de 2025.- Ante la evoluci\u00f3n de la tormenta tropical Erick a hurac\u00e1n categor\u00eda 2, Servicios de Salud de Oaxaca (SSO) emiti\u00f3 un llamado urgente a la poblaci\u00f3n para reforzar las medidas de prevenci\u00f3n sanitaria y proteger su integridad f\u00edsica.<\/p>\n\n\n\n<p>La dependencia recomend\u00f3 permanecer en lugares seguros, evitar traslados innecesarios y ubicar previamente los refugios temporales cercanos. Asimismo, pidi\u00f3 a la ciudadan\u00eda mantener medidas estrictas de higiene personal y del hogar para evitar brotes de enfermedades, principalmente en zonas afectadas por inundaciones.<\/p>\n\n\n\n<p>Entre las principales recomendaciones sanitarias destacan: Lavarse las manos con agua limpia y jab\u00f3n durante al menos 40 segundos, especialmente antes de preparar alimentos; en caso de que la vivienda se inunde, limpiar pisos, paredes y utensilios con agua y jab\u00f3n antes de volver a utilizarlos; evitar el consumo de alimentos que hayan estado en contacto con el agua de la inundaci\u00f3n.<\/p>\n\n\n\n<p>Almacenar comida enlatada o sellada en lugares altos y secos; si se presentan animales muertos, enterrarlos lejos de las viviendas y fuentes de agua, cubri\u00e9ndolos con cal; desinfectar y tapar los dep\u00f3sitos de agua, para evitar su contaminaci\u00f3n y la proliferaci\u00f3n de mosquitos transmisores de enfermedades.<\/p>\n\n\n\n<p>Adem\u00e1s, aconseja verificar instalaciones el\u00e9ctricas y de gas, tener a la mano un botiqu\u00edn de primeros auxilios, documentos importantes protegidos, y una mochila de emergencia con v\u00edveres b\u00e1sicos, l\u00e1mpara, radio y medicamentos.<\/p>\n\n\n\n<p>El secretario de Salud, Efr\u00e9n Emmanuel Jarqu\u00edn Gonz\u00e1lez, reiter\u00f3 que SSO, en coordinaci\u00f3n con IMSS-Bienestar, se mantiene en alerta permanente y cuentan con brigadas m\u00e9dicas listas para atender cualquier emergencia. Asimismo, hizo un llamado a la poblaci\u00f3n a no automedicarse y acudir a la unidad m\u00e9dica m\u00e1s cercana en caso de presentar s\u00edntomas tras inundaciones.<\/p>\n\n\n\n<p>Finalmente, pidi\u00f3 a la poblaci\u00f3n estar atenta y seguir la informaci\u00f3n oficial emitida por las autoridades federales, estatales, municipales y de Protecci\u00f3n Civil, a fin de evitar la desinformaci\u00f3n y actuar con responsabilidad.<\/p>\n\n\n\n<p>-0-<\/p>\n","protected":false},"excerpt":{"rendered":"<p>\u2022 La salud y seguridad de la poblaci\u00f3n son prioridad ante la presencia de fen\u00f3menos&#8230;<\/p>\n","protected":false},"author":4,"featured_media":42784,"comment_status":"","ping_status":"open","sticky":false,"template":"","format":"standard","meta":{"footnotes":""},"categories":[92],"tags":[],"jetpack_sharing_enabled":true,"featured_image_urls":{"full":["https:\/\/contextoanalisisperiodistico.com\/wp-content\/uploads\/2025\/06\/IMG-20250618-WA0138.jpg",900,1600,false],"thumbnail":["https:\/\/contextoanalisisperiodistico.com\/wp-content\/uploads\/2025\/06\/IMG-20250618-WA0138-150x150.jpg",150,150,true],"medium":["https:\/\/contextoanalisisperiodistico.com\/wp-content\/uploads\/2025\/06\/IMG-20250618-WA0138-169x300.jpg",169,300,true],"medium_large":["https:\/\/contextoanalisisperiodistico.com\/wp-content\/uploads\/2025\/06\/IMG-20250618-WA0138-768x1365.jpg",640,1138,true],"large":["https:\/\/contextoanalisisperiodistico.com\/wp-content\/uploads\/2025\/06\/IMG-20250618-WA0138-576x1024.jpg",576,1024,true],"1536x1536":["https:\/\/contextoanalisisperiodistico.com\/wp-content\/uploads\/2025\/06\/IMG-20250618-WA0138-864x1536.jpg",864,1536,true],"2048x2048":["https:\/\/contextoanalisisperiodistico.com\/wp-content\/uploads\/2025\/06\/IMG-20250618-WA0138.jpg",900,1600,false],"covernews-slider-full":["https:\/\/contextoanalisisperiodistico.com\/wp-content\/uploads\/2025\/06\/IMG-20250618-WA0138-900x715.jpg",900,715,true],"covernews-slider-center":["https:\/\/contextoanalisisperiodistico.com\/wp-content\/uploads\/2025\/06\/IMG-20250618-WA0138-800x500.jpg",800,500,true],"covernews-featured":["https:\/\/contextoanalisisperiodistico.com\/wp-content\/uploads\/2025\/06\/IMG-20250618-WA0138.jpg",900,1600,false],"covernews-medium":["https:\/\/contextoanalisisperiodistico.com\/wp-content\/uploads\/2025\/06\/IMG-20250618-WA0138-540x340.jpg",540,340,true],"covernews-medium-square":["https:\/\/contextoanalisisperiodistico.com\/wp-content\/uploads\/2025\/06\/IMG-20250618-WA0138-400x250.jpg",400,250,true]},"author_info":{"display_name":"Mario Gir\u00f3n","author_link":"https:\/\/contextoanalisisperiodistico.com\/index.php\/author\/director\/"},"category_info":"<a href=\"https:\/\/contextoanalisisperiodistico.com\/index.php\/category\/salud\/\" rel=\"category tag\">Salud<\/a>","tag_info":"Salud","comment_count":"0","jetpack_featured_media_url":"https:\/\/contextoanalisisperiodistico.com\/wp-content\/uploads\/2025\/06\/IMG-20250618-WA0138.jpg","_links":{"self":[{"href":"https:\/\/contextoanalisisperiodistico.com\/index.php\/wp-json\/wp\/v2\/posts\/42786"}],"collection":[{"href":"https:\/\/contextoanalisisperiodistico.com\/index.php\/wp-json\/wp\/v2\/posts"}],"about":[{"href":"https:\/\/contextoanalisisperiodistico.com\/index.php\/wp-json\/wp\/v2\/types\/post"}],"author":[{"embeddable":true,"href":"https:\/\/contextoanalisisperiodistico.com\/index.php\/wp-json\/wp\/v2\/users\/4"}],"replies":[{"embeddable":true,"href":"https:\/\/contextoanalisisperiodistico.com\/index.php\/wp-json\/wp\/v2\/comments?post=42786"}],"version-history":[{"count":0,"href":"https:\/\/contextoanalisisperiodistico.com\/index.php\/wp-json\/wp\/v2\/posts\/42786\/revisions"}],"wp:featuredmedia":[{"embeddable":true,"href":"https:\/\/contextoanalisisperiodistico.com\/index.php\/wp-json\/wp\/v2\/media\/42784"}],"wp:attachment":[{"href":"https:\/\/contextoanalisisperiodistico.com\/index.php\/wp-json\/wp\/v2\/media?parent=42786"}],"wp:term":[{"taxonomy":"category","embeddable":true,"href":"https:\/\/contextoanalisisperiodistico.com\/index.php\/wp-json\/wp\/v2\/categories?post=42786"},{"taxonomy":"post_tag","embeddable":true,"href":"https:\/\/contextoanalisisperiodistico.com\/index.php\/wp-json\/wp\/v2\/tags?post=42786"}],"curies":[{"name":"wp","href":"https:\/\/api.w.org\/{rel}","templated":true}]}}