{"id":42783,"date":"2025-06-18T13:24:30","date_gmt":"2025-06-18T19:24:30","guid":{"rendered":"https:\/\/contextoanalisisperiodistico.com\/index.php\/2025\/06\/18\/huracan-erick-se-intensifica-a-categoria-2-frente-a-las-costas-de-oaxaca\/"},"modified":"2025-06-18T13:24:30","modified_gmt":"2025-06-18T19:24:30","slug":"huracan-erick-se-intensifica-a-categoria-2-frente-a-las-costas-de-oaxaca","status":"publish","type":"post","link":"https:\/\/contextoanalisisperiodistico.com\/index.php\/2025\/06\/18\/huracan-erick-se-intensifica-a-categoria-2-frente-a-las-costas-de-oaxaca\/","title":{"rendered":"Hurac\u00e1n Erick se intensifica a categor\u00eda 2 frente a las costas de Oaxaca"},"content":{"rendered":"<div id=\"fb-root\"><\/div>\n\n<p>\u2022 De continuar con su trayectoria y fuerza, se espera que impacte durante la ma\u00f1ana del jueves 19 de junio como un hurac\u00e1n categor\u00eda 3, en la regi\u00f3n lim\u00edtrofe entre Oaxaca y Guerrero<\/p>\n\n\n\n<figure class=\"wp-block-image size-large\"><img fetchpriority=\"high\" decoding=\"async\" width=\"1024\" height=\"580\" src=\"https:\/\/contextoanalisisperiodistico.com\/wp-content\/uploads\/2025\/06\/img-20250618-wa01342832826592831918562-1024x580.jpg\" alt=\"\" class=\"wp-image-42782\" srcset=\"https:\/\/contextoanalisisperiodistico.com\/wp-content\/uploads\/2025\/06\/img-20250618-wa01342832826592831918562-1024x580.jpg 1024w, https:\/\/contextoanalisisperiodistico.com\/wp-content\/uploads\/2025\/06\/img-20250618-wa01342832826592831918562-300x170.jpg 300w, https:\/\/contextoanalisisperiodistico.com\/wp-content\/uploads\/2025\/06\/img-20250618-wa01342832826592831918562-768x435.jpg 768w, https:\/\/contextoanalisisperiodistico.com\/wp-content\/uploads\/2025\/06\/img-20250618-wa01342832826592831918562.jpg 1099w\" sizes=\"(max-width: 1024px) 100vw, 1024px\" \/><\/figure>\n\n\n\n<p>Oaxaca de Ju\u00e1rez, Oax. 18 de junio de 2025.- El Consejo Estatal de Protecci\u00f3n Civil informa que el hurac\u00e1n Erick se ha intensificado a categor\u00eda 2 en la escala Saffir-Simpson, y contin\u00faa desplaz\u00e1ndose hacia el noroeste, con rumbo hacia las costas de Oaxaca y Guerrero.<\/p>\n\n\n\n<p>A las 12:00 horas, este fen\u00f3meno se encontraba en el Oc\u00e9ano Pac\u00edfico a 165 kil\u00f3metros (km) al sur de Puerto \u00c1ngel, Oaxaca; con direcci\u00f3n hacia el noroeste a una velocidad de 15 kil\u00f3metros por hora (km\/h), con vientos sostenidos de 155 km\/h y rachas de hasta 195 km\/h.<\/p>\n\n\n\n<p>Su presi\u00f3n m\u00ednima central es de 971 hectopascales, lo que indica que el sistema contin\u00faa fortaleci\u00e9ndose y favorece su r\u00e1pida intensificaci\u00f3n, por lo que podr\u00eda convertirse en un hurac\u00e1n categor\u00eda 3 en las pr\u00f3ximas horas.<\/p>\n\n\n\n<p>Las bandas nubosas del hurac\u00e1n Erick seguir\u00e1n ocasionando lluvias extraordinarias de m\u00e1s de 250 mil\u00edmetros, especialmente en regiones monta\u00f1osas y zonas costeras, con potencial crecida de r\u00edos y arroyos, deslaves, encharcamientos e inundaciones en zonas bajas, vientos de 120 a 140 km\/h, con rachas de hasta 170 km\/h y oleaje elevado, entre 5 y 6 metros, con posible marea de tormenta de 1 a 2 metros.<\/p>\n\n\n\n<p>Se mantiene activa la zona de prevenci\u00f3n por efectos de hurac\u00e1n desde Puerto \u00c1ngel hasta Acapulco, Guerrero y la zona de prevenci\u00f3n por efectos de tormenta tropical desde el este de Puerto \u00c1ngel hasta Salina Cruz, Oaxaca.<\/p>\n\n\n\n<p>De continuar con su trayectoria y fuerza, se espera que Erick impacte durante la ma\u00f1ana del jueves 19 de junio como un hurac\u00e1n categor\u00eda 3, en la regi\u00f3n lim\u00edtrofe entre Oaxaca y Guerrero.<\/p>\n\n\n\n<p>Ante esto la Coordinaci\u00f3n Estatal de Protecci\u00f3n Civil y Gesti\u00f3n de Riesgos emite las siguientes recomendaciones a la poblaci\u00f3n:<\/p>\n\n\n\n<p>\u2022 Extremar precauciones en zonas costeras, de monta\u00f1a y \u00e1reas urbanas propensas a inundaci\u00f3n.<br \/>\u2022 No cruzar r\u00edos o arroyos crecidos.<br \/>\u2022 Evitar actividades en el mar y atender avisos a la navegaci\u00f3n mar\u00edtima.<br \/>\u2022 Mantenerse informada a trav\u00e9s de medios oficiales y seguir las indicaciones de Protecci\u00f3n Civil.<\/p>\n\n\n\n<p>La dependencia mantiene vigilancia permanente y trabaja de forma coordinada con los tres \u00f3rdenes de gobierno para salvaguardar la integridad de la poblaci\u00f3n oaxaque\u00f1a ante la evoluci\u00f3n de este fen\u00f3meno.<\/p>\n\n\n\n<p>-0-<\/p>\n","protected":false},"excerpt":{"rendered":"<p>\u2022 De continuar con su trayectoria y fuerza, se espera que impacte durante la ma\u00f1ana&#8230;<\/p>\n","protected":false},"author":4,"featured_media":42781,"comment_status":"","ping_status":"open","sticky":false,"template":"","format":"standard","meta":{"footnotes":""},"categories":[9],"tags":[],"jetpack_sharing_enabled":true,"featured_image_urls":{"full":["https:\/\/contextoanalisisperiodistico.com\/wp-content\/uploads\/2025\/06\/IMG-20250618-WA0133.jpg",1096,763,false],"thumbnail":["https:\/\/contextoanalisisperiodistico.com\/wp-content\/uploads\/2025\/06\/IMG-20250618-WA0133-150x150.jpg",150,150,true],"medium":["https:\/\/contextoanalisisperiodistico.com\/wp-content\/uploads\/2025\/06\/IMG-20250618-WA0133-300x209.jpg",300,209,true],"medium_large":["https:\/\/contextoanalisisperiodistico.com\/wp-content\/uploads\/2025\/06\/IMG-20250618-WA0133-768x535.jpg",640,446,true],"large":["https:\/\/contextoanalisisperiodistico.com\/wp-content\/uploads\/2025\/06\/IMG-20250618-WA0133-1024x713.jpg",640,446,true],"1536x1536":["https:\/\/contextoanalisisperiodistico.com\/wp-content\/uploads\/2025\/06\/IMG-20250618-WA0133.jpg",1096,763,false],"2048x2048":["https:\/\/contextoanalisisperiodistico.com\/wp-content\/uploads\/2025\/06\/IMG-20250618-WA0133.jpg",1096,763,false],"covernews-slider-full":["https:\/\/contextoanalisisperiodistico.com\/wp-content\/uploads\/2025\/06\/IMG-20250618-WA0133-1096x715.jpg",1096,715,true],"covernews-slider-center":["https:\/\/contextoanalisisperiodistico.com\/wp-content\/uploads\/2025\/06\/IMG-20250618-WA0133-800x500.jpg",800,500,true],"covernews-featured":["https:\/\/contextoanalisisperiodistico.com\/wp-content\/uploads\/2025\/06\/IMG-20250618-WA0133-1024x713.jpg",1024,713,true],"covernews-medium":["https:\/\/contextoanalisisperiodistico.com\/wp-content\/uploads\/2025\/06\/IMG-20250618-WA0133-540x340.jpg",540,340,true],"covernews-medium-square":["https:\/\/contextoanalisisperiodistico.com\/wp-content\/uploads\/2025\/06\/IMG-20250618-WA0133-400x250.jpg",400,250,true]},"author_info":{"display_name":"Mario Gir\u00f3n","author_link":"https:\/\/contextoanalisisperiodistico.com\/index.php\/author\/director\/"},"category_info":"<a href=\"https:\/\/contextoanalisisperiodistico.com\/index.php\/category\/politica\/\" rel=\"category tag\">Pol\u00edtica<\/a>","tag_info":"Pol\u00edtica","comment_count":"0","jetpack_featured_media_url":"https:\/\/contextoanalisisperiodistico.com\/wp-content\/uploads\/2025\/06\/IMG-20250618-WA0133.jpg","_links":{"self":[{"href":"https:\/\/contextoanalisisperiodistico.com\/index.php\/wp-json\/wp\/v2\/posts\/42783"}],"collection":[{"href":"https:\/\/contextoanalisisperiodistico.com\/index.php\/wp-json\/wp\/v2\/posts"}],"about":[{"href":"https:\/\/contextoanalisisperiodistico.com\/index.php\/wp-json\/wp\/v2\/types\/post"}],"author":[{"embeddable":true,"href":"https:\/\/contextoanalisisperiodistico.com\/index.php\/wp-json\/wp\/v2\/users\/4"}],"replies":[{"embeddable":true,"href":"https:\/\/contextoanalisisperiodistico.com\/index.php\/wp-json\/wp\/v2\/comments?post=42783"}],"version-history":[{"count":0,"href":"https:\/\/contextoanalisisperiodistico.com\/index.php\/wp-json\/wp\/v2\/posts\/42783\/revisions"}],"wp:featuredmedia":[{"embeddable":true,"href":"https:\/\/contextoanalisisperiodistico.com\/index.php\/wp-json\/wp\/v2\/media\/42781"}],"wp:attachment":[{"href":"https:\/\/contextoanalisisperiodistico.com\/index.php\/wp-json\/wp\/v2\/media?parent=42783"}],"wp:term":[{"taxonomy":"category","embeddable":true,"href":"https:\/\/contextoanalisisperiodistico.com\/index.php\/wp-json\/wp\/v2\/categories?post=42783"},{"taxonomy":"post_tag","embeddable":true,"href":"https:\/\/contextoanalisisperiodistico.com\/index.php\/wp-json\/wp\/v2\/tags?post=42783"}],"curies":[{"name":"wp","href":"https:\/\/api.w.org\/{rel}","templated":true}]}}