{"id":42723,"date":"2025-06-16T18:35:35","date_gmt":"2025-06-17T00:35:35","guid":{"rendered":"https:\/\/contextoanalisisperiodistico.com\/index.php\/2025\/06\/16\/policia-municipal-detiene-a-persona-por-presunto-delito-de-robo\/"},"modified":"2025-06-16T18:36:47","modified_gmt":"2025-06-17T00:36:47","slug":"policia-municipal-detiene-a-persona-por-presunto-delito-de-robo","status":"publish","type":"post","link":"https:\/\/contextoanalisisperiodistico.com\/index.php\/2025\/06\/16\/policia-municipal-detiene-a-persona-por-presunto-delito-de-robo\/","title":{"rendered":"Polic\u00eda Municipal detiene a persona por presunto delito de robo"},"content":{"rendered":"<div id=\"fb-root\"><\/div>\n\n<p>Oaxaca de Ju\u00e1rez, Oax., 16 de junio de 2025.- Personal de la Secretar\u00eda de Seguridad Vecinal realiz\u00f3 la detenci\u00f3n de una persona al ser se\u00f1alada como presunta responsable del delito de robo.<\/p>\n\n\n\n<p>Este lunes a las 00:23 horas, elementos del Grupo Urbano de Fuerzas Especiales (GUFE) realizaban recorridos de prevenci\u00f3n, disuasi\u00f3n y vigilancia en el centro de la ciudad.<\/p>\n\n\n\n<p>Al circular en la calle Allende, observaron que un sujeto ten\u00eda derribada a una persona, la cual la despojaba de sus pertenencias.<\/p>\n\n\n\n<p>Al notar su presencia, el sujeto intent\u00f3 correr, pero fue detenido unos cinco metros adelante, observando que en la mano derecha portaba un celular marca iPhone.<\/p>\n\n\n\n<p>El ofendido identific\u00f3 el tel\u00e9fono como de su propiedad, as\u00ed como se\u00f1al\u00f3 al sujeto como quien lo sujet\u00f3 del cuello para derribarlo y despojarlo de su tel\u00e9fono.<\/p>\n\n\n\n<p>Ante el se\u00f1alamiento directo, procedieron a la detenci\u00f3n del presunto responsable, quien dijo llamarse Eduardo G. L., de 23 a\u00f1os de edad, mismo que qued\u00f3 a disposici\u00f3n de la Fiscal\u00eda General del Estado para determinar su situaci\u00f3n jur\u00eddica.<\/p>\n","protected":false},"excerpt":{"rendered":"<p>Oaxaca de Ju\u00e1rez, Oax., 16 de junio de 2025.- Personal de la Secretar\u00eda de Seguridad&#8230;<\/p>\n","protected":false},"author":4,"featured_media":42722,"comment_status":"closed","ping_status":"open","sticky":false,"template":"","format":"standard","meta":{"footnotes":""},"categories":[10],"tags":[178,235,234,45],"jetpack_sharing_enabled":true,"featured_image_urls":{"full":["https:\/\/contextoanalisisperiodistico.com\/wp-content\/uploads\/2025\/06\/IMG-20250616-WA0100.jpg",744,857,false],"thumbnail":["https:\/\/contextoanalisisperiodistico.com\/wp-content\/uploads\/2025\/06\/IMG-20250616-WA0100-150x150.jpg",150,150,true],"medium":["https:\/\/contextoanalisisperiodistico.com\/wp-content\/uploads\/2025\/06\/IMG-20250616-WA0100-260x300.jpg",260,300,true],"medium_large":["https:\/\/contextoanalisisperiodistico.com\/wp-content\/uploads\/2025\/06\/IMG-20250616-WA0100.jpg",640,737,false],"large":["https:\/\/contextoanalisisperiodistico.com\/wp-content\/uploads\/2025\/06\/IMG-20250616-WA0100.jpg",640,737,false],"1536x1536":["https:\/\/contextoanalisisperiodistico.com\/wp-content\/uploads\/2025\/06\/IMG-20250616-WA0100.jpg",744,857,false],"2048x2048":["https:\/\/contextoanalisisperiodistico.com\/wp-content\/uploads\/2025\/06\/IMG-20250616-WA0100.jpg",744,857,false],"covernews-slider-full":["https:\/\/contextoanalisisperiodistico.com\/wp-content\/uploads\/2025\/06\/IMG-20250616-WA0100-744x715.jpg",744,715,true],"covernews-slider-center":["https:\/\/contextoanalisisperiodistico.com\/wp-content\/uploads\/2025\/06\/IMG-20250616-WA0100-744x500.jpg",744,500,true],"covernews-featured":["https:\/\/contextoanalisisperiodistico.com\/wp-content\/uploads\/2025\/06\/IMG-20250616-WA0100.jpg",744,857,false],"covernews-medium":["https:\/\/contextoanalisisperiodistico.com\/wp-content\/uploads\/2025\/06\/IMG-20250616-WA0100-540x340.jpg",540,340,true],"covernews-medium-square":["https:\/\/contextoanalisisperiodistico.com\/wp-content\/uploads\/2025\/06\/IMG-20250616-WA0100-400x250.jpg",400,250,true]},"author_info":{"display_name":"Mario Gir\u00f3n","author_link":"https:\/\/contextoanalisisperiodistico.com\/index.php\/author\/director\/"},"category_info":"<a href=\"https:\/\/contextoanalisisperiodistico.com\/index.php\/category\/seguridad\/\" rel=\"category tag\">Seguridad<\/a>","tag_info":"Seguridad","comment_count":"0","jetpack_featured_media_url":"https:\/\/contextoanalisisperiodistico.com\/wp-content\/uploads\/2025\/06\/IMG-20250616-WA0100.jpg","_links":{"self":[{"href":"https:\/\/contextoanalisisperiodistico.com\/index.php\/wp-json\/wp\/v2\/posts\/42723"}],"collection":[{"href":"https:\/\/contextoanalisisperiodistico.com\/index.php\/wp-json\/wp\/v2\/posts"}],"about":[{"href":"https:\/\/contextoanalisisperiodistico.com\/index.php\/wp-json\/wp\/v2\/types\/post"}],"author":[{"embeddable":true,"href":"https:\/\/contextoanalisisperiodistico.com\/index.php\/wp-json\/wp\/v2\/users\/4"}],"replies":[{"embeddable":true,"href":"https:\/\/contextoanalisisperiodistico.com\/index.php\/wp-json\/wp\/v2\/comments?post=42723"}],"version-history":[{"count":1,"href":"https:\/\/contextoanalisisperiodistico.com\/index.php\/wp-json\/wp\/v2\/posts\/42723\/revisions"}],"predecessor-version":[{"id":42724,"href":"https:\/\/contextoanalisisperiodistico.com\/index.php\/wp-json\/wp\/v2\/posts\/42723\/revisions\/42724"}],"wp:featuredmedia":[{"embeddable":true,"href":"https:\/\/contextoanalisisperiodistico.com\/index.php\/wp-json\/wp\/v2\/media\/42722"}],"wp:attachment":[{"href":"https:\/\/contextoanalisisperiodistico.com\/index.php\/wp-json\/wp\/v2\/media?parent=42723"}],"wp:term":[{"taxonomy":"category","embeddable":true,"href":"https:\/\/contextoanalisisperiodistico.com\/index.php\/wp-json\/wp\/v2\/categories?post=42723"},{"taxonomy":"post_tag","embeddable":true,"href":"https:\/\/contextoanalisisperiodistico.com\/index.php\/wp-json\/wp\/v2\/tags?post=42723"}],"curies":[{"name":"wp","href":"https:\/\/api.w.org\/{rel}","templated":true}]}}