{"id":42720,"date":"2025-06-16T18:22:30","date_gmt":"2025-06-17T00:22:30","guid":{"rendered":"https:\/\/contextoanalisisperiodistico.com\/index.php\/2025\/06\/16\/continua-el-programa-de-descuentos-para-liberar-vehiculos-en-pensiones-municipales\/"},"modified":"2025-06-16T18:28:51","modified_gmt":"2025-06-17T00:28:51","slug":"continua-el-programa-de-descuentos-para-liberar-vehiculos-en-pensiones-municipales","status":"publish","type":"post","link":"https:\/\/contextoanalisisperiodistico.com\/index.php\/2025\/06\/16\/continua-el-programa-de-descuentos-para-liberar-vehiculos-en-pensiones-municipales\/","title":{"rendered":"Contin\u00faa el programa de descuentos para liberar veh\u00edculos en pensiones municipales"},"content":{"rendered":"<div id=\"fb-root\"><\/div>\n\n<ul class=\"wp-block-list\">\n<li>El Municipio de Oaxaca de Ju\u00e1rez otorga 90% en pensiones y condona recargos fiscales de 2020 a 2025<\/li>\n<\/ul>\n\n\n\n\n\n<figure class=\"wp-block-image size-large\"><img fetchpriority=\"high\" decoding=\"async\" width=\"819\" height=\"1024\" src=\"https:\/\/contextoanalisisperiodistico.com\/wp-content\/uploads\/2025\/06\/img-20250515-wa0121868320302373418179-819x1024.jpg\" alt=\"\" class=\"wp-image-42719\" srcset=\"https:\/\/contextoanalisisperiodistico.com\/wp-content\/uploads\/2025\/06\/img-20250515-wa0121868320302373418179-819x1024.jpg 819w, https:\/\/contextoanalisisperiodistico.com\/wp-content\/uploads\/2025\/06\/img-20250515-wa0121868320302373418179-240x300.jpg 240w, https:\/\/contextoanalisisperiodistico.com\/wp-content\/uploads\/2025\/06\/img-20250515-wa0121868320302373418179-768x960.jpg 768w, https:\/\/contextoanalisisperiodistico.com\/wp-content\/uploads\/2025\/06\/img-20250515-wa0121868320302373418179.jpg 1024w\" sizes=\"(max-width: 819px) 100vw, 819px\" \/><\/figure>\n\n\n\n<p>Oaxaca de Ju\u00e1rez, Oax., 16 de junio de 2025.\u2013 Como parte de las acciones para facilitar la regularizaci\u00f3n vehicular en la ciudad, el Municipio de Oaxaca de Ju\u00e1rez mantiene vigente el programa de descuentos fiscales para la liberaci\u00f3n de veh\u00edculos retenidos en pensiones municipales.<\/p>\n\n\n\n<p>Esta medida estar\u00e1 disponible hasta el 31 de julio de 2025 y contempla los siguientes beneficios:<br \/>\u2022 90% de descuento en los conceptos de salvamento y estancia aplicables en los corralones municipales correspondientes a los a\u00f1os 2020, 2021, 2022, 2023, 2024 y 2025<br \/>\u2022 100% de condonaci\u00f3n de recargos fiscales generados por estos conceptos en los ejercicios fiscales 2020 a 2025<\/p>\n\n\n\n<p>El objetivo de esta estrategia es incentivar la regularizaci\u00f3n del parque vehicular, disminuir el rezago administrativo y contribuir a una movilidad urbana m\u00e1s segura y ordenada.<\/p>\n\n\n\n<p>El Ayuntamiento capitalino subraya que el cumplimiento de estas obligaciones no solo ayuda a las y los propietarios a recuperar su patrimonio, sino que tambi\u00e9n fortalece la seguridad p\u00fablica y mejora la convivencia en el espacio urbano.<\/p>\n\n\n\n<p>Para m\u00e1s informaci\u00f3n, las personas interesadas pueden acudir a las oficinas habilitadas o consultar los canales oficiales del gobierno municipal.<\/p>\n","protected":false},"excerpt":{"rendered":"<p>Oaxaca de Ju\u00e1rez, Oax., 16 de junio de 2025.\u2013 Como parte de las acciones para&#8230;<\/p>\n","protected":false},"author":4,"featured_media":42718,"comment_status":"closed","ping_status":"open","sticky":false,"template":"","format":"standard","meta":{"footnotes":""},"categories":[3],"tags":[178,235,234,45],"jetpack_sharing_enabled":true,"featured_image_urls":{"full":["https:\/\/contextoanalisisperiodistico.com\/wp-content\/uploads\/2025\/06\/IMG-20250616-WA0097.jpg",1080,1350,false],"thumbnail":["https:\/\/contextoanalisisperiodistico.com\/wp-content\/uploads\/2025\/06\/IMG-20250616-WA0097-150x150.jpg",150,150,true],"medium":["https:\/\/contextoanalisisperiodistico.com\/wp-content\/uploads\/2025\/06\/IMG-20250616-WA0097-240x300.jpg",240,300,true],"medium_large":["https:\/\/contextoanalisisperiodistico.com\/wp-content\/uploads\/2025\/06\/IMG-20250616-WA0097-768x960.jpg",640,800,true],"large":["https:\/\/contextoanalisisperiodistico.com\/wp-content\/uploads\/2025\/06\/IMG-20250616-WA0097-819x1024.jpg",640,800,true],"1536x1536":["https:\/\/contextoanalisisperiodistico.com\/wp-content\/uploads\/2025\/06\/IMG-20250616-WA0097.jpg",1080,1350,false],"2048x2048":["https:\/\/contextoanalisisperiodistico.com\/wp-content\/uploads\/2025\/06\/IMG-20250616-WA0097.jpg",1080,1350,false],"covernews-slider-full":["https:\/\/contextoanalisisperiodistico.com\/wp-content\/uploads\/2025\/06\/IMG-20250616-WA0097-1080x715.jpg",1080,715,true],"covernews-slider-center":["https:\/\/contextoanalisisperiodistico.com\/wp-content\/uploads\/2025\/06\/IMG-20250616-WA0097-800x500.jpg",800,500,true],"covernews-featured":["https:\/\/contextoanalisisperiodistico.com\/wp-content\/uploads\/2025\/06\/IMG-20250616-WA0097-1024x1280.jpg",1024,1280,true],"covernews-medium":["https:\/\/contextoanalisisperiodistico.com\/wp-content\/uploads\/2025\/06\/IMG-20250616-WA0097-540x340.jpg",540,340,true],"covernews-medium-square":["https:\/\/contextoanalisisperiodistico.com\/wp-content\/uploads\/2025\/06\/IMG-20250616-WA0097-400x250.jpg",400,250,true]},"author_info":{"display_name":"Mario Gir\u00f3n","author_link":"https:\/\/contextoanalisisperiodistico.com\/index.php\/author\/director\/"},"category_info":"<a href=\"https:\/\/contextoanalisisperiodistico.com\/index.php\/category\/ciudad\/\" rel=\"category tag\">Ciudad<\/a>","tag_info":"Ciudad","comment_count":"0","jetpack_featured_media_url":"https:\/\/contextoanalisisperiodistico.com\/wp-content\/uploads\/2025\/06\/IMG-20250616-WA0097.jpg","_links":{"self":[{"href":"https:\/\/contextoanalisisperiodistico.com\/index.php\/wp-json\/wp\/v2\/posts\/42720"}],"collection":[{"href":"https:\/\/contextoanalisisperiodistico.com\/index.php\/wp-json\/wp\/v2\/posts"}],"about":[{"href":"https:\/\/contextoanalisisperiodistico.com\/index.php\/wp-json\/wp\/v2\/types\/post"}],"author":[{"embeddable":true,"href":"https:\/\/contextoanalisisperiodistico.com\/index.php\/wp-json\/wp\/v2\/users\/4"}],"replies":[{"embeddable":true,"href":"https:\/\/contextoanalisisperiodistico.com\/index.php\/wp-json\/wp\/v2\/comments?post=42720"}],"version-history":[{"count":1,"href":"https:\/\/contextoanalisisperiodistico.com\/index.php\/wp-json\/wp\/v2\/posts\/42720\/revisions"}],"predecessor-version":[{"id":42721,"href":"https:\/\/contextoanalisisperiodistico.com\/index.php\/wp-json\/wp\/v2\/posts\/42720\/revisions\/42721"}],"wp:featuredmedia":[{"embeddable":true,"href":"https:\/\/contextoanalisisperiodistico.com\/index.php\/wp-json\/wp\/v2\/media\/42718"}],"wp:attachment":[{"href":"https:\/\/contextoanalisisperiodistico.com\/index.php\/wp-json\/wp\/v2\/media?parent=42720"}],"wp:term":[{"taxonomy":"category","embeddable":true,"href":"https:\/\/contextoanalisisperiodistico.com\/index.php\/wp-json\/wp\/v2\/categories?post=42720"},{"taxonomy":"post_tag","embeddable":true,"href":"https:\/\/contextoanalisisperiodistico.com\/index.php\/wp-json\/wp\/v2\/tags?post=42720"}],"curies":[{"name":"wp","href":"https:\/\/api.w.org\/{rel}","templated":true}]}}