{"id":42709,"date":"2025-06-16T13:49:06","date_gmt":"2025-06-16T19:49:06","guid":{"rendered":"https:\/\/contextoanalisisperiodistico.com\/index.php\/2025\/06\/16\/delegacion-del-cobao-presente-en-los-xxii-judenems-2025\/"},"modified":"2025-06-16T13:49:06","modified_gmt":"2025-06-16T19:49:06","slug":"delegacion-del-cobao-presente-en-los-xxii-judenems-2025","status":"publish","type":"post","link":"https:\/\/contextoanalisisperiodistico.com\/index.php\/2025\/06\/16\/delegacion-del-cobao-presente-en-los-xxii-judenems-2025\/","title":{"rendered":"Delegaci\u00f3n del Cobao presente en los XXII Judenems 2025"},"content":{"rendered":"<div id=\"fb-root\"><\/div>\n\n<p>\u2022 Bachilleres de los 68 planteles demostrar\u00e1n su talento deportivo en diversas disciplinas durante la justa nacional en Puebla<\/p>\n\n\n\n<p>Santa Cruz Xoxocotl\u00e1n, Oax. 16 de junio de 2025.- Con entusiasmo y esp\u00edritu deportivo, la delegaci\u00f3n del Colegio de Bachilleres del Estado de Oaxaca (Cobao), conformada por m\u00e1s de 100 estudiantes y sus entrenadores de los 68 planteles, parti\u00f3 rumbo a los XXII Juegos Deportivos Nacionales de la Educaci\u00f3n Media Superior 2025 (Judenems), que se celebrar\u00e1 del 16 al 21 de junio en Puebla de Zaragoza.<\/p>\n\n\n\n<p>Al dar el banderazo de salida, la directora general del Cobao, Ang\u00e9lica Garc\u00eda P\u00e9rez destac\u00f3 la relevancia de este logro colectivo, tras haber clasificado al importante certamen nacional, en el que representar\u00e1n al estado en disciplinas como atletismo, ajedrez, voleibol, baloncesto, f\u00fatbol, b\u00e9isbol y softbol.<\/p>\n\n\n\n<p>\u201cEste triunfo es tambi\u00e9n reflejo del compromiso de sus entrenadores, docentes, y sobre todo de sus familias; fundamentales en su formaci\u00f3n integral\u201d, se\u00f1al\u00f3.<\/p>\n\n\n\n<p>De esta manera les exhort\u00f3 a dar lo mejor de s\u00ed durante la justa deportiva. \u201cCompitan con honor, entreguen su m\u00e1ximo esfuerzo y disfruten esta experiencia que quedar\u00e1 grabada en su formaci\u00f3n. Son un orgullo para el Cobao y Oaxaca\u201d, concluy\u00f3.<\/p>\n\n\n\n<p>La participaci\u00f3n de la instituci\u00f3n reafirma el compromiso con una educaci\u00f3n integral de calidad, debido a que la presencia en los Juegos Nacionales de la Educaci\u00f3n Media Superior 2025 representa una plataforma clave para impulsar el talento juvenil y promover los valores del deporte entre la comunidad estudiantil.<\/p>\n\n\n\n<p>Cabe destacar que el Cobao es el subsistema con mayor representaci\u00f3n en este evento deportivo, ya que participan estudiantes de los 68 planteles de la entidad.<\/p>\n\n\n\n<p>-0-<\/p>\n\n\n\n<figure class=\"wp-block-image size-large\"><img fetchpriority=\"high\" decoding=\"async\" width=\"900\" height=\"600\" src=\"https:\/\/contextoanalisisperiodistico.com\/wp-content\/uploads\/2025\/06\/img-20250616-wa00575905607126840019667.jpg\" alt=\"\" class=\"wp-image-42701\" srcset=\"https:\/\/contextoanalisisperiodistico.com\/wp-content\/uploads\/2025\/06\/img-20250616-wa00575905607126840019667.jpg 900w, https:\/\/contextoanalisisperiodistico.com\/wp-content\/uploads\/2025\/06\/img-20250616-wa00575905607126840019667-300x200.jpg 300w, https:\/\/contextoanalisisperiodistico.com\/wp-content\/uploads\/2025\/06\/img-20250616-wa00575905607126840019667-768x512.jpg 768w\" sizes=\"(max-width: 900px) 100vw, 900px\" \/><\/figure>\n\n\n\n<figure class=\"wp-block-image\"><img decoding=\"async\" width=\"300\" height=\"200\" src=\"https:\/\/contextoanalisisperiodistico.com\/wp-content\/uploads\/2025\/06\/img-20250616-wa00588363300695188137939-300x200.jpg\" alt=\"\" class=\"wp-image-42703\" srcset=\"https:\/\/contextoanalisisperiodistico.com\/wp-content\/uploads\/2025\/06\/img-20250616-wa00588363300695188137939-300x200.jpg 300w, https:\/\/contextoanalisisperiodistico.com\/wp-content\/uploads\/2025\/06\/img-20250616-wa00588363300695188137939-768x512.jpg 768w, https:\/\/contextoanalisisperiodistico.com\/wp-content\/uploads\/2025\/06\/img-20250616-wa00588363300695188137939.jpg 900w\" sizes=\"(max-width: 300px) 100vw, 300px\" \/><\/figure>\n\n\n\n<figure class=\"wp-block-image\"><img decoding=\"async\" width=\"300\" height=\"200\" src=\"https:\/\/contextoanalisisperiodistico.com\/wp-content\/uploads\/2025\/06\/img-20250616-wa00598132671862027764481-300x200.jpg\" alt=\"\" class=\"wp-image-42705\" srcset=\"https:\/\/contextoanalisisperiodistico.com\/wp-content\/uploads\/2025\/06\/img-20250616-wa00598132671862027764481-300x200.jpg 300w, https:\/\/contextoanalisisperiodistico.com\/wp-content\/uploads\/2025\/06\/img-20250616-wa00598132671862027764481-768x512.jpg 768w, https:\/\/contextoanalisisperiodistico.com\/wp-content\/uploads\/2025\/06\/img-20250616-wa00598132671862027764481.jpg 900w\" sizes=\"(max-width: 300px) 100vw, 300px\" \/><\/figure>\n\n\n\n<figure class=\"wp-block-image\"><img loading=\"lazy\" decoding=\"async\" width=\"300\" height=\"200\" src=\"https:\/\/contextoanalisisperiodistico.com\/wp-content\/uploads\/2025\/06\/img-20250616-wa00615109024947709003536-300x200.jpg\" alt=\"\" class=\"wp-image-42702\" srcset=\"https:\/\/contextoanalisisperiodistico.com\/wp-content\/uploads\/2025\/06\/img-20250616-wa00615109024947709003536-300x200.jpg 300w, https:\/\/contextoanalisisperiodistico.com\/wp-content\/uploads\/2025\/06\/img-20250616-wa00615109024947709003536-768x511.jpg 768w, https:\/\/contextoanalisisperiodistico.com\/wp-content\/uploads\/2025\/06\/img-20250616-wa00615109024947709003536.jpg 900w\" sizes=\"(max-width: 300px) 100vw, 300px\" \/><\/figure>\n\n\n\n<figure class=\"wp-block-image\"><img loading=\"lazy\" decoding=\"async\" width=\"300\" height=\"200\" src=\"https:\/\/contextoanalisisperiodistico.com\/wp-content\/uploads\/2025\/06\/img-20250616-wa00608373656103334537516-300x200.jpg\" alt=\"\" class=\"wp-image-42704\" srcset=\"https:\/\/contextoanalisisperiodistico.com\/wp-content\/uploads\/2025\/06\/img-20250616-wa00608373656103334537516-300x200.jpg 300w, https:\/\/contextoanalisisperiodistico.com\/wp-content\/uploads\/2025\/06\/img-20250616-wa00608373656103334537516-768x512.jpg 768w, https:\/\/contextoanalisisperiodistico.com\/wp-content\/uploads\/2025\/06\/img-20250616-wa00608373656103334537516.jpg 900w\" sizes=\"(max-width: 300px) 100vw, 300px\" \/><\/figure>\n\n\n\n<figure class=\"wp-block-image\"><img loading=\"lazy\" decoding=\"async\" width=\"300\" height=\"200\" src=\"https:\/\/contextoanalisisperiodistico.com\/wp-content\/uploads\/2025\/06\/img-20250616-wa00633178774479081862759-300x200.jpg\" alt=\"\" class=\"wp-image-42706\" srcset=\"https:\/\/contextoanalisisperiodistico.com\/wp-content\/uploads\/2025\/06\/img-20250616-wa00633178774479081862759-300x200.jpg 300w, https:\/\/contextoanalisisperiodistico.com\/wp-content\/uploads\/2025\/06\/img-20250616-wa00633178774479081862759-768x512.jpg 768w, https:\/\/contextoanalisisperiodistico.com\/wp-content\/uploads\/2025\/06\/img-20250616-wa00633178774479081862759.jpg 900w\" sizes=\"(max-width: 300px) 100vw, 300px\" \/><\/figure>\n\n\n\n<figure class=\"wp-block-image\"><img loading=\"lazy\" decoding=\"async\" width=\"300\" height=\"200\" src=\"https:\/\/contextoanalisisperiodistico.com\/wp-content\/uploads\/2025\/06\/img-20250616-wa00622496370419632822763-300x200.jpg\" alt=\"\" class=\"wp-image-42707\" srcset=\"https:\/\/contextoanalisisperiodistico.com\/wp-content\/uploads\/2025\/06\/img-20250616-wa00622496370419632822763-300x200.jpg 300w, https:\/\/contextoanalisisperiodistico.com\/wp-content\/uploads\/2025\/06\/img-20250616-wa00622496370419632822763-768x512.jpg 768w, https:\/\/contextoanalisisperiodistico.com\/wp-content\/uploads\/2025\/06\/img-20250616-wa00622496370419632822763.jpg 900w\" sizes=\"(max-width: 300px) 100vw, 300px\" \/><\/figure>\n\n\n\n<figure class=\"wp-block-image\"><img loading=\"lazy\" decoding=\"async\" width=\"300\" height=\"200\" src=\"https:\/\/contextoanalisisperiodistico.com\/wp-content\/uploads\/2025\/06\/img-20250616-wa00643761144781370614777-300x200.jpg\" alt=\"\" class=\"wp-image-42708\" srcset=\"https:\/\/contextoanalisisperiodistico.com\/wp-content\/uploads\/2025\/06\/img-20250616-wa00643761144781370614777-300x200.jpg 300w, https:\/\/contextoanalisisperiodistico.com\/wp-content\/uploads\/2025\/06\/img-20250616-wa00643761144781370614777-768x512.jpg 768w, https:\/\/contextoanalisisperiodistico.com\/wp-content\/uploads\/2025\/06\/img-20250616-wa00643761144781370614777.jpg 900w\" sizes=\"(max-width: 300px) 100vw, 300px\" \/><\/figure>\n","protected":false},"excerpt":{"rendered":"<p>\u2022 Bachilleres de los 68 planteles demostrar\u00e1n su talento deportivo en diversas disciplinas durante la&#8230;<\/p>\n","protected":false},"author":4,"featured_media":42700,"comment_status":"","ping_status":"open","sticky":false,"template":"","format":"standard","meta":{"footnotes":""},"categories":[9],"tags":[],"jetpack_sharing_enabled":true,"featured_image_urls":{"full":["https:\/\/contextoanalisisperiodistico.com\/wp-content\/uploads\/2025\/06\/IMG-20250616-WA0056.jpg",900,600,false],"thumbnail":["https:\/\/contextoanalisisperiodistico.com\/wp-content\/uploads\/2025\/06\/IMG-20250616-WA0056-150x150.jpg",150,150,true],"medium":["https:\/\/contextoanalisisperiodistico.com\/wp-content\/uploads\/2025\/06\/IMG-20250616-WA0056-300x200.jpg",300,200,true],"medium_large":["https:\/\/contextoanalisisperiodistico.com\/wp-content\/uploads\/2025\/06\/IMG-20250616-WA0056-768x512.jpg",640,427,true],"large":["https:\/\/contextoanalisisperiodistico.com\/wp-content\/uploads\/2025\/06\/IMG-20250616-WA0056.jpg",640,427,false],"1536x1536":["https:\/\/contextoanalisisperiodistico.com\/wp-content\/uploads\/2025\/06\/IMG-20250616-WA0056.jpg",900,600,false],"2048x2048":["https:\/\/contextoanalisisperiodistico.com\/wp-content\/uploads\/2025\/06\/IMG-20250616-WA0056.jpg",900,600,false],"covernews-slider-full":["https:\/\/contextoanalisisperiodistico.com\/wp-content\/uploads\/2025\/06\/IMG-20250616-WA0056.jpg",900,600,false],"covernews-slider-center":["https:\/\/contextoanalisisperiodistico.com\/wp-content\/uploads\/2025\/06\/IMG-20250616-WA0056-800x500.jpg",800,500,true],"covernews-featured":["https:\/\/contextoanalisisperiodistico.com\/wp-content\/uploads\/2025\/06\/IMG-20250616-WA0056.jpg",900,600,false],"covernews-medium":["https:\/\/contextoanalisisperiodistico.com\/wp-content\/uploads\/2025\/06\/IMG-20250616-WA0056-540x340.jpg",540,340,true],"covernews-medium-square":["https:\/\/contextoanalisisperiodistico.com\/wp-content\/uploads\/2025\/06\/IMG-20250616-WA0056-400x250.jpg",400,250,true]},"author_info":{"display_name":"Mario Gir\u00f3n","author_link":"https:\/\/contextoanalisisperiodistico.com\/index.php\/author\/director\/"},"category_info":"<a href=\"https:\/\/contextoanalisisperiodistico.com\/index.php\/category\/politica\/\" rel=\"category tag\">Pol\u00edtica<\/a>","tag_info":"Pol\u00edtica","comment_count":"0","jetpack_featured_media_url":"https:\/\/contextoanalisisperiodistico.com\/wp-content\/uploads\/2025\/06\/IMG-20250616-WA0056.jpg","_links":{"self":[{"href":"https:\/\/contextoanalisisperiodistico.com\/index.php\/wp-json\/wp\/v2\/posts\/42709"}],"collection":[{"href":"https:\/\/contextoanalisisperiodistico.com\/index.php\/wp-json\/wp\/v2\/posts"}],"about":[{"href":"https:\/\/contextoanalisisperiodistico.com\/index.php\/wp-json\/wp\/v2\/types\/post"}],"author":[{"embeddable":true,"href":"https:\/\/contextoanalisisperiodistico.com\/index.php\/wp-json\/wp\/v2\/users\/4"}],"replies":[{"embeddable":true,"href":"https:\/\/contextoanalisisperiodistico.com\/index.php\/wp-json\/wp\/v2\/comments?post=42709"}],"version-history":[{"count":0,"href":"https:\/\/contextoanalisisperiodistico.com\/index.php\/wp-json\/wp\/v2\/posts\/42709\/revisions"}],"wp:featuredmedia":[{"embeddable":true,"href":"https:\/\/contextoanalisisperiodistico.com\/index.php\/wp-json\/wp\/v2\/media\/42700"}],"wp:attachment":[{"href":"https:\/\/contextoanalisisperiodistico.com\/index.php\/wp-json\/wp\/v2\/media?parent=42709"}],"wp:term":[{"taxonomy":"category","embeddable":true,"href":"https:\/\/contextoanalisisperiodistico.com\/index.php\/wp-json\/wp\/v2\/categories?post=42709"},{"taxonomy":"post_tag","embeddable":true,"href":"https:\/\/contextoanalisisperiodistico.com\/index.php\/wp-json\/wp\/v2\/tags?post=42709"}],"curies":[{"name":"wp","href":"https:\/\/api.w.org\/{rel}","templated":true}]}}