{"id":42667,"date":"2025-06-14T17:40:26","date_gmt":"2025-06-14T23:40:26","guid":{"rendered":"https:\/\/contextoanalisisperiodistico.com\/index.php\/2025\/06\/14\/policia-vial-detiene-a-dos-personas-por-el-presunto-delito-de-uso-de-documento-falso\/"},"modified":"2025-06-14T17:40:26","modified_gmt":"2025-06-14T23:40:26","slug":"policia-vial-detiene-a-dos-personas-por-el-presunto-delito-de-uso-de-documento-falso","status":"publish","type":"post","link":"https:\/\/contextoanalisisperiodistico.com\/index.php\/2025\/06\/14\/policia-vial-detiene-a-dos-personas-por-el-presunto-delito-de-uso-de-documento-falso\/","title":{"rendered":"Polic\u00eda Vial detiene a dos personas por el presunto delito de uso de documento falso"},"content":{"rendered":"<div id=\"fb-root\"><\/div>\n\n<p>Oaxaca de Ju\u00e1rez, Oax., 14 de junio de 2025.- Personal de la Secretar\u00eda de Seguridad Vecinal efectu\u00f3 la detenci\u00f3n de dos conductores de motocicleta como presuntos responsables del delito de uso de documento falso.<\/p>\n\n\n\n<figure class=\"wp-block-image size-large\"><img fetchpriority=\"high\" decoding=\"async\" width=\"439\" height=\"281\" src=\"https:\/\/contextoanalisisperiodistico.com\/wp-content\/uploads\/2025\/06\/img-20250614-wa01091393987828303512519.jpg\" alt=\"\" class=\"wp-image-42666\" srcset=\"https:\/\/contextoanalisisperiodistico.com\/wp-content\/uploads\/2025\/06\/img-20250614-wa01091393987828303512519.jpg 439w, https:\/\/contextoanalisisperiodistico.com\/wp-content\/uploads\/2025\/06\/img-20250614-wa01091393987828303512519-300x192.jpg 300w\" sizes=\"(max-width: 439px) 100vw, 439px\" \/><\/figure>\n\n\n\n<p>El viernes a las 12:30 horas, elementos de la Direcci\u00f3n de Proximidad Social aplicaban un Dispositivo de Control Vehicular Provisional en el Perif\u00e9rico, precisamente donde se ubicaba en puente peatonal, de la zona del Mercado de Abasto.<\/p>\n\n\n\n<p>Al lugar arrib\u00f3 una persona que conduc\u00eda una motocicleta marca Italika tipo DT125, color azul, a quien le solicitaron sus documentos para identificar el veh\u00edculo.<\/p>\n\n\n\n<p>La persona mostr\u00f3 la tarjeta de circulaci\u00f3n y una licencia para conducir. En esta \u00faltima, los agentes se percataron que, no presenta los candados de seguridad ni los hologramas visibles a la luz ultravioleta, por lo que se presume que es falsa, por lo cual procedieron a la detenci\u00f3n de C. J. J. C., de 39 a\u00f1os de edad.<\/p>\n\n\n\n<p>Minutos despu\u00e9s, en el mismo dispositivo efectuaron la detenci\u00f3n de U. C. M. S., de 39 a\u00f1os de edad, quien mostr\u00f3 una licencia para conducir expedida por el municipio de Cocula, Guerrero, la cual tambi\u00e9n no presenta ning\u00fan candado de seguridad y hologramas.<\/p>\n\n\n\n<p>Ante la presunta comisi\u00f3n del delito de uso de documento falso, las dos personas fueron detenidas y quedaron a disposici\u00f3n de la Fiscal\u00eda General del Estado para determinar su situaci\u00f3n jur\u00eddica.<\/p>\n\n\n\n<p>Con estas acciones, la Secretar\u00eda de Seguridad Vecinal garantiza la seguridad de las vecinas y vecinos de Oaxaca de Ju\u00e1rez.<\/p>\n","protected":false},"excerpt":{"rendered":"<p>Oaxaca de Ju\u00e1rez, Oax., 14 de junio de 2025.- Personal de la Secretar\u00eda de Seguridad&#8230;<\/p>\n","protected":false},"author":4,"featured_media":42665,"comment_status":"","ping_status":"open","sticky":false,"template":"","format":"standard","meta":{"footnotes":""},"categories":[10],"tags":[178,235,234,45],"jetpack_sharing_enabled":true,"featured_image_urls":{"full":["https:\/\/contextoanalisisperiodistico.com\/wp-content\/uploads\/2025\/06\/IMG-20250614-WA0108.jpg",466,307,false],"thumbnail":["https:\/\/contextoanalisisperiodistico.com\/wp-content\/uploads\/2025\/06\/IMG-20250614-WA0108-150x150.jpg",150,150,true],"medium":["https:\/\/contextoanalisisperiodistico.com\/wp-content\/uploads\/2025\/06\/IMG-20250614-WA0108-300x198.jpg",300,198,true],"medium_large":["https:\/\/contextoanalisisperiodistico.com\/wp-content\/uploads\/2025\/06\/IMG-20250614-WA0108.jpg",466,307,false],"large":["https:\/\/contextoanalisisperiodistico.com\/wp-content\/uploads\/2025\/06\/IMG-20250614-WA0108.jpg",466,307,false],"1536x1536":["https:\/\/contextoanalisisperiodistico.com\/wp-content\/uploads\/2025\/06\/IMG-20250614-WA0108.jpg",466,307,false],"2048x2048":["https:\/\/contextoanalisisperiodistico.com\/wp-content\/uploads\/2025\/06\/IMG-20250614-WA0108.jpg",466,307,false],"covernews-slider-full":["https:\/\/contextoanalisisperiodistico.com\/wp-content\/uploads\/2025\/06\/IMG-20250614-WA0108.jpg",466,307,false],"covernews-slider-center":["https:\/\/contextoanalisisperiodistico.com\/wp-content\/uploads\/2025\/06\/IMG-20250614-WA0108.jpg",466,307,false],"covernews-featured":["https:\/\/contextoanalisisperiodistico.com\/wp-content\/uploads\/2025\/06\/IMG-20250614-WA0108.jpg",466,307,false],"covernews-medium":["https:\/\/contextoanalisisperiodistico.com\/wp-content\/uploads\/2025\/06\/IMG-20250614-WA0108.jpg",466,307,false],"covernews-medium-square":["https:\/\/contextoanalisisperiodistico.com\/wp-content\/uploads\/2025\/06\/IMG-20250614-WA0108-400x250.jpg",400,250,true]},"author_info":{"display_name":"Mario Gir\u00f3n","author_link":"https:\/\/contextoanalisisperiodistico.com\/index.php\/author\/director\/"},"category_info":"<a href=\"https:\/\/contextoanalisisperiodistico.com\/index.php\/category\/seguridad\/\" rel=\"category tag\">Seguridad<\/a>","tag_info":"Seguridad","comment_count":"0","jetpack_featured_media_url":"https:\/\/contextoanalisisperiodistico.com\/wp-content\/uploads\/2025\/06\/IMG-20250614-WA0108.jpg","_links":{"self":[{"href":"https:\/\/contextoanalisisperiodistico.com\/index.php\/wp-json\/wp\/v2\/posts\/42667"}],"collection":[{"href":"https:\/\/contextoanalisisperiodistico.com\/index.php\/wp-json\/wp\/v2\/posts"}],"about":[{"href":"https:\/\/contextoanalisisperiodistico.com\/index.php\/wp-json\/wp\/v2\/types\/post"}],"author":[{"embeddable":true,"href":"https:\/\/contextoanalisisperiodistico.com\/index.php\/wp-json\/wp\/v2\/users\/4"}],"replies":[{"embeddable":true,"href":"https:\/\/contextoanalisisperiodistico.com\/index.php\/wp-json\/wp\/v2\/comments?post=42667"}],"version-history":[{"count":0,"href":"https:\/\/contextoanalisisperiodistico.com\/index.php\/wp-json\/wp\/v2\/posts\/42667\/revisions"}],"wp:featuredmedia":[{"embeddable":true,"href":"https:\/\/contextoanalisisperiodistico.com\/index.php\/wp-json\/wp\/v2\/media\/42665"}],"wp:attachment":[{"href":"https:\/\/contextoanalisisperiodistico.com\/index.php\/wp-json\/wp\/v2\/media?parent=42667"}],"wp:term":[{"taxonomy":"category","embeddable":true,"href":"https:\/\/contextoanalisisperiodistico.com\/index.php\/wp-json\/wp\/v2\/categories?post=42667"},{"taxonomy":"post_tag","embeddable":true,"href":"https:\/\/contextoanalisisperiodistico.com\/index.php\/wp-json\/wp\/v2\/tags?post=42667"}],"curies":[{"name":"wp","href":"https:\/\/api.w.org\/{rel}","templated":true}]}}