{"id":42660,"date":"2025-06-14T16:07:08","date_gmt":"2025-06-14T22:07:08","guid":{"rendered":"https:\/\/contextoanalisisperiodistico.com\/index.php\/2025\/06\/14\/renuevan-gobierno-de-oaxaca-y-banco-mundial-acuerdo-de-colaboracion-en-materia-de-educacion\/"},"modified":"2025-06-14T16:07:08","modified_gmt":"2025-06-14T22:07:08","slug":"renuevan-gobierno-de-oaxaca-y-banco-mundial-acuerdo-de-colaboracion-en-materia-de-educacion","status":"publish","type":"post","link":"https:\/\/contextoanalisisperiodistico.com\/index.php\/2025\/06\/14\/renuevan-gobierno-de-oaxaca-y-banco-mundial-acuerdo-de-colaboracion-en-materia-de-educacion\/","title":{"rendered":"Renuevan Gobierno de Oaxaca y Banco Mundial acuerdo de colaboraci\u00f3n en materia de educaci\u00f3n"},"content":{"rendered":"<div id=\"fb-root\"><\/div>\n\n<p>\u2022 Tambi\u00e9n se revisaron los avances y retos del Sistema Integral de Protecci\u00f3n de Trayectorias educativas del estado<\/p>\n\n\n\n<figure class=\"wp-block-image size-large\"><img fetchpriority=\"high\" decoding=\"async\" width=\"1024\" height=\"576\" src=\"https:\/\/contextoanalisisperiodistico.com\/wp-content\/uploads\/2025\/06\/img-20250614-wa00805375603906426930158-1024x576.jpg\" alt=\"\" class=\"wp-image-42658\" srcset=\"https:\/\/contextoanalisisperiodistico.com\/wp-content\/uploads\/2025\/06\/img-20250614-wa00805375603906426930158-1024x576.jpg 1024w, https:\/\/contextoanalisisperiodistico.com\/wp-content\/uploads\/2025\/06\/img-20250614-wa00805375603906426930158-300x169.jpg 300w, https:\/\/contextoanalisisperiodistico.com\/wp-content\/uploads\/2025\/06\/img-20250614-wa00805375603906426930158-768x432.jpg 768w, https:\/\/contextoanalisisperiodistico.com\/wp-content\/uploads\/2025\/06\/img-20250614-wa00805375603906426930158-1536x864.jpg 1536w, https:\/\/contextoanalisisperiodistico.com\/wp-content\/uploads\/2025\/06\/img-20250614-wa00805375603906426930158.jpg 1599w\" sizes=\"(max-width: 1024px) 100vw, 1024px\" \/><\/figure>\n\n\n\n<figure class=\"wp-block-image\"><img decoding=\"async\" width=\"1024\" height=\"684\" src=\"https:\/\/contextoanalisisperiodistico.com\/wp-content\/uploads\/2025\/06\/img-20250614-wa00798116365074656321770-1024x684.jpg\" alt=\"\" class=\"wp-image-42659\" srcset=\"https:\/\/contextoanalisisperiodistico.com\/wp-content\/uploads\/2025\/06\/img-20250614-wa00798116365074656321770-1024x684.jpg 1024w, https:\/\/contextoanalisisperiodistico.com\/wp-content\/uploads\/2025\/06\/img-20250614-wa00798116365074656321770-300x200.jpg 300w, https:\/\/contextoanalisisperiodistico.com\/wp-content\/uploads\/2025\/06\/img-20250614-wa00798116365074656321770-768x513.jpg 768w, https:\/\/contextoanalisisperiodistico.com\/wp-content\/uploads\/2025\/06\/img-20250614-wa00798116365074656321770-1536x1025.jpg 1536w, https:\/\/contextoanalisisperiodistico.com\/wp-content\/uploads\/2025\/06\/img-20250614-wa00798116365074656321770.jpg 1600w\" sizes=\"(max-width: 1024px) 100vw, 1024px\" \/><\/figure>\n\n\n\n<p>Regi\u00f3n Valles Centrales, Oax. 14 de junio de 2025.- El Gobierno de Oaxaca y el Banco Mundial renovaron su acuerdo de cooperaci\u00f3n, un a\u00f1o m\u00e1s, para continuar colaborando en los proyectos Estrategia Estatal de Implementaci\u00f3n de la Pol\u00edtica Nacional de Educaci\u00f3n Inicial (PNEI) y el Sistema Integral de Protecci\u00f3n de Trayectorias Educativas de Oaxaca (SIPTEO).<\/p>\n\n\n\n<p>Dichas estrategias fortalecen la educaci\u00f3n inicial y media superior de la entidad, por lo que se confirm\u00f3 la asistencia t\u00e9cnica que brindan a la Secretar\u00eda de Educaci\u00f3n P\u00fablica (SEP Oaxaca) con la cual trabajan desde agosto del 2023.<\/p>\n\n\n\n<p>En el marco de la visita a la entidad del Economista Senior L\u00edder en Educaci\u00f3n para Am\u00e9rica Latina del Banco Mundial, Igor Kheyfets, se llev\u00f3 a cabo una agenda de trabajo con una reuni\u00f3n encabezada por la titular de la SEP Oaxaca, Delfina Guzm\u00e1n D\u00edaz.<\/p>\n\n\n\n<p>Realizada en Palacio de Gobierno, se cont\u00f3 con la presencia de las y los titulares de las instituciones p\u00fablicas de bachillerato donde actualmente se ejecuta el SIPTEO, as\u00ed como de sus equipos acad\u00e9micos y del director general de la Instancia T\u00e9cnica de Evaluaci\u00f3n, Gonzalo Lapuente Sastre; donde se presentaron avances y retos de la ejecuci\u00f3n de este sistema, a un a\u00f1o de su puesta en marcha.<\/p>\n\n\n\n<p>En el encuentro participaron el Colegio de Bachilleres del Estado de Oaxaca (Cobao), el Colegio de Estudios Cient\u00edficos y Tecnol\u00f3gicos del Estado de Oaxaca (Cecyteo) y el Telebachillerato Comunitario de Oaxaca (Tebceo).<\/p>\n\n\n\n<p>Asimismo, asistieron el Instituto de Estudios de Bachillerato del Estado de Oaxaca (IEBO) y el Colegio Superior de Educaci\u00f3n Integral Intercultural de Oaxaca (CSEIIO).<\/p>\n\n\n\n<p>Al t\u00e9rmino de este encuentro, se recorrieron los planteles del Cecyteo 05 de la Villa de Etla y Cobao 01 Pueblo Nuevo, se constat\u00f3 el trabajo del personal directivo y de psicopedagog\u00eda para prevenir la deserci\u00f3n escolar.<\/p>\n\n\n\n<p>-0-<\/p>\n","protected":false},"excerpt":{"rendered":"<p>\u2022 Tambi\u00e9n se revisaron los avances y retos del Sistema Integral de Protecci\u00f3n de Trayectorias&#8230;<\/p>\n","protected":false},"author":4,"featured_media":42657,"comment_status":"","ping_status":"open","sticky":false,"template":"","format":"standard","meta":{"footnotes":""},"categories":[9],"tags":[],"jetpack_sharing_enabled":true,"featured_image_urls":{"full":["https:\/\/contextoanalisisperiodistico.com\/wp-content\/uploads\/2025\/06\/IMG-20250614-WA0077.jpg",1599,899,false],"thumbnail":["https:\/\/contextoanalisisperiodistico.com\/wp-content\/uploads\/2025\/06\/IMG-20250614-WA0077-150x150.jpg",150,150,true],"medium":["https:\/\/contextoanalisisperiodistico.com\/wp-content\/uploads\/2025\/06\/IMG-20250614-WA0077-300x169.jpg",300,169,true],"medium_large":["https:\/\/contextoanalisisperiodistico.com\/wp-content\/uploads\/2025\/06\/IMG-20250614-WA0077-768x432.jpg",640,360,true],"large":["https:\/\/contextoanalisisperiodistico.com\/wp-content\/uploads\/2025\/06\/IMG-20250614-WA0077-1024x576.jpg",640,360,true],"1536x1536":["https:\/\/contextoanalisisperiodistico.com\/wp-content\/uploads\/2025\/06\/IMG-20250614-WA0077-1536x864.jpg",1536,864,true],"2048x2048":["https:\/\/contextoanalisisperiodistico.com\/wp-content\/uploads\/2025\/06\/IMG-20250614-WA0077.jpg",1599,899,false],"covernews-slider-full":["https:\/\/contextoanalisisperiodistico.com\/wp-content\/uploads\/2025\/06\/IMG-20250614-WA0077-1115x715.jpg",1115,715,true],"covernews-slider-center":["https:\/\/contextoanalisisperiodistico.com\/wp-content\/uploads\/2025\/06\/IMG-20250614-WA0077-800x500.jpg",800,500,true],"covernews-featured":["https:\/\/contextoanalisisperiodistico.com\/wp-content\/uploads\/2025\/06\/IMG-20250614-WA0077-1024x576.jpg",1024,576,true],"covernews-medium":["https:\/\/contextoanalisisperiodistico.com\/wp-content\/uploads\/2025\/06\/IMG-20250614-WA0077-540x340.jpg",540,340,true],"covernews-medium-square":["https:\/\/contextoanalisisperiodistico.com\/wp-content\/uploads\/2025\/06\/IMG-20250614-WA0077-400x250.jpg",400,250,true]},"author_info":{"display_name":"Mario Gir\u00f3n","author_link":"https:\/\/contextoanalisisperiodistico.com\/index.php\/author\/director\/"},"category_info":"<a href=\"https:\/\/contextoanalisisperiodistico.com\/index.php\/category\/politica\/\" rel=\"category tag\">Pol\u00edtica<\/a>","tag_info":"Pol\u00edtica","comment_count":"0","jetpack_featured_media_url":"https:\/\/contextoanalisisperiodistico.com\/wp-content\/uploads\/2025\/06\/IMG-20250614-WA0077.jpg","_links":{"self":[{"href":"https:\/\/contextoanalisisperiodistico.com\/index.php\/wp-json\/wp\/v2\/posts\/42660"}],"collection":[{"href":"https:\/\/contextoanalisisperiodistico.com\/index.php\/wp-json\/wp\/v2\/posts"}],"about":[{"href":"https:\/\/contextoanalisisperiodistico.com\/index.php\/wp-json\/wp\/v2\/types\/post"}],"author":[{"embeddable":true,"href":"https:\/\/contextoanalisisperiodistico.com\/index.php\/wp-json\/wp\/v2\/users\/4"}],"replies":[{"embeddable":true,"href":"https:\/\/contextoanalisisperiodistico.com\/index.php\/wp-json\/wp\/v2\/comments?post=42660"}],"version-history":[{"count":0,"href":"https:\/\/contextoanalisisperiodistico.com\/index.php\/wp-json\/wp\/v2\/posts\/42660\/revisions"}],"wp:featuredmedia":[{"embeddable":true,"href":"https:\/\/contextoanalisisperiodistico.com\/index.php\/wp-json\/wp\/v2\/media\/42657"}],"wp:attachment":[{"href":"https:\/\/contextoanalisisperiodistico.com\/index.php\/wp-json\/wp\/v2\/media?parent=42660"}],"wp:term":[{"taxonomy":"category","embeddable":true,"href":"https:\/\/contextoanalisisperiodistico.com\/index.php\/wp-json\/wp\/v2\/categories?post=42660"},{"taxonomy":"post_tag","embeddable":true,"href":"https:\/\/contextoanalisisperiodistico.com\/index.php\/wp-json\/wp\/v2\/tags?post=42660"}],"curies":[{"name":"wp","href":"https:\/\/api.w.org\/{rel}","templated":true}]}}