{"id":42613,"date":"2025-06-14T10:09:26","date_gmt":"2025-06-14T16:09:26","guid":{"rendered":"https:\/\/contextoanalisisperiodistico.com\/index.php\/2025\/06\/14\/sofoca-hcbo-incendio-en-hotel-del-centro-de-oaxaca-de-juarez\/"},"modified":"2025-06-14T10:11:53","modified_gmt":"2025-06-14T16:11:53","slug":"sofoca-hcbo-incendio-en-hotel-del-centro-de-oaxaca-de-juarez","status":"publish","type":"post","link":"https:\/\/contextoanalisisperiodistico.com\/index.php\/2025\/06\/14\/sofoca-hcbo-incendio-en-hotel-del-centro-de-oaxaca-de-juarez\/","title":{"rendered":"Sofoca HCBO incendio en hotel del centro de Oaxaca de Ju\u00e1rez"},"content":{"rendered":"<div id=\"fb-root\"><\/div>\n\n<p>\u2022 Se reportan \u00fanicamente da\u00f1os materiales<\/p>\n\n\n\n<figure class=\"wp-block-image size-large\"><img fetchpriority=\"high\" decoding=\"async\" width=\"1024\" height=\"576\" src=\"https:\/\/contextoanalisisperiodistico.com\/wp-content\/uploads\/2025\/06\/img-20250614-wa00297039211958199429416-1024x576.jpg\" alt=\"\" class=\"wp-image-42612\" srcset=\"https:\/\/contextoanalisisperiodistico.com\/wp-content\/uploads\/2025\/06\/img-20250614-wa00297039211958199429416-1024x576.jpg 1024w, https:\/\/contextoanalisisperiodistico.com\/wp-content\/uploads\/2025\/06\/img-20250614-wa00297039211958199429416-300x169.jpg 300w, https:\/\/contextoanalisisperiodistico.com\/wp-content\/uploads\/2025\/06\/img-20250614-wa00297039211958199429416-768x432.jpg 768w, https:\/\/contextoanalisisperiodistico.com\/wp-content\/uploads\/2025\/06\/img-20250614-wa00297039211958199429416-1536x864.jpg 1536w, https:\/\/contextoanalisisperiodistico.com\/wp-content\/uploads\/2025\/06\/img-20250614-wa00297039211958199429416.jpg 1600w\" sizes=\"(max-width: 1024px) 100vw, 1024px\" \/><\/figure>\n\n\n\n<figure class=\"wp-block-image\"><img decoding=\"async\" width=\"1024\" height=\"576\" src=\"https:\/\/contextoanalisisperiodistico.com\/wp-content\/uploads\/2025\/06\/img-20250614-wa00302803850448225959287-1024x576.jpg\" alt=\"\" class=\"wp-image-42611\" srcset=\"https:\/\/contextoanalisisperiodistico.com\/wp-content\/uploads\/2025\/06\/img-20250614-wa00302803850448225959287-1024x576.jpg 1024w, https:\/\/contextoanalisisperiodistico.com\/wp-content\/uploads\/2025\/06\/img-20250614-wa00302803850448225959287-300x169.jpg 300w, https:\/\/contextoanalisisperiodistico.com\/wp-content\/uploads\/2025\/06\/img-20250614-wa00302803850448225959287-768x432.jpg 768w, https:\/\/contextoanalisisperiodistico.com\/wp-content\/uploads\/2025\/06\/img-20250614-wa00302803850448225959287-1536x864.jpg 1536w, https:\/\/contextoanalisisperiodistico.com\/wp-content\/uploads\/2025\/06\/img-20250614-wa00302803850448225959287.jpg 1600w\" sizes=\"(max-width: 1024px) 100vw, 1024px\" \/><\/figure>\n\n\n\n<p>Oaxaca de Ju\u00e1rez, Oax. 14 de junio de 2025.- Personal del Heroico Cuerpo de Bomberos de Oaxaca (HCBO) sofoc\u00f3 el incendio registrado en un inmueble ubicado en la calle Abasolo esquina con avenida Ju\u00e1rez, en el centro de la capital del estado; que dej\u00f3 \u00fanicamente da\u00f1os materiales.<\/p>\n\n\n\n<p>El siniestro se registr\u00f3 en la azotea del Hotel Casa Santo Tom\u00e1s, lugar al que acudi\u00f3 tambi\u00e9n personal de la Polic\u00eda Estatal para auxiliar en las labores.<\/p>\n\n\n\n<p>La Secretar\u00eda de Seguridad y Protecci\u00f3n Ciudadana (SSPC) reitera que las corporaciones y los servicios de emergencia se mantienen atentos y dispuestos ante cualquier solicitud de auxilio ciudadano.<\/p>\n\n\n\n<p>-0-<\/p>\n","protected":false},"excerpt":{"rendered":"<p>\u2022 Se reportan \u00fanicamente da\u00f1os materiales Oaxaca de Ju\u00e1rez, Oax. 14 de junio de 2025.-&#8230;<\/p>\n","protected":false},"author":4,"featured_media":42610,"comment_status":"closed","ping_status":"open","sticky":false,"template":"","format":"standard","meta":{"footnotes":""},"categories":[3],"tags":[],"jetpack_sharing_enabled":true,"featured_image_urls":{"full":["https:\/\/contextoanalisisperiodistico.com\/wp-content\/uploads\/2025\/06\/IMG-20250614-WA0028.jpg",1600,1200,false],"thumbnail":["https:\/\/contextoanalisisperiodistico.com\/wp-content\/uploads\/2025\/06\/IMG-20250614-WA0028-150x150.jpg",150,150,true],"medium":["https:\/\/contextoanalisisperiodistico.com\/wp-content\/uploads\/2025\/06\/IMG-20250614-WA0028-300x225.jpg",300,225,true],"medium_large":["https:\/\/contextoanalisisperiodistico.com\/wp-content\/uploads\/2025\/06\/IMG-20250614-WA0028-768x576.jpg",640,480,true],"large":["https:\/\/contextoanalisisperiodistico.com\/wp-content\/uploads\/2025\/06\/IMG-20250614-WA0028-1024x768.jpg",640,480,true],"1536x1536":["https:\/\/contextoanalisisperiodistico.com\/wp-content\/uploads\/2025\/06\/IMG-20250614-WA0028-1536x1152.jpg",1536,1152,true],"2048x2048":["https:\/\/contextoanalisisperiodistico.com\/wp-content\/uploads\/2025\/06\/IMG-20250614-WA0028.jpg",1600,1200,false],"covernews-slider-full":["https:\/\/contextoanalisisperiodistico.com\/wp-content\/uploads\/2025\/06\/IMG-20250614-WA0028-1115x715.jpg",1115,715,true],"covernews-slider-center":["https:\/\/contextoanalisisperiodistico.com\/wp-content\/uploads\/2025\/06\/IMG-20250614-WA0028-800x500.jpg",800,500,true],"covernews-featured":["https:\/\/contextoanalisisperiodistico.com\/wp-content\/uploads\/2025\/06\/IMG-20250614-WA0028-1024x768.jpg",1024,768,true],"covernews-medium":["https:\/\/contextoanalisisperiodistico.com\/wp-content\/uploads\/2025\/06\/IMG-20250614-WA0028-540x340.jpg",540,340,true],"covernews-medium-square":["https:\/\/contextoanalisisperiodistico.com\/wp-content\/uploads\/2025\/06\/IMG-20250614-WA0028-400x250.jpg",400,250,true]},"author_info":{"display_name":"Mario Gir\u00f3n","author_link":"https:\/\/contextoanalisisperiodistico.com\/index.php\/author\/director\/"},"category_info":"<a href=\"https:\/\/contextoanalisisperiodistico.com\/index.php\/category\/ciudad\/\" rel=\"category tag\">Ciudad<\/a>","tag_info":"Ciudad","comment_count":"0","jetpack_featured_media_url":"https:\/\/contextoanalisisperiodistico.com\/wp-content\/uploads\/2025\/06\/IMG-20250614-WA0028.jpg","_links":{"self":[{"href":"https:\/\/contextoanalisisperiodistico.com\/index.php\/wp-json\/wp\/v2\/posts\/42613"}],"collection":[{"href":"https:\/\/contextoanalisisperiodistico.com\/index.php\/wp-json\/wp\/v2\/posts"}],"about":[{"href":"https:\/\/contextoanalisisperiodistico.com\/index.php\/wp-json\/wp\/v2\/types\/post"}],"author":[{"embeddable":true,"href":"https:\/\/contextoanalisisperiodistico.com\/index.php\/wp-json\/wp\/v2\/users\/4"}],"replies":[{"embeddable":true,"href":"https:\/\/contextoanalisisperiodistico.com\/index.php\/wp-json\/wp\/v2\/comments?post=42613"}],"version-history":[{"count":1,"href":"https:\/\/contextoanalisisperiodistico.com\/index.php\/wp-json\/wp\/v2\/posts\/42613\/revisions"}],"predecessor-version":[{"id":42614,"href":"https:\/\/contextoanalisisperiodistico.com\/index.php\/wp-json\/wp\/v2\/posts\/42613\/revisions\/42614"}],"wp:featuredmedia":[{"embeddable":true,"href":"https:\/\/contextoanalisisperiodistico.com\/index.php\/wp-json\/wp\/v2\/media\/42610"}],"wp:attachment":[{"href":"https:\/\/contextoanalisisperiodistico.com\/index.php\/wp-json\/wp\/v2\/media?parent=42613"}],"wp:term":[{"taxonomy":"category","embeddable":true,"href":"https:\/\/contextoanalisisperiodistico.com\/index.php\/wp-json\/wp\/v2\/categories?post=42613"},{"taxonomy":"post_tag","embeddable":true,"href":"https:\/\/contextoanalisisperiodistico.com\/index.php\/wp-json\/wp\/v2\/tags?post=42613"}],"curies":[{"name":"wp","href":"https:\/\/api.w.org\/{rel}","templated":true}]}}