{"id":42445,"date":"2025-06-10T17:57:52","date_gmt":"2025-06-10T23:57:52","guid":{"rendered":"https:\/\/contextoanalisisperiodistico.com\/index.php\/2025\/06\/10\/convoca-sso-a-participar-en-el-premio-nacional-de-accion-voluntaria-y-solidaria-2025\/"},"modified":"2025-06-10T17:57:52","modified_gmt":"2025-06-10T23:57:52","slug":"convoca-sso-a-participar-en-el-premio-nacional-de-accion-voluntaria-y-solidaria-2025","status":"publish","type":"post","link":"https:\/\/contextoanalisisperiodistico.com\/index.php\/2025\/06\/10\/convoca-sso-a-participar-en-el-premio-nacional-de-accion-voluntaria-y-solidaria-2025\/","title":{"rendered":"Convoca SSO a participar en el Premio Nacional de Acci\u00f3n Voluntaria y Solidaria 2025"},"content":{"rendered":"<div id=\"fb-root\"><\/div>\n\n<p>\u2022 Reconocer\u00e1n el compromiso y la labor altruista en beneficio de las comunidades del pa\u00eds<br \/>\u2022 Se premiar\u00e1n tres categor\u00edas: grupal, individual y juvenil<\/p>\n\n\n\n<p>Oaxaca de Ju\u00e1rez, Oax.10 de junio de 2025.- En el marco del fortalecimiento de una cultura de solidaridad y participaci\u00f3n ciudadana, el Gobierno de M\u00e9xico a trav\u00e9s de la Secretar\u00eda de Salud federal y Servicios de Salud de Oaxaca (SSO), convoca a la ciudadan\u00eda a participar en el Premio Nacional de Acci\u00f3n Voluntaria y Solidaria (PNAVS) 2025.<\/p>\n\n\n\n<p>El certamen tiene como objetivo reconocer, visibilizar y fortalecer la labor voluntaria y no remunerada que personas, grupos e instituciones realizan a favor de sus comunidades, en distintos \u00e1mbitos de la asistencia social y el desarrollo comunitario.<\/p>\n\n\n\n<p>La convocatoria est\u00e1 dirigida a personas f\u00edsicas y grupos que desarrollan actividades solidarias sin fines de lucro, instituciones acad\u00e9micas, organizaciones de la sociedad civil, pueblos originarios y, entidades p\u00fablicas y privadas comprometidas con el bienestar social.<\/p>\n\n\n\n<p>El premio se entregar\u00e1 en tres categor\u00edas: grupal, para personas mayores de 30 a\u00f1os, quienes recibir\u00e1n un est\u00edmulo econ\u00f3mico de 200 mil pesos; individual conformada por mayores de 30 a\u00f1os, recibir\u00e1n 100 mil pesos; y juvenil, de 18 a 29 a\u00f1os por un monto de 100 mil pesos. Cada persona o grupo ganador recibir\u00e1 adem\u00e1s una medalla y diploma conmemorativos.<\/p>\n\n\n\n<p>El jurado calificador evaluar\u00e1 las propuestas con base en los siguientes criterios: compromiso social, altruismo, congruencia, impacto, trayectoria, creatividad, innovaci\u00f3n y contribuci\u00f3n a la cultura de la solidaridad.<\/p>\n\n\n\n<p>Las postulaciones estar\u00e1n abiertas hasta el 20 de agosto y deber\u00e1n registrarse en l\u00ednea a trav\u00e9s del portal www.premioaccionvoluntaria.gob.mx. Para mayor informaci\u00f3n, las y los interesados pueden comunicarse a la Secretar\u00eda de Salud federal a los tel\u00e9fonos: 55 5062 1600 extensiones: 55023, 55798, 55761 y 54001 o al correo electr\u00f3nico: daoc@salud.gob.mx o accionvoluntaria@bienestar.gob.mx.<\/p>\n\n\n\n<p>El resultado del jurado ser\u00e1 inapelable y se publicar\u00e1 a partir de la segunda semana de noviembre en los portales oficiales: www.premioaccionvoluntaria.gob.mx y www.gob.mx\/salud.<br \/>-0-<\/p>\n","protected":false},"excerpt":{"rendered":"<p>\u2022 Reconocer\u00e1n el compromiso y la labor altruista en beneficio de las comunidades del pa\u00eds\u2022&#8230;<\/p>\n","protected":false},"author":4,"featured_media":42444,"comment_status":"","ping_status":"open","sticky":false,"template":"","format":"standard","meta":{"footnotes":""},"categories":[92],"tags":[],"jetpack_sharing_enabled":true,"featured_image_urls":{"full":["https:\/\/contextoanalisisperiodistico.com\/wp-content\/uploads\/2025\/06\/IMG-20250610-WA0087.jpg",1035,1600,false],"thumbnail":["https:\/\/contextoanalisisperiodistico.com\/wp-content\/uploads\/2025\/06\/IMG-20250610-WA0087-150x150.jpg",150,150,true],"medium":["https:\/\/contextoanalisisperiodistico.com\/wp-content\/uploads\/2025\/06\/IMG-20250610-WA0087-194x300.jpg",194,300,true],"medium_large":["https:\/\/contextoanalisisperiodistico.com\/wp-content\/uploads\/2025\/06\/IMG-20250610-WA0087-768x1187.jpg",640,989,true],"large":["https:\/\/contextoanalisisperiodistico.com\/wp-content\/uploads\/2025\/06\/IMG-20250610-WA0087-662x1024.jpg",640,990,true],"1536x1536":["https:\/\/contextoanalisisperiodistico.com\/wp-content\/uploads\/2025\/06\/IMG-20250610-WA0087-994x1536.jpg",994,1536,true],"2048x2048":["https:\/\/contextoanalisisperiodistico.com\/wp-content\/uploads\/2025\/06\/IMG-20250610-WA0087.jpg",1035,1600,false],"covernews-slider-full":["https:\/\/contextoanalisisperiodistico.com\/wp-content\/uploads\/2025\/06\/IMG-20250610-WA0087-1035x715.jpg",1035,715,true],"covernews-slider-center":["https:\/\/contextoanalisisperiodistico.com\/wp-content\/uploads\/2025\/06\/IMG-20250610-WA0087-800x500.jpg",800,500,true],"covernews-featured":["https:\/\/contextoanalisisperiodistico.com\/wp-content\/uploads\/2025\/06\/IMG-20250610-WA0087-1024x1583.jpg",1024,1583,true],"covernews-medium":["https:\/\/contextoanalisisperiodistico.com\/wp-content\/uploads\/2025\/06\/IMG-20250610-WA0087-540x340.jpg",540,340,true],"covernews-medium-square":["https:\/\/contextoanalisisperiodistico.com\/wp-content\/uploads\/2025\/06\/IMG-20250610-WA0087-400x250.jpg",400,250,true]},"author_info":{"display_name":"Mario Gir\u00f3n","author_link":"https:\/\/contextoanalisisperiodistico.com\/index.php\/author\/director\/"},"category_info":"<a href=\"https:\/\/contextoanalisisperiodistico.com\/index.php\/category\/salud\/\" rel=\"category tag\">Salud<\/a>","tag_info":"Salud","comment_count":"0","jetpack_featured_media_url":"https:\/\/contextoanalisisperiodistico.com\/wp-content\/uploads\/2025\/06\/IMG-20250610-WA0087.jpg","_links":{"self":[{"href":"https:\/\/contextoanalisisperiodistico.com\/index.php\/wp-json\/wp\/v2\/posts\/42445"}],"collection":[{"href":"https:\/\/contextoanalisisperiodistico.com\/index.php\/wp-json\/wp\/v2\/posts"}],"about":[{"href":"https:\/\/contextoanalisisperiodistico.com\/index.php\/wp-json\/wp\/v2\/types\/post"}],"author":[{"embeddable":true,"href":"https:\/\/contextoanalisisperiodistico.com\/index.php\/wp-json\/wp\/v2\/users\/4"}],"replies":[{"embeddable":true,"href":"https:\/\/contextoanalisisperiodistico.com\/index.php\/wp-json\/wp\/v2\/comments?post=42445"}],"version-history":[{"count":0,"href":"https:\/\/contextoanalisisperiodistico.com\/index.php\/wp-json\/wp\/v2\/posts\/42445\/revisions"}],"wp:featuredmedia":[{"embeddable":true,"href":"https:\/\/contextoanalisisperiodistico.com\/index.php\/wp-json\/wp\/v2\/media\/42444"}],"wp:attachment":[{"href":"https:\/\/contextoanalisisperiodistico.com\/index.php\/wp-json\/wp\/v2\/media?parent=42445"}],"wp:term":[{"taxonomy":"category","embeddable":true,"href":"https:\/\/contextoanalisisperiodistico.com\/index.php\/wp-json\/wp\/v2\/categories?post=42445"},{"taxonomy":"post_tag","embeddable":true,"href":"https:\/\/contextoanalisisperiodistico.com\/index.php\/wp-json\/wp\/v2\/tags?post=42445"}],"curies":[{"name":"wp","href":"https:\/\/api.w.org\/{rel}","templated":true}]}}