{"id":42438,"date":"2025-06-10T14:24:45","date_gmt":"2025-06-10T20:24:45","guid":{"rendered":"https:\/\/contextoanalisisperiodistico.com\/index.php\/2025\/06\/10\/cabildo-de-oaxaca-de-juarez-aprueba-acciones-en-favor-del-patrimonio-la-inclusion-y-la-equidad-2\/"},"modified":"2025-06-10T14:24:45","modified_gmt":"2025-06-10T20:24:45","slug":"cabildo-de-oaxaca-de-juarez-aprueba-acciones-en-favor-del-patrimonio-la-inclusion-y-la-equidad-2","status":"publish","type":"post","link":"https:\/\/contextoanalisisperiodistico.com\/index.php\/2025\/06\/10\/cabildo-de-oaxaca-de-juarez-aprueba-acciones-en-favor-del-patrimonio-la-inclusion-y-la-equidad-2\/","title":{"rendered":"Cabildo de Oaxaca de Ju\u00e1rez aprueba acciones en favor del patrimonio, la inclusi\u00f3n y la equidad"},"content":{"rendered":"<div id=\"fb-root\"><\/div>\n\n<p>Oaxaca de Ju\u00e1rez, Oaxaca, 10 de junio de 2025.- Durante la sesi\u00f3n ordinaria de Cabildo presidida por el presidente municipal Ray Chagoya, se aprob\u00f3 un punto de acuerdo presentado por la Regidur\u00eda de Grupos Prioritarios, con el objetivo de fortalecer las pol\u00edticas p\u00fablicas orientadas a la inclusi\u00f3n, la equidad y el respeto a los derechos de las personas en situaci\u00f3n de vulnerabilidad.<\/p>\n\n\n\n<figure class=\"wp-block-image size-large\"><img fetchpriority=\"high\" decoding=\"async\" width=\"1024\" height=\"684\" src=\"https:\/\/contextoanalisisperiodistico.com\/wp-content\/uploads\/2025\/06\/img-20250610-wa0098612762101339278310-1024x684.jpg\" alt=\"\" class=\"wp-image-42435\" srcset=\"https:\/\/contextoanalisisperiodistico.com\/wp-content\/uploads\/2025\/06\/img-20250610-wa0098612762101339278310-1024x684.jpg 1024w, https:\/\/contextoanalisisperiodistico.com\/wp-content\/uploads\/2025\/06\/img-20250610-wa0098612762101339278310-300x200.jpg 300w, https:\/\/contextoanalisisperiodistico.com\/wp-content\/uploads\/2025\/06\/img-20250610-wa0098612762101339278310-768x513.jpg 768w, https:\/\/contextoanalisisperiodistico.com\/wp-content\/uploads\/2025\/06\/img-20250610-wa0098612762101339278310-1536x1027.jpg 1536w, https:\/\/contextoanalisisperiodistico.com\/wp-content\/uploads\/2025\/06\/img-20250610-wa0098612762101339278310.jpg 1616w\" sizes=\"(max-width: 1024px) 100vw, 1024px\" \/><\/figure>\n\n\n\n<figure class=\"wp-block-image\"><img decoding=\"async\" width=\"1024\" height=\"684\" src=\"https:\/\/contextoanalisisperiodistico.com\/wp-content\/uploads\/2025\/06\/img-20250610-wa01006602432710328919898-1024x684.jpg\" alt=\"\" class=\"wp-image-42434\" srcset=\"https:\/\/contextoanalisisperiodistico.com\/wp-content\/uploads\/2025\/06\/img-20250610-wa01006602432710328919898-1024x684.jpg 1024w, https:\/\/contextoanalisisperiodistico.com\/wp-content\/uploads\/2025\/06\/img-20250610-wa01006602432710328919898-300x201.jpg 300w, https:\/\/contextoanalisisperiodistico.com\/wp-content\/uploads\/2025\/06\/img-20250610-wa01006602432710328919898-768x513.jpg 768w, https:\/\/contextoanalisisperiodistico.com\/wp-content\/uploads\/2025\/06\/img-20250610-wa01006602432710328919898-1536x1027.jpg 1536w, https:\/\/contextoanalisisperiodistico.com\/wp-content\/uploads\/2025\/06\/img-20250610-wa01006602432710328919898.jpg 1574w\" sizes=\"(max-width: 1024px) 100vw, 1024px\" \/><\/figure>\n\n\n\n<figure class=\"wp-block-image\"><img decoding=\"async\" width=\"1024\" height=\"684\" src=\"https:\/\/contextoanalisisperiodistico.com\/wp-content\/uploads\/2025\/06\/img-20250610-wa0099814552258893992449-1024x684.jpg\" alt=\"\" class=\"wp-image-42436\" srcset=\"https:\/\/contextoanalisisperiodistico.com\/wp-content\/uploads\/2025\/06\/img-20250610-wa0099814552258893992449-1024x684.jpg 1024w, https:\/\/contextoanalisisperiodistico.com\/wp-content\/uploads\/2025\/06\/img-20250610-wa0099814552258893992449-300x200.jpg 300w, https:\/\/contextoanalisisperiodistico.com\/wp-content\/uploads\/2025\/06\/img-20250610-wa0099814552258893992449-768x513.jpg 768w, https:\/\/contextoanalisisperiodistico.com\/wp-content\/uploads\/2025\/06\/img-20250610-wa0099814552258893992449-1536x1026.jpg 1536w, https:\/\/contextoanalisisperiodistico.com\/wp-content\/uploads\/2025\/06\/img-20250610-wa0099814552258893992449.jpg 1539w\" sizes=\"(max-width: 1024px) 100vw, 1024px\" \/><\/figure>\n\n\n\n<figure class=\"wp-block-image\"><img loading=\"lazy\" decoding=\"async\" width=\"1024\" height=\"684\" src=\"https:\/\/contextoanalisisperiodistico.com\/wp-content\/uploads\/2025\/06\/img-20250610-wa00973564035145552909931-1024x684.jpg\" alt=\"\" class=\"wp-image-42437\" srcset=\"https:\/\/contextoanalisisperiodistico.com\/wp-content\/uploads\/2025\/06\/img-20250610-wa00973564035145552909931-1024x684.jpg 1024w, https:\/\/contextoanalisisperiodistico.com\/wp-content\/uploads\/2025\/06\/img-20250610-wa00973564035145552909931-300x200.jpg 300w, https:\/\/contextoanalisisperiodistico.com\/wp-content\/uploads\/2025\/06\/img-20250610-wa00973564035145552909931-768x513.jpg 768w, https:\/\/contextoanalisisperiodistico.com\/wp-content\/uploads\/2025\/06\/img-20250610-wa00973564035145552909931-1536x1027.jpg 1536w, https:\/\/contextoanalisisperiodistico.com\/wp-content\/uploads\/2025\/06\/img-20250610-wa00973564035145552909931.jpg 1616w\" sizes=\"(max-width: 1024px) 100vw, 1024px\" \/><\/figure>\n\n\n\n<p>Este acuerdo refleja el compromiso del Honorable Ayuntamiento de Oaxaca de Ju\u00e1rez con una ciudad m\u00e1s accesible, justa y solidaria, en concordancia con los principios de bienestar y justicia social promovidos desde el gobierno municipal.<\/p>\n\n\n\n<p>Asimismo, en el apartado de asuntos generales, el regidor del Centro Hist\u00f3rico y Patrimonio Mundial, Antonio \u00c1lvarez Mart\u00ednez, reiter\u00f3 que est\u00e1 prohibida la colocaci\u00f3n de carteles, anuncios o propaganda en inmuebles ubicados dentro del pol\u00edgono del Centro Hist\u00f3rico, declarado Patrimonio Cultural de la Humanidad por la UNESCO en 1987. Esta medida busca preservar el entorno urbano y mantener la imagen arquitect\u00f3nica que distingue a la ciudad.<\/p>\n\n\n\n<p>Se hizo un llamado respetuoso a la ciudadan\u00eda, comercios y visitantes a respetar esta disposici\u00f3n y contribuir de manera activa a la conservaci\u00f3n del patrimonio hist\u00f3rico.<\/p>\n\n\n\n<p>Las y los integrantes del Honorable Cabildo de Oaxaca de Ju\u00e1rez reafirman su compromiso de seguir impulsando acciones que fortalezcan el tejido social, promuevan el respeto al patrimonio y garanticen los derechos de toda la sociedad.<\/p>\n","protected":false},"excerpt":{"rendered":"<p>Oaxaca de Ju\u00e1rez, Oaxaca, 10 de junio de 2025.- Durante la sesi\u00f3n ordinaria de Cabildo&#8230;<\/p>\n","protected":false},"author":4,"featured_media":42433,"comment_status":"","ping_status":"open","sticky":false,"template":"","format":"standard","meta":{"footnotes":""},"categories":[9],"tags":[178,235,234,45],"jetpack_sharing_enabled":true,"featured_image_urls":{"full":["https:\/\/contextoanalisisperiodistico.com\/wp-content\/uploads\/2025\/06\/IMG-20250610-WA0096.jpg",1480,989,false],"thumbnail":["https:\/\/contextoanalisisperiodistico.com\/wp-content\/uploads\/2025\/06\/IMG-20250610-WA0096-150x150.jpg",150,150,true],"medium":["https:\/\/contextoanalisisperiodistico.com\/wp-content\/uploads\/2025\/06\/IMG-20250610-WA0096-300x200.jpg",300,200,true],"medium_large":["https:\/\/contextoanalisisperiodistico.com\/wp-content\/uploads\/2025\/06\/IMG-20250610-WA0096-768x513.jpg",640,428,true],"large":["https:\/\/contextoanalisisperiodistico.com\/wp-content\/uploads\/2025\/06\/IMG-20250610-WA0096-1024x684.jpg",640,428,true],"1536x1536":["https:\/\/contextoanalisisperiodistico.com\/wp-content\/uploads\/2025\/06\/IMG-20250610-WA0096.jpg",1480,989,false],"2048x2048":["https:\/\/contextoanalisisperiodistico.com\/wp-content\/uploads\/2025\/06\/IMG-20250610-WA0096.jpg",1480,989,false],"covernews-slider-full":["https:\/\/contextoanalisisperiodistico.com\/wp-content\/uploads\/2025\/06\/IMG-20250610-WA0096-1115x715.jpg",1115,715,true],"covernews-slider-center":["https:\/\/contextoanalisisperiodistico.com\/wp-content\/uploads\/2025\/06\/IMG-20250610-WA0096-800x500.jpg",800,500,true],"covernews-featured":["https:\/\/contextoanalisisperiodistico.com\/wp-content\/uploads\/2025\/06\/IMG-20250610-WA0096-1024x684.jpg",1024,684,true],"covernews-medium":["https:\/\/contextoanalisisperiodistico.com\/wp-content\/uploads\/2025\/06\/IMG-20250610-WA0096-540x340.jpg",540,340,true],"covernews-medium-square":["https:\/\/contextoanalisisperiodistico.com\/wp-content\/uploads\/2025\/06\/IMG-20250610-WA0096-400x250.jpg",400,250,true]},"author_info":{"display_name":"Mario Gir\u00f3n","author_link":"https:\/\/contextoanalisisperiodistico.com\/index.php\/author\/director\/"},"category_info":"<a href=\"https:\/\/contextoanalisisperiodistico.com\/index.php\/category\/politica\/\" rel=\"category tag\">Pol\u00edtica<\/a>","tag_info":"Pol\u00edtica","comment_count":"0","jetpack_featured_media_url":"https:\/\/contextoanalisisperiodistico.com\/wp-content\/uploads\/2025\/06\/IMG-20250610-WA0096.jpg","_links":{"self":[{"href":"https:\/\/contextoanalisisperiodistico.com\/index.php\/wp-json\/wp\/v2\/posts\/42438"}],"collection":[{"href":"https:\/\/contextoanalisisperiodistico.com\/index.php\/wp-json\/wp\/v2\/posts"}],"about":[{"href":"https:\/\/contextoanalisisperiodistico.com\/index.php\/wp-json\/wp\/v2\/types\/post"}],"author":[{"embeddable":true,"href":"https:\/\/contextoanalisisperiodistico.com\/index.php\/wp-json\/wp\/v2\/users\/4"}],"replies":[{"embeddable":true,"href":"https:\/\/contextoanalisisperiodistico.com\/index.php\/wp-json\/wp\/v2\/comments?post=42438"}],"version-history":[{"count":0,"href":"https:\/\/contextoanalisisperiodistico.com\/index.php\/wp-json\/wp\/v2\/posts\/42438\/revisions"}],"wp:featuredmedia":[{"embeddable":true,"href":"https:\/\/contextoanalisisperiodistico.com\/index.php\/wp-json\/wp\/v2\/media\/42433"}],"wp:attachment":[{"href":"https:\/\/contextoanalisisperiodistico.com\/index.php\/wp-json\/wp\/v2\/media?parent=42438"}],"wp:term":[{"taxonomy":"category","embeddable":true,"href":"https:\/\/contextoanalisisperiodistico.com\/index.php\/wp-json\/wp\/v2\/categories?post=42438"},{"taxonomy":"post_tag","embeddable":true,"href":"https:\/\/contextoanalisisperiodistico.com\/index.php\/wp-json\/wp\/v2\/tags?post=42438"}],"curies":[{"name":"wp","href":"https:\/\/api.w.org\/{rel}","templated":true}]}}