{"id":42425,"date":"2025-06-10T14:14:28","date_gmt":"2025-06-10T20:14:28","guid":{"rendered":"https:\/\/contextoanalisisperiodistico.com\/index.php\/2025\/06\/10\/promueve-sso-cultura-vial-para-evitar-accidentes\/"},"modified":"2025-06-10T14:14:28","modified_gmt":"2025-06-10T20:14:28","slug":"promueve-sso-cultura-vial-para-evitar-accidentes","status":"publish","type":"post","link":"https:\/\/contextoanalisisperiodistico.com\/index.php\/2025\/06\/10\/promueve-sso-cultura-vial-para-evitar-accidentes\/","title":{"rendered":"Promueve SSO cultura vial para evitar accidentes"},"content":{"rendered":"<div id=\"fb-root\"><\/div>\n\n<p>\u2022 Realiza acciones de concientizaci\u00f3n en el marco del D\u00eda Mundial de la Seguridad Vial<\/p>\n\n\n\n<figure class=\"wp-block-image size-large\"><img fetchpriority=\"high\" decoding=\"async\" width=\"1024\" height=\"768\" src=\"https:\/\/contextoanalisisperiodistico.com\/wp-content\/uploads\/2025\/06\/img-20250610-wa01223885407389140085031-1024x768.jpg\" alt=\"\" class=\"wp-image-42419\" srcset=\"https:\/\/contextoanalisisperiodistico.com\/wp-content\/uploads\/2025\/06\/img-20250610-wa01223885407389140085031-1024x768.jpg 1024w, https:\/\/contextoanalisisperiodistico.com\/wp-content\/uploads\/2025\/06\/img-20250610-wa01223885407389140085031-300x225.jpg 300w, https:\/\/contextoanalisisperiodistico.com\/wp-content\/uploads\/2025\/06\/img-20250610-wa01223885407389140085031-768x576.jpg 768w, https:\/\/contextoanalisisperiodistico.com\/wp-content\/uploads\/2025\/06\/img-20250610-wa01223885407389140085031.jpg 1280w\" sizes=\"(max-width: 1024px) 100vw, 1024px\" \/><\/figure>\n\n\n\n<figure class=\"wp-block-image\"><img decoding=\"async\" width=\"1024\" height=\"768\" src=\"https:\/\/contextoanalisisperiodistico.com\/wp-content\/uploads\/2025\/06\/img-20250610-wa01256128850762894280053-1024x768.jpg\" alt=\"\" class=\"wp-image-42421\" srcset=\"https:\/\/contextoanalisisperiodistico.com\/wp-content\/uploads\/2025\/06\/img-20250610-wa01256128850762894280053-1024x768.jpg 1024w, https:\/\/contextoanalisisperiodistico.com\/wp-content\/uploads\/2025\/06\/img-20250610-wa01256128850762894280053-300x225.jpg 300w, https:\/\/contextoanalisisperiodistico.com\/wp-content\/uploads\/2025\/06\/img-20250610-wa01256128850762894280053-768x576.jpg 768w, https:\/\/contextoanalisisperiodistico.com\/wp-content\/uploads\/2025\/06\/img-20250610-wa01256128850762894280053-1536x1152.jpg 1536w, https:\/\/contextoanalisisperiodistico.com\/wp-content\/uploads\/2025\/06\/img-20250610-wa01256128850762894280053.jpg 1600w\" sizes=\"(max-width: 1024px) 100vw, 1024px\" \/><\/figure>\n\n\n\n<figure class=\"wp-block-image\"><img decoding=\"async\" width=\"1024\" height=\"768\" src=\"https:\/\/contextoanalisisperiodistico.com\/wp-content\/uploads\/2025\/06\/img-20250610-wa01265339120422550060777-1024x768.jpg\" alt=\"\" class=\"wp-image-42420\" srcset=\"https:\/\/contextoanalisisperiodistico.com\/wp-content\/uploads\/2025\/06\/img-20250610-wa01265339120422550060777-1024x768.jpg 1024w, https:\/\/contextoanalisisperiodistico.com\/wp-content\/uploads\/2025\/06\/img-20250610-wa01265339120422550060777-300x225.jpg 300w, https:\/\/contextoanalisisperiodistico.com\/wp-content\/uploads\/2025\/06\/img-20250610-wa01265339120422550060777-768x576.jpg 768w, https:\/\/contextoanalisisperiodistico.com\/wp-content\/uploads\/2025\/06\/img-20250610-wa01265339120422550060777.jpg 1280w\" sizes=\"(max-width: 1024px) 100vw, 1024px\" \/><\/figure>\n\n\n\n<figure class=\"wp-block-image\"><img loading=\"lazy\" decoding=\"async\" width=\"1024\" height=\"768\" src=\"https:\/\/contextoanalisisperiodistico.com\/wp-content\/uploads\/2025\/06\/img-20250610-wa0123459947255177523135-1024x768.jpg\" alt=\"\" class=\"wp-image-42422\" srcset=\"https:\/\/contextoanalisisperiodistico.com\/wp-content\/uploads\/2025\/06\/img-20250610-wa0123459947255177523135-1024x768.jpg 1024w, https:\/\/contextoanalisisperiodistico.com\/wp-content\/uploads\/2025\/06\/img-20250610-wa0123459947255177523135-300x225.jpg 300w, https:\/\/contextoanalisisperiodistico.com\/wp-content\/uploads\/2025\/06\/img-20250610-wa0123459947255177523135-768x576.jpg 768w, https:\/\/contextoanalisisperiodistico.com\/wp-content\/uploads\/2025\/06\/img-20250610-wa0123459947255177523135.jpg 1280w\" sizes=\"(max-width: 1024px) 100vw, 1024px\" \/><\/figure>\n\n\n\n<figure class=\"wp-block-image\"><img loading=\"lazy\" decoding=\"async\" width=\"1024\" height=\"768\" src=\"https:\/\/contextoanalisisperiodistico.com\/wp-content\/uploads\/2025\/06\/img-20250610-wa0124529316540597914478-1024x768.jpg\" alt=\"\" class=\"wp-image-42424\" srcset=\"https:\/\/contextoanalisisperiodistico.com\/wp-content\/uploads\/2025\/06\/img-20250610-wa0124529316540597914478-1024x768.jpg 1024w, https:\/\/contextoanalisisperiodistico.com\/wp-content\/uploads\/2025\/06\/img-20250610-wa0124529316540597914478-300x225.jpg 300w, https:\/\/contextoanalisisperiodistico.com\/wp-content\/uploads\/2025\/06\/img-20250610-wa0124529316540597914478-768x576.jpg 768w, https:\/\/contextoanalisisperiodistico.com\/wp-content\/uploads\/2025\/06\/img-20250610-wa0124529316540597914478.jpg 1280w\" sizes=\"(max-width: 1024px) 100vw, 1024px\" \/><\/figure>\n\n\n\n<figure class=\"wp-block-image\"><img loading=\"lazy\" decoding=\"async\" width=\"460\" height=\"1024\" src=\"https:\/\/contextoanalisisperiodistico.com\/wp-content\/uploads\/2025\/06\/img-20250610-wa01278635464537086716931-460x1024.jpg\" alt=\"\" class=\"wp-image-42423\" srcset=\"https:\/\/contextoanalisisperiodistico.com\/wp-content\/uploads\/2025\/06\/img-20250610-wa01278635464537086716931-460x1024.jpg 460w, https:\/\/contextoanalisisperiodistico.com\/wp-content\/uploads\/2025\/06\/img-20250610-wa01278635464537086716931-135x300.jpg 135w, https:\/\/contextoanalisisperiodistico.com\/wp-content\/uploads\/2025\/06\/img-20250610-wa01278635464537086716931.jpg 575w\" sizes=\"(max-width: 460px) 100vw, 460px\" \/><\/figure>\n\n\n\n<p>Oaxaca de Ju\u00e1rez, Oax. 10 de junio de 2025.- Con el objetivo de reducir la incidencia de accidentes de tr\u00e1nsito en la entidad, Servicios de Salud de Oaxaca (SSO) implement\u00f3 una campa\u00f1a de concientizaci\u00f3n y promoci\u00f3n de la cultura vial en diversos puntos estrat\u00e9gicos de la Zona Metropolitana, en el marco del D\u00eda Mundial de la Seguridad Vial, que se celebra este 10 de junio.<\/p>\n\n\n\n<p>A trav\u00e9s de lonas informativas, carteles y distribuci\u00f3n de tr\u00edpticos, personal de la instituci\u00f3n difundi\u00f3 mensajes preventivos y recomendaciones clave para fomentar el respeto al reglamento de tr\u00e1nsito y generar reflexi\u00f3n entre personas conductoras, motociclistas y peatones.<\/p>\n\n\n\n<p>La dependencia se\u00f1al\u00f3 que en Oaxaca se registran en promedio 5 mil accidentes de tr\u00e1nsito al a\u00f1o, cuyas principales causas son: exceso de velocidad, uso de distractores al conducir (como el tel\u00e9fono celular), conducci\u00f3n bajo los efectos del alcohol, fatiga al volante y fallas mec\u00e1nicas en los veh\u00edculos.<\/p>\n\n\n\n<p>Durante la jornada, se hizo \u00e9nfasis en el uso correcto y obligatorio del casco en motociclistas, as\u00ed como del cintur\u00f3n de seguridad para todas las personas ocupantes del veh\u00edculo, adem\u00e1s de evitar conducir con cansancio o bajo los efectos del alcohol o sustancias nocivas.<\/p>\n\n\n\n<p>Se exhort\u00f3 a respetar los espacios y derechos del peat\u00f3n, lo que propicia una convivencia vial arm\u00f3nica y segura, que contribuya de forma directa a la disminuci\u00f3n de incidentes viales.<\/p>\n\n\n\n<p>Finalmente, SSO reitera su llamado a la poblaci\u00f3n a conducir con responsabilidad, evitar el uso de distractores, portar equipo de protecci\u00f3n en motocicleta, no permitir que menores de edad viajen como copilotos y no exceder el n\u00famero permitido de personas pasajeras.<\/p>\n\n\n\n<p>-0-<\/p>\n","protected":false},"excerpt":{"rendered":"<p>\u2022 Realiza acciones de concientizaci\u00f3n en el marco del D\u00eda Mundial de la Seguridad Vial&#8230;<\/p>\n","protected":false},"author":4,"featured_media":42418,"comment_status":"","ping_status":"open","sticky":false,"template":"","format":"standard","meta":{"footnotes":""},"categories":[92],"tags":[],"jetpack_sharing_enabled":true,"featured_image_urls":{"full":["https:\/\/contextoanalisisperiodistico.com\/wp-content\/uploads\/2025\/06\/IMG-20250610-WA0121.jpg",1280,960,false],"thumbnail":["https:\/\/contextoanalisisperiodistico.com\/wp-content\/uploads\/2025\/06\/IMG-20250610-WA0121-150x150.jpg",150,150,true],"medium":["https:\/\/contextoanalisisperiodistico.com\/wp-content\/uploads\/2025\/06\/IMG-20250610-WA0121-300x225.jpg",300,225,true],"medium_large":["https:\/\/contextoanalisisperiodistico.com\/wp-content\/uploads\/2025\/06\/IMG-20250610-WA0121-768x576.jpg",640,480,true],"large":["https:\/\/contextoanalisisperiodistico.com\/wp-content\/uploads\/2025\/06\/IMG-20250610-WA0121-1024x768.jpg",640,480,true],"1536x1536":["https:\/\/contextoanalisisperiodistico.com\/wp-content\/uploads\/2025\/06\/IMG-20250610-WA0121.jpg",1280,960,false],"2048x2048":["https:\/\/contextoanalisisperiodistico.com\/wp-content\/uploads\/2025\/06\/IMG-20250610-WA0121.jpg",1280,960,false],"covernews-slider-full":["https:\/\/contextoanalisisperiodistico.com\/wp-content\/uploads\/2025\/06\/IMG-20250610-WA0121-1115x715.jpg",1115,715,true],"covernews-slider-center":["https:\/\/contextoanalisisperiodistico.com\/wp-content\/uploads\/2025\/06\/IMG-20250610-WA0121-800x500.jpg",800,500,true],"covernews-featured":["https:\/\/contextoanalisisperiodistico.com\/wp-content\/uploads\/2025\/06\/IMG-20250610-WA0121-1024x768.jpg",1024,768,true],"covernews-medium":["https:\/\/contextoanalisisperiodistico.com\/wp-content\/uploads\/2025\/06\/IMG-20250610-WA0121-540x340.jpg",540,340,true],"covernews-medium-square":["https:\/\/contextoanalisisperiodistico.com\/wp-content\/uploads\/2025\/06\/IMG-20250610-WA0121-400x250.jpg",400,250,true]},"author_info":{"display_name":"Mario Gir\u00f3n","author_link":"https:\/\/contextoanalisisperiodistico.com\/index.php\/author\/director\/"},"category_info":"<a href=\"https:\/\/contextoanalisisperiodistico.com\/index.php\/category\/salud\/\" rel=\"category tag\">Salud<\/a>","tag_info":"Salud","comment_count":"0","jetpack_featured_media_url":"https:\/\/contextoanalisisperiodistico.com\/wp-content\/uploads\/2025\/06\/IMG-20250610-WA0121.jpg","_links":{"self":[{"href":"https:\/\/contextoanalisisperiodistico.com\/index.php\/wp-json\/wp\/v2\/posts\/42425"}],"collection":[{"href":"https:\/\/contextoanalisisperiodistico.com\/index.php\/wp-json\/wp\/v2\/posts"}],"about":[{"href":"https:\/\/contextoanalisisperiodistico.com\/index.php\/wp-json\/wp\/v2\/types\/post"}],"author":[{"embeddable":true,"href":"https:\/\/contextoanalisisperiodistico.com\/index.php\/wp-json\/wp\/v2\/users\/4"}],"replies":[{"embeddable":true,"href":"https:\/\/contextoanalisisperiodistico.com\/index.php\/wp-json\/wp\/v2\/comments?post=42425"}],"version-history":[{"count":0,"href":"https:\/\/contextoanalisisperiodistico.com\/index.php\/wp-json\/wp\/v2\/posts\/42425\/revisions"}],"wp:featuredmedia":[{"embeddable":true,"href":"https:\/\/contextoanalisisperiodistico.com\/index.php\/wp-json\/wp\/v2\/media\/42418"}],"wp:attachment":[{"href":"https:\/\/contextoanalisisperiodistico.com\/index.php\/wp-json\/wp\/v2\/media?parent=42425"}],"wp:term":[{"taxonomy":"category","embeddable":true,"href":"https:\/\/contextoanalisisperiodistico.com\/index.php\/wp-json\/wp\/v2\/categories?post=42425"},{"taxonomy":"post_tag","embeddable":true,"href":"https:\/\/contextoanalisisperiodistico.com\/index.php\/wp-json\/wp\/v2\/tags?post=42425"}],"curies":[{"name":"wp","href":"https:\/\/api.w.org\/{rel}","templated":true}]}}