{"id":42417,"date":"2025-06-10T14:10:04","date_gmt":"2025-06-10T20:10:04","guid":{"rendered":"https:\/\/contextoanalisisperiodistico.com\/index.php\/2025\/06\/10\/anuncia-seculta-a-las-55-delegaciones-que-participaran-en-la-guelaguetza-2025\/"},"modified":"2025-06-10T14:10:04","modified_gmt":"2025-06-10T20:10:04","slug":"anuncia-seculta-a-las-55-delegaciones-que-participaran-en-la-guelaguetza-2025","status":"publish","type":"post","link":"https:\/\/contextoanalisisperiodistico.com\/index.php\/2025\/06\/10\/anuncia-seculta-a-las-55-delegaciones-que-participaran-en-la-guelaguetza-2025\/","title":{"rendered":"Anuncia Seculta a las 55 delegaciones que participar\u00e1n en la Guelaguetza 2025"},"content":{"rendered":"<div id=\"fb-root\"><\/div>\n\n<p>\u2022 M\u00e1s de 60 presentaciones danc\u00edsticas, musicales y folcl\u00f3ricas tendr\u00e1n lugar durante las cuatro emisiones de la m\u00e1xima fiesta de las y los oaxaque\u00f1os, los lunes 21 y 28 de julio<\/p>\n\n\n\n<figure class=\"wp-block-image size-large\"><img fetchpriority=\"high\" decoding=\"async\" width=\"1024\" height=\"682\" src=\"https:\/\/contextoanalisisperiodistico.com\/wp-content\/uploads\/2025\/06\/img-20250610-wa01302813710832576015254-1024x682.jpg\" alt=\"\" class=\"wp-image-42416\" srcset=\"https:\/\/contextoanalisisperiodistico.com\/wp-content\/uploads\/2025\/06\/img-20250610-wa01302813710832576015254-1024x682.jpg 1024w, https:\/\/contextoanalisisperiodistico.com\/wp-content\/uploads\/2025\/06\/img-20250610-wa01302813710832576015254-300x200.jpg 300w, https:\/\/contextoanalisisperiodistico.com\/wp-content\/uploads\/2025\/06\/img-20250610-wa01302813710832576015254-768x512.jpg 768w, https:\/\/contextoanalisisperiodistico.com\/wp-content\/uploads\/2025\/06\/img-20250610-wa01302813710832576015254.jpg 1280w\" sizes=\"(max-width: 1024px) 100vw, 1024px\" \/><\/figure>\n\n\n\n<figure class=\"wp-block-image\"><img decoding=\"async\" width=\"1024\" height=\"682\" src=\"https:\/\/contextoanalisisperiodistico.com\/wp-content\/uploads\/2025\/06\/img-20250610-wa01323026419520456436696-1024x682.jpg\" alt=\"\" class=\"wp-image-42414\" srcset=\"https:\/\/contextoanalisisperiodistico.com\/wp-content\/uploads\/2025\/06\/img-20250610-wa01323026419520456436696-1024x682.jpg 1024w, https:\/\/contextoanalisisperiodistico.com\/wp-content\/uploads\/2025\/06\/img-20250610-wa01323026419520456436696-300x200.jpg 300w, https:\/\/contextoanalisisperiodistico.com\/wp-content\/uploads\/2025\/06\/img-20250610-wa01323026419520456436696-768x512.jpg 768w, https:\/\/contextoanalisisperiodistico.com\/wp-content\/uploads\/2025\/06\/img-20250610-wa01323026419520456436696.jpg 1280w\" sizes=\"(max-width: 1024px) 100vw, 1024px\" \/><\/figure>\n\n\n\n<figure class=\"wp-block-image\"><img decoding=\"async\" width=\"1024\" height=\"682\" src=\"https:\/\/contextoanalisisperiodistico.com\/wp-content\/uploads\/2025\/06\/img-20250610-wa0129145834184105988610-1024x682.jpg\" alt=\"\" class=\"wp-image-42415\" srcset=\"https:\/\/contextoanalisisperiodistico.com\/wp-content\/uploads\/2025\/06\/img-20250610-wa0129145834184105988610-1024x682.jpg 1024w, https:\/\/contextoanalisisperiodistico.com\/wp-content\/uploads\/2025\/06\/img-20250610-wa0129145834184105988610-300x200.jpg 300w, https:\/\/contextoanalisisperiodistico.com\/wp-content\/uploads\/2025\/06\/img-20250610-wa0129145834184105988610-768x512.jpg 768w, https:\/\/contextoanalisisperiodistico.com\/wp-content\/uploads\/2025\/06\/img-20250610-wa0129145834184105988610.jpg 1280w\" sizes=\"(max-width: 1024px) 100vw, 1024px\" \/><\/figure>\n\n\n\n<p>Ciudad de M\u00e9xico. 10 de junio de 2025.- El Gobierno de Oaxaca a trav\u00e9s de la Secretar\u00eda de las Culturas y Artes (Seculta), anunci\u00f3 a las 55 delegaciones que participar\u00e1n en el tradicional Lunes del Cerro y su Octava, en el marco de las festividades de la Guelaguetza 2025, que se celebrar\u00e1 el 21 y 28 de julio, con dos emisiones por d\u00eda, a las 10:00 y 17:00 horas.<\/p>\n\n\n\n<p>El titular de Seculta, Flavio Sosa Villavicencio expuso que, en total, m\u00e1s de 60 presentaciones danc\u00edsticas, musicales y folcl\u00f3ricas tendr\u00e1n lugar durante las cuatro presentaciones de la m\u00e1xima fiesta de las y los oaxaque\u00f1os en el Auditorio del Cerro del Fort\u00edn.<\/p>\n\n\n\n<p>Subray\u00f3 que en esta edici\u00f3n se mantiene el compromiso de salvaguardar la riqueza cultural de Oaxaca, reuniendo expresiones como danzas y cantos de las ocho regiones del estado; por eso, a\u00f1adi\u00f3, se efectu\u00f3 una selecci\u00f3n minuciosa por las y los Consejeros Interculturales que, en los meses previos, recorrieron la entidad.<\/p>\n\n\n\n<p>\u201cLa Guelaguetza es un acto de entrega, de comuni\u00f3n entre pueblos, en cada delegaci\u00f3n se vive el esp\u00edritu generoso de Oaxaca, y este 2025 lo reafirmamos con una programaci\u00f3n plural, diversa y profundamente representativa\u201d, expres\u00f3, durante la presentaci\u00f3n oficial de la m\u00e1xima fiesta del estado, en la capital del pa\u00eds.<\/p>\n\n\n\n<p>En la emisi\u00f3n matutina del Primer Lunes participar\u00e1n las delegaciones: Chinas Oaxaque\u00f1as de Casilda Flores, Santa Mar\u00eda Teopoxco, Ciudad Ixtepec, Miahuatl\u00e1n de Porfirio D\u00edaz, Santo Domingo Zanatepec, Collantes, Santiago Zacatepec Mixe, Santa Mar\u00eda Atzompa, San Juan Copala, Heroica Ciudad de Tlaxiaco, San Juan Cacahuatepec, San Felipe Usila, San Bartolo Coyotepec y San Juan Bautista Tuxtepec.<\/p>\n\n\n\n<p>Para la emisi\u00f3n de las 17:00 horas ser\u00e1n: San Mateo Macuilx\u00f3chitl de \u00c1rtigas Carranza, Huautla de Jim\u00e9nez, Tlacolula de Matamoros, San Francisco del Mar, Asunci\u00f3n Ixtaltepec, Santos Reyes Nopala, Santa Mar\u00eda Tlahuitoltepec, San Pedro Amuzgos, Villa de Tamazul\u00e1pam del Progreso, Heroica Ciudad de Ejutla de Crespo, Santiago Juxtlahuaca, San Melchor Betaza, Heroica Ciudad de Tlaxiaco, Villa de Zaachila, San Juan Bautista Tuxtepec, San Pedro Pochutla, Chinas Oaxaque\u00f1as de Genoveva Medina.<\/p>\n\n\n\n<p>Durante emisi\u00f3n matutina del 28 de julio, a las 10:00 horas las delegaciones incluidas son: Chinas Oaxaque\u00f1as de Genoveva Medina, Santa Mar\u00eda Tonameca, Santiago Jocotepec, San Miguel El Grande, Villa Hidalgo Yalalag, Santiago Pinotepa Nacional, San Pablo Macuiltianguis, Teotitl\u00e1n del Valle, San Antonio de la Cal, Heroica Villa de San Blas Atempa, Heroica Ciudad de Huajuapan de Le\u00f3n, Pinotepa de Don Luis, San Juan Bautista Tuxtepec y Putla Villa de Guerrero.<\/p>\n\n\n\n<p>Para la presentaci\u00f3n vespertina, las delegaciones participantes ser\u00e1n: Loma Bonita, Chalcatongo de Hidalgo, Heroica Ciudad de Juchit\u00e1n de Zaragoza, Santo Tom\u00e1s Ocotepec, Villa Sola de Vega, San Sebasti\u00e1n Tecomaxtlahuaca, San Andr\u00e9s Huaxpaltepec, Santa Mar\u00eda Huatulco, San Pablo Villa de Mitla, San Pedro Ixcatl\u00e1n, Santiago Llano Grande, Cuil\u00e1pam de Guerrero, Heroica Ciudad de Huajuapan de Le\u00f3n, Santa Cruz Xoxocotl\u00e1n, Santa Mar\u00eda Zacatepec, San Juan Bautista Tuxtepec y Chinas Oaxaque\u00f1as de Casilda Flores.<\/p>\n\n\n\n<p>-0-<\/p>\n","protected":false},"excerpt":{"rendered":"<p>\u2022 M\u00e1s de 60 presentaciones danc\u00edsticas, musicales y folcl\u00f3ricas tendr\u00e1n lugar durante las cuatro emisiones&#8230;<\/p>\n","protected":false},"author":4,"featured_media":42413,"comment_status":"","ping_status":"open","sticky":false,"template":"","format":"standard","meta":{"footnotes":""},"categories":[4],"tags":[],"jetpack_sharing_enabled":true,"featured_image_urls":{"full":["https:\/\/contextoanalisisperiodistico.com\/wp-content\/uploads\/2025\/06\/IMG-20250610-WA0131.jpg",1280,853,false],"thumbnail":["https:\/\/contextoanalisisperiodistico.com\/wp-content\/uploads\/2025\/06\/IMG-20250610-WA0131-150x150.jpg",150,150,true],"medium":["https:\/\/contextoanalisisperiodistico.com\/wp-content\/uploads\/2025\/06\/IMG-20250610-WA0131-300x200.jpg",300,200,true],"medium_large":["https:\/\/contextoanalisisperiodistico.com\/wp-content\/uploads\/2025\/06\/IMG-20250610-WA0131-768x512.jpg",640,427,true],"large":["https:\/\/contextoanalisisperiodistico.com\/wp-content\/uploads\/2025\/06\/IMG-20250610-WA0131-1024x682.jpg",640,426,true],"1536x1536":["https:\/\/contextoanalisisperiodistico.com\/wp-content\/uploads\/2025\/06\/IMG-20250610-WA0131.jpg",1280,853,false],"2048x2048":["https:\/\/contextoanalisisperiodistico.com\/wp-content\/uploads\/2025\/06\/IMG-20250610-WA0131.jpg",1280,853,false],"covernews-slider-full":["https:\/\/contextoanalisisperiodistico.com\/wp-content\/uploads\/2025\/06\/IMG-20250610-WA0131-1115x715.jpg",1115,715,true],"covernews-slider-center":["https:\/\/contextoanalisisperiodistico.com\/wp-content\/uploads\/2025\/06\/IMG-20250610-WA0131-800x500.jpg",800,500,true],"covernews-featured":["https:\/\/contextoanalisisperiodistico.com\/wp-content\/uploads\/2025\/06\/IMG-20250610-WA0131-1024x682.jpg",1024,682,true],"covernews-medium":["https:\/\/contextoanalisisperiodistico.com\/wp-content\/uploads\/2025\/06\/IMG-20250610-WA0131-540x340.jpg",540,340,true],"covernews-medium-square":["https:\/\/contextoanalisisperiodistico.com\/wp-content\/uploads\/2025\/06\/IMG-20250610-WA0131-400x250.jpg",400,250,true]},"author_info":{"display_name":"Mario Gir\u00f3n","author_link":"https:\/\/contextoanalisisperiodistico.com\/index.php\/author\/director\/"},"category_info":"<a href=\"https:\/\/contextoanalisisperiodistico.com\/index.php\/category\/cultura\/\" rel=\"category tag\">Cultura<\/a>","tag_info":"Cultura","comment_count":"0","jetpack_featured_media_url":"https:\/\/contextoanalisisperiodistico.com\/wp-content\/uploads\/2025\/06\/IMG-20250610-WA0131.jpg","_links":{"self":[{"href":"https:\/\/contextoanalisisperiodistico.com\/index.php\/wp-json\/wp\/v2\/posts\/42417"}],"collection":[{"href":"https:\/\/contextoanalisisperiodistico.com\/index.php\/wp-json\/wp\/v2\/posts"}],"about":[{"href":"https:\/\/contextoanalisisperiodistico.com\/index.php\/wp-json\/wp\/v2\/types\/post"}],"author":[{"embeddable":true,"href":"https:\/\/contextoanalisisperiodistico.com\/index.php\/wp-json\/wp\/v2\/users\/4"}],"replies":[{"embeddable":true,"href":"https:\/\/contextoanalisisperiodistico.com\/index.php\/wp-json\/wp\/v2\/comments?post=42417"}],"version-history":[{"count":0,"href":"https:\/\/contextoanalisisperiodistico.com\/index.php\/wp-json\/wp\/v2\/posts\/42417\/revisions"}],"wp:featuredmedia":[{"embeddable":true,"href":"https:\/\/contextoanalisisperiodistico.com\/index.php\/wp-json\/wp\/v2\/media\/42413"}],"wp:attachment":[{"href":"https:\/\/contextoanalisisperiodistico.com\/index.php\/wp-json\/wp\/v2\/media?parent=42417"}],"wp:term":[{"taxonomy":"category","embeddable":true,"href":"https:\/\/contextoanalisisperiodistico.com\/index.php\/wp-json\/wp\/v2\/categories?post=42417"},{"taxonomy":"post_tag","embeddable":true,"href":"https:\/\/contextoanalisisperiodistico.com\/index.php\/wp-json\/wp\/v2\/tags?post=42417"}],"curies":[{"name":"wp","href":"https:\/\/api.w.org\/{rel}","templated":true}]}}