{"id":42410,"date":"2025-06-10T13:59:10","date_gmt":"2025-06-10T19:59:10","guid":{"rendered":"https:\/\/contextoanalisisperiodistico.com\/index.php\/2025\/06\/10\/no-tolerar-la-colocacion-irregular-de-propaganda-en-el-centro-historico-regidor-alvarez-martinez\/"},"modified":"2025-06-10T14:03:47","modified_gmt":"2025-06-10T20:03:47","slug":"no-tolerar-la-colocacion-irregular-de-propaganda-en-el-centro-historico-regidor-alvarez-martinez","status":"publish","type":"post","link":"https:\/\/contextoanalisisperiodistico.com\/index.php\/2025\/06\/10\/no-tolerar-la-colocacion-irregular-de-propaganda-en-el-centro-historico-regidor-alvarez-martinez\/","title":{"rendered":"\u00abNo tolerar colocaci\u00f3n irregular de propaganda en el Centro Hist\u00f3rico\u00bb: Regidor \u00c1lvarez Mart\u00ednez"},"content":{"rendered":"<div id=\"fb-root\"><\/div>\n\n<p>El gobierno de la ciudad no debe parecer permisivo ante la ciudadan\u00eda, respecto a la colocaci\u00f3n de carteles y cualquier propaganda en los bienes inmuebles del Centro Hist\u00f3rico, por ello las \u00e1reas competentes de la administraci\u00f3n p\u00fablica municipal, est\u00e1n obligadas a garantizar plenamente: el saneamiento, limpieza y conservaci\u00f3n del Centro Hist\u00f3rico, se\u00f1al\u00f3 est\u00e1 ma\u00f1ana, en Sesi\u00f3n Ordinaria de Cabildo, el regidor del ramo, Antonio \u00c1lvarez Mart\u00ednez.<\/p>\n\n\n\n<p>Lo anterior en relaci\u00f3n con diversas notas y publicaciones que fueron difundidas a trav\u00e9s de algunos medios de comunicaci\u00f3n, principalmente en redes sociales, en d\u00f3nde se cuestiona la permisividad de las autoridades competentes tras la colocaci\u00f3n de carteles en inmuebles del Centro Hist\u00f3rico, acci\u00f3n que contraviene a lo establecido en la normatividad que rige al patrimonio edificado del Centro Hist\u00f3rico de Oaxaca de Ju\u00e1rez.<\/p>\n\n\n\n<p>Mencion\u00f3 que la propia normatividad municipal establece que la colocaci\u00f3n de cualquier tipo de publicidad o propaganda, debe de contar previamente con la autorizaci\u00f3n de la Direcci\u00f3n del Centro y Patrimonio Hist\u00f3rico y en caso de tratarse de inmuebles federales, del Instituto Nacional de Antropolog\u00eda e Historia. Sin embargo, \u00fanicamente se podr\u00e1n colocar este tipo de anuncios en las carteleras municipales del pol\u00edgono del Centro Hist\u00f3rico.<\/p>\n\n\n\n<p>Por lo anterior, \u00c1lvarez Mart\u00ednez hizo un llamado extensivo a toda la ciudadan\u00eda, con el fin de generar conciencia sobre la importancia que tiene la conservaci\u00f3n de nuestro patrimonio hist\u00f3rico, condici\u00f3n que nos identifica mundialmente.<\/p>\n\n\n\n<figure class=\"wp-block-video\"><video controls src=\"https:\/\/contextoanalisisperiodistico.com\/wp-content\/uploads\/2025\/06\/VID20250610093737.mp4\"><\/video><figcaption class=\"wp-element-caption\">Regidor, \u00c1lvarez Mart\u00ednez <\/figcaption><\/figure>\n\n\n\n<figure class=\"wp-block-video\"><video controls src=\"https:\/\/contextoanalisisperiodistico.com\/wp-content\/uploads\/2025\/06\/VID20250610100026-1.mp4\"><\/video><\/figure>\n\n\n\n<figure class=\"wp-block-video\"><video controls src=\"file:\/\/\/storage\/emulated\/0\/DCIM\/Camera\/VID20250610100026.mp4\"><\/video><\/figure>\n\n\n\n<figure class=\"wp-block-video\"><video controls src=\"https:\/\/contextoanalisisperiodistico.com\/wp-content\/uploads\/2025\/06\/VID20250610094124-1.mp4\"><\/video><\/figure>\n\n\n\n<figure class=\"wp-block-video\"><video controls src=\"https:\/\/contextoanalisisperiodistico.com\/wp-content\/uploads\/2025\/06\/VID20250610100026.mp4\"><\/video><\/figure>\n\n\n\n<figure class=\"wp-block-video\"><video controls src=\"https:\/\/contextoanalisisperiodistico.com\/wp-content\/uploads\/2025\/06\/VID20250610094124.mp4\"><\/video><figcaption class=\"wp-element-caption\">A favor de proteger y respetar el Centro Hist\u00f3rico capitalino, Regidor, H\u00e9ctor Pablo Ram\u00edrez Puga Leyva <\/figcaption><\/figure>\n\n\n\n<figure class=\"wp-block-video\"><video src=\"file:\/\/\/storage\/emulated\/0\/DCIM\/Camera\/VID20250610101007.mp4\"><\/video><\/figure>\n\n\n\n<figure class=\"wp-block-video\"><video controls src=\"file:\/\/\/storage\/emulated\/0\/DCIM\/Camera\/VID20250610101007.mp4\"><\/video><\/figure>\n\n\n\n<figure class=\"wp-block-video\"><\/figure>\n\n\n\n<figure class=\"wp-block-video\"><video controls src=\"file:\/\/\/storage\/emulated\/0\/DCIM\/Camera\/VID20250610101007.mp4\"><\/video><\/figure>\n\n\n\n<figure class=\"wp-block-video\"><video controls src=\"https:\/\/contextoanalisisperiodistico.com\/wp-content\/uploads\/2025\/06\/VID20250610101007-1.mp4\"><\/video><figcaption class=\"wp-element-caption\">No veo mala fe en la pega de papel: Ray Chagoya <\/figcaption><\/figure>\n","protected":false},"excerpt":{"rendered":"<p>El gobierno de la ciudad no debe parecer permisivo ante la ciudadan\u00eda, respecto a la&#8230;<\/p>\n","protected":false},"author":4,"featured_media":42395,"comment_status":"closed","ping_status":"open","sticky":false,"template":"","format":"standard","meta":{"footnotes":""},"categories":[9],"tags":[],"jetpack_sharing_enabled":true,"featured_image_urls":{"full":["https:\/\/contextoanalisisperiodistico.com\/wp-content\/uploads\/2025\/06\/IMG_20250610_122744.jpg",720,486,false],"thumbnail":["https:\/\/contextoanalisisperiodistico.com\/wp-content\/uploads\/2025\/06\/IMG_20250610_122744-150x150.jpg",150,150,true],"medium":["https:\/\/contextoanalisisperiodistico.com\/wp-content\/uploads\/2025\/06\/IMG_20250610_122744-300x203.jpg",300,203,true],"medium_large":["https:\/\/contextoanalisisperiodistico.com\/wp-content\/uploads\/2025\/06\/IMG_20250610_122744.jpg",640,432,false],"large":["https:\/\/contextoanalisisperiodistico.com\/wp-content\/uploads\/2025\/06\/IMG_20250610_122744.jpg",640,432,false],"1536x1536":["https:\/\/contextoanalisisperiodistico.com\/wp-content\/uploads\/2025\/06\/IMG_20250610_122744.jpg",720,486,false],"2048x2048":["https:\/\/contextoanalisisperiodistico.com\/wp-content\/uploads\/2025\/06\/IMG_20250610_122744.jpg",720,486,false],"covernews-slider-full":["https:\/\/contextoanalisisperiodistico.com\/wp-content\/uploads\/2025\/06\/IMG_20250610_122744.jpg",720,486,false],"covernews-slider-center":["https:\/\/contextoanalisisperiodistico.com\/wp-content\/uploads\/2025\/06\/IMG_20250610_122744.jpg",720,486,false],"covernews-featured":["https:\/\/contextoanalisisperiodistico.com\/wp-content\/uploads\/2025\/06\/IMG_20250610_122744.jpg",720,486,false],"covernews-medium":["https:\/\/contextoanalisisperiodistico.com\/wp-content\/uploads\/2025\/06\/IMG_20250610_122744-540x340.jpg",540,340,true],"covernews-medium-square":["https:\/\/contextoanalisisperiodistico.com\/wp-content\/uploads\/2025\/06\/IMG_20250610_122744-400x250.jpg",400,250,true]},"author_info":{"display_name":"Mario Gir\u00f3n","author_link":"https:\/\/contextoanalisisperiodistico.com\/index.php\/author\/director\/"},"category_info":"<a href=\"https:\/\/contextoanalisisperiodistico.com\/index.php\/category\/politica\/\" rel=\"category tag\">Pol\u00edtica<\/a>","tag_info":"Pol\u00edtica","comment_count":"0","jetpack_featured_media_url":"https:\/\/contextoanalisisperiodistico.com\/wp-content\/uploads\/2025\/06\/IMG_20250610_122744.jpg","_links":{"self":[{"href":"https:\/\/contextoanalisisperiodistico.com\/index.php\/wp-json\/wp\/v2\/posts\/42410"}],"collection":[{"href":"https:\/\/contextoanalisisperiodistico.com\/index.php\/wp-json\/wp\/v2\/posts"}],"about":[{"href":"https:\/\/contextoanalisisperiodistico.com\/index.php\/wp-json\/wp\/v2\/types\/post"}],"author":[{"embeddable":true,"href":"https:\/\/contextoanalisisperiodistico.com\/index.php\/wp-json\/wp\/v2\/users\/4"}],"replies":[{"embeddable":true,"href":"https:\/\/contextoanalisisperiodistico.com\/index.php\/wp-json\/wp\/v2\/comments?post=42410"}],"version-history":[{"count":2,"href":"https:\/\/contextoanalisisperiodistico.com\/index.php\/wp-json\/wp\/v2\/posts\/42410\/revisions"}],"predecessor-version":[{"id":42412,"href":"https:\/\/contextoanalisisperiodistico.com\/index.php\/wp-json\/wp\/v2\/posts\/42410\/revisions\/42412"}],"wp:featuredmedia":[{"embeddable":true,"href":"https:\/\/contextoanalisisperiodistico.com\/index.php\/wp-json\/wp\/v2\/media\/42395"}],"wp:attachment":[{"href":"https:\/\/contextoanalisisperiodistico.com\/index.php\/wp-json\/wp\/v2\/media?parent=42410"}],"wp:term":[{"taxonomy":"category","embeddable":true,"href":"https:\/\/contextoanalisisperiodistico.com\/index.php\/wp-json\/wp\/v2\/categories?post=42410"},{"taxonomy":"post_tag","embeddable":true,"href":"https:\/\/contextoanalisisperiodistico.com\/index.php\/wp-json\/wp\/v2\/tags?post=42410"}],"curies":[{"name":"wp","href":"https:\/\/api.w.org\/{rel}","templated":true}]}}