{"id":42349,"date":"2025-06-08T18:33:00","date_gmt":"2025-06-09T00:33:00","guid":{"rendered":"https:\/\/contextoanalisisperiodistico.com\/index.php\/2025\/06\/08\/fortalece-gobierno-de-oaxaca-infraestructura-sanitaria-de-candiani\/"},"modified":"2025-06-08T18:33:00","modified_gmt":"2025-06-09T00:33:00","slug":"fortalece-gobierno-de-oaxaca-infraestructura-sanitaria-de-candiani","status":"publish","type":"post","link":"https:\/\/contextoanalisisperiodistico.com\/index.php\/2025\/06\/08\/fortalece-gobierno-de-oaxaca-infraestructura-sanitaria-de-candiani\/","title":{"rendered":"Fortalece Gobierno de Oaxaca infraestructura sanitaria de Candiani"},"content":{"rendered":"<div id=\"fb-root\"><\/div>\n\n<p>\u2022 El Mandatario Salom\u00f3n Jara anunci\u00f3 las rehabilitaciones de sistemas de drenaje de esta zona del municipio capitalino<\/p>\n\n\n\n<figure class=\"wp-block-image size-large\"><img fetchpriority=\"high\" decoding=\"async\" width=\"1024\" height=\"682\" src=\"https:\/\/contextoanalisisperiodistico.com\/wp-content\/uploads\/2025\/06\/img-20250608-wa01641076521785086404751-1024x682.jpg\" alt=\"\" class=\"wp-image-42346\" srcset=\"https:\/\/contextoanalisisperiodistico.com\/wp-content\/uploads\/2025\/06\/img-20250608-wa01641076521785086404751-1024x682.jpg 1024w, https:\/\/contextoanalisisperiodistico.com\/wp-content\/uploads\/2025\/06\/img-20250608-wa01641076521785086404751-300x200.jpg 300w, https:\/\/contextoanalisisperiodistico.com\/wp-content\/uploads\/2025\/06\/img-20250608-wa01641076521785086404751-768x512.jpg 768w, https:\/\/contextoanalisisperiodistico.com\/wp-content\/uploads\/2025\/06\/img-20250608-wa01641076521785086404751.jpg 1280w\" sizes=\"(max-width: 1024px) 100vw, 1024px\" \/><\/figure>\n\n\n\n<figure class=\"wp-block-image\"><img decoding=\"async\" width=\"1024\" height=\"682\" src=\"https:\/\/contextoanalisisperiodistico.com\/wp-content\/uploads\/2025\/06\/img-20250608-wa01674418474880087197285-1024x682.jpg\" alt=\"\" class=\"wp-image-42348\" srcset=\"https:\/\/contextoanalisisperiodistico.com\/wp-content\/uploads\/2025\/06\/img-20250608-wa01674418474880087197285-1024x682.jpg 1024w, https:\/\/contextoanalisisperiodistico.com\/wp-content\/uploads\/2025\/06\/img-20250608-wa01674418474880087197285-300x200.jpg 300w, https:\/\/contextoanalisisperiodistico.com\/wp-content\/uploads\/2025\/06\/img-20250608-wa01674418474880087197285-768x512.jpg 768w, https:\/\/contextoanalisisperiodistico.com\/wp-content\/uploads\/2025\/06\/img-20250608-wa01674418474880087197285.jpg 1280w\" sizes=\"(max-width: 1024px) 100vw, 1024px\" \/><\/figure>\n\n\n\n<figure class=\"wp-block-image\"><img decoding=\"async\" width=\"1024\" height=\"682\" src=\"https:\/\/contextoanalisisperiodistico.com\/wp-content\/uploads\/2025\/06\/img-20250608-wa01652454966037142037307-1024x682.jpg\" alt=\"\" class=\"wp-image-42347\" srcset=\"https:\/\/contextoanalisisperiodistico.com\/wp-content\/uploads\/2025\/06\/img-20250608-wa01652454966037142037307-1024x682.jpg 1024w, https:\/\/contextoanalisisperiodistico.com\/wp-content\/uploads\/2025\/06\/img-20250608-wa01652454966037142037307-300x200.jpg 300w, https:\/\/contextoanalisisperiodistico.com\/wp-content\/uploads\/2025\/06\/img-20250608-wa01652454966037142037307-768x512.jpg 768w, https:\/\/contextoanalisisperiodistico.com\/wp-content\/uploads\/2025\/06\/img-20250608-wa01652454966037142037307.jpg 1280w\" sizes=\"(max-width: 1024px) 100vw, 1024px\" \/><\/figure>\n\n\n\n<p>Oaxaca de Ju\u00e1rez, Oax. 8 de junio de 2025.- Con el prop\u00f3sito de asegurar servicios b\u00e1sicos para la poblaci\u00f3n de la agencia de Candiani, ubicada en Oaxaca de Ju\u00e1rez, el Gobernador Salom\u00f3n Jara Cruz autoriz\u00f3 una serie de obras enfocadas en fortalecer la infraestructura sanitaria de esta localidad.<\/p>\n\n\n\n<p>En asamblea, el titular del Poder Ejecutivo indic\u00f3 que la Comisi\u00f3n Estatal del Agua para el Bienestar (Ceabien) atender\u00e1 el colector sanitario de la avenida Campi\u00f1a. Esta obra tiene un monto de 26 millones 831 mil 111 pesos, de los cuales, 50 por ciento ser\u00e1n otorgados por el Ayuntamiento capitalino.<\/p>\n\n\n\n<p>Asimismo, la dependencia estatal rehabilitar\u00e1 el drenaje sanitario del Fraccionamiento Valle Esmeralda con un presupuesto de 3 millones 746 mil 132 pesos.<\/p>\n\n\n\n<p>Aunado a ello, el Gobierno de la Primavera Oaxaque\u00f1a trabajar\u00e1 en el sistema de agua potable de las calles Vicente Guerrero y La Luz, as\u00ed como en la avenida Universidad y el Fraccionamiento Real Candiani; con un monto de 1 mill\u00f3n 200 mil pesos.<\/p>\n\n\n\n<p>Con el esquema Trabajo que Transforma tu Municipio:<\/p>\n\n\n\n<p>\u2022 La Secretar\u00eda de Infraestructuras y Comunicaciones concluy\u00f3 la reposici\u00f3n de pavimento de la lateral de S\u00edmbolos Patrios, obra abandonada por la administraci\u00f3n anterior.<\/p>\n\n\n\n<p>\u2022 Tambi\u00e9n, realizar\u00e1 el estudio y proyecto para atender el Andador del Sol, en el tramo que corresponde de la calle Antonio de Le\u00f3n a Carrada del Sol.<\/p>\n\n\n\n<p>\u2022 La Secretar\u00eda de las Cultura y Artes otorgar\u00e1 instrumentos a dos bandas de m\u00fasica de esta zona.<\/p>\n\n\n\n<p>\u2022 Las cuatro escuelas recibir\u00e1n computadoras, impresoras, proyectores, lotes de mobiliario, pizarrones, material de aseo, deportivo y de oficina.<\/p>\n\n\n\n<p>-0-<\/p>\n","protected":false},"excerpt":{"rendered":"<p>\u2022 El Mandatario Salom\u00f3n Jara anunci\u00f3 las rehabilitaciones de sistemas de drenaje de esta zona&#8230;<\/p>\n","protected":false},"author":4,"featured_media":42345,"comment_status":"","ping_status":"open","sticky":false,"template":"","format":"standard","meta":{"footnotes":""},"categories":[3],"tags":[],"jetpack_sharing_enabled":true,"featured_image_urls":{"full":["https:\/\/contextoanalisisperiodistico.com\/wp-content\/uploads\/2025\/06\/IMG-20250608-WA0163.jpg",1280,853,false],"thumbnail":["https:\/\/contextoanalisisperiodistico.com\/wp-content\/uploads\/2025\/06\/IMG-20250608-WA0163-150x150.jpg",150,150,true],"medium":["https:\/\/contextoanalisisperiodistico.com\/wp-content\/uploads\/2025\/06\/IMG-20250608-WA0163-300x200.jpg",300,200,true],"medium_large":["https:\/\/contextoanalisisperiodistico.com\/wp-content\/uploads\/2025\/06\/IMG-20250608-WA0163-768x512.jpg",640,427,true],"large":["https:\/\/contextoanalisisperiodistico.com\/wp-content\/uploads\/2025\/06\/IMG-20250608-WA0163-1024x682.jpg",640,426,true],"1536x1536":["https:\/\/contextoanalisisperiodistico.com\/wp-content\/uploads\/2025\/06\/IMG-20250608-WA0163.jpg",1280,853,false],"2048x2048":["https:\/\/contextoanalisisperiodistico.com\/wp-content\/uploads\/2025\/06\/IMG-20250608-WA0163.jpg",1280,853,false],"covernews-slider-full":["https:\/\/contextoanalisisperiodistico.com\/wp-content\/uploads\/2025\/06\/IMG-20250608-WA0163-1115x715.jpg",1115,715,true],"covernews-slider-center":["https:\/\/contextoanalisisperiodistico.com\/wp-content\/uploads\/2025\/06\/IMG-20250608-WA0163-800x500.jpg",800,500,true],"covernews-featured":["https:\/\/contextoanalisisperiodistico.com\/wp-content\/uploads\/2025\/06\/IMG-20250608-WA0163-1024x682.jpg",1024,682,true],"covernews-medium":["https:\/\/contextoanalisisperiodistico.com\/wp-content\/uploads\/2025\/06\/IMG-20250608-WA0163-540x340.jpg",540,340,true],"covernews-medium-square":["https:\/\/contextoanalisisperiodistico.com\/wp-content\/uploads\/2025\/06\/IMG-20250608-WA0163-400x250.jpg",400,250,true]},"author_info":{"display_name":"Mario Gir\u00f3n","author_link":"https:\/\/contextoanalisisperiodistico.com\/index.php\/author\/director\/"},"category_info":"<a href=\"https:\/\/contextoanalisisperiodistico.com\/index.php\/category\/ciudad\/\" rel=\"category tag\">Ciudad<\/a>","tag_info":"Ciudad","comment_count":"0","jetpack_featured_media_url":"https:\/\/contextoanalisisperiodistico.com\/wp-content\/uploads\/2025\/06\/IMG-20250608-WA0163.jpg","_links":{"self":[{"href":"https:\/\/contextoanalisisperiodistico.com\/index.php\/wp-json\/wp\/v2\/posts\/42349"}],"collection":[{"href":"https:\/\/contextoanalisisperiodistico.com\/index.php\/wp-json\/wp\/v2\/posts"}],"about":[{"href":"https:\/\/contextoanalisisperiodistico.com\/index.php\/wp-json\/wp\/v2\/types\/post"}],"author":[{"embeddable":true,"href":"https:\/\/contextoanalisisperiodistico.com\/index.php\/wp-json\/wp\/v2\/users\/4"}],"replies":[{"embeddable":true,"href":"https:\/\/contextoanalisisperiodistico.com\/index.php\/wp-json\/wp\/v2\/comments?post=42349"}],"version-history":[{"count":0,"href":"https:\/\/contextoanalisisperiodistico.com\/index.php\/wp-json\/wp\/v2\/posts\/42349\/revisions"}],"wp:featuredmedia":[{"embeddable":true,"href":"https:\/\/contextoanalisisperiodistico.com\/index.php\/wp-json\/wp\/v2\/media\/42345"}],"wp:attachment":[{"href":"https:\/\/contextoanalisisperiodistico.com\/index.php\/wp-json\/wp\/v2\/media?parent=42349"}],"wp:term":[{"taxonomy":"category","embeddable":true,"href":"https:\/\/contextoanalisisperiodistico.com\/index.php\/wp-json\/wp\/v2\/categories?post=42349"},{"taxonomy":"post_tag","embeddable":true,"href":"https:\/\/contextoanalisisperiodistico.com\/index.php\/wp-json\/wp\/v2\/tags?post=42349"}],"curies":[{"name":"wp","href":"https:\/\/api.w.org\/{rel}","templated":true}]}}