{"id":42334,"date":"2025-06-08T18:05:34","date_gmt":"2025-06-09T00:05:34","guid":{"rendered":"https:\/\/contextoanalisisperiodistico.com\/index.php\/2025\/06\/08\/invierte-gobierno-estatal-3-8-mdp-en-infraestructura-educativa-de-san-juan-chapultepec\/"},"modified":"2025-06-08T18:05:34","modified_gmt":"2025-06-09T00:05:34","slug":"invierte-gobierno-estatal-3-8-mdp-en-infraestructura-educativa-de-san-juan-chapultepec","status":"publish","type":"post","link":"https:\/\/contextoanalisisperiodistico.com\/index.php\/2025\/06\/08\/invierte-gobierno-estatal-3-8-mdp-en-infraestructura-educativa-de-san-juan-chapultepec\/","title":{"rendered":"Invierte Gobierno Estatal 3.8 mdp en infraestructura educativa de San Juan Chapultepec"},"content":{"rendered":"<div id=\"fb-root\"><\/div>\n\n<p>\u2022 Coordinan esfuerzos Soapa y municipio de Oaxaca de Ju\u00e1rez para ejecutar el programa \u201cDestape al Drenaje\u201d en esta demarcaci\u00f3n; as\u00ed como cambiar los colectores del R\u00edo Atoyac<\/p>\n\n\n\n<figure class=\"wp-block-image size-large\"><img fetchpriority=\"high\" decoding=\"async\" width=\"1002\" height=\"827\" src=\"https:\/\/contextoanalisisperiodistico.com\/wp-content\/uploads\/2025\/06\/img-20250608-wa0160989363618473303091.jpg\" alt=\"\" class=\"wp-image-42331\" srcset=\"https:\/\/contextoanalisisperiodistico.com\/wp-content\/uploads\/2025\/06\/img-20250608-wa0160989363618473303091.jpg 1002w, https:\/\/contextoanalisisperiodistico.com\/wp-content\/uploads\/2025\/06\/img-20250608-wa0160989363618473303091-300x248.jpg 300w, https:\/\/contextoanalisisperiodistico.com\/wp-content\/uploads\/2025\/06\/img-20250608-wa0160989363618473303091-768x634.jpg 768w\" sizes=\"(max-width: 1002px) 100vw, 1002px\" \/><\/figure>\n\n\n\n<figure class=\"wp-block-image\"><img decoding=\"async\" width=\"1024\" height=\"682\" src=\"https:\/\/contextoanalisisperiodistico.com\/wp-content\/uploads\/2025\/06\/img-20250608-wa0159402634666580547547-1024x682.jpg\" alt=\"\" class=\"wp-image-42332\" srcset=\"https:\/\/contextoanalisisperiodistico.com\/wp-content\/uploads\/2025\/06\/img-20250608-wa0159402634666580547547-1024x682.jpg 1024w, https:\/\/contextoanalisisperiodistico.com\/wp-content\/uploads\/2025\/06\/img-20250608-wa0159402634666580547547-300x200.jpg 300w, https:\/\/contextoanalisisperiodistico.com\/wp-content\/uploads\/2025\/06\/img-20250608-wa0159402634666580547547-768x512.jpg 768w, https:\/\/contextoanalisisperiodistico.com\/wp-content\/uploads\/2025\/06\/img-20250608-wa0159402634666580547547.jpg 1280w\" sizes=\"(max-width: 1024px) 100vw, 1024px\" \/><\/figure>\n\n\n\n<figure class=\"wp-block-image\"><img decoding=\"async\" width=\"1024\" height=\"682\" src=\"https:\/\/contextoanalisisperiodistico.com\/wp-content\/uploads\/2025\/06\/img-20250608-wa01611596578463417173763-1024x682.jpg\" alt=\"\" class=\"wp-image-42333\" srcset=\"https:\/\/contextoanalisisperiodistico.com\/wp-content\/uploads\/2025\/06\/img-20250608-wa01611596578463417173763-1024x682.jpg 1024w, https:\/\/contextoanalisisperiodistico.com\/wp-content\/uploads\/2025\/06\/img-20250608-wa01611596578463417173763-300x200.jpg 300w, https:\/\/contextoanalisisperiodistico.com\/wp-content\/uploads\/2025\/06\/img-20250608-wa01611596578463417173763-768x512.jpg 768w, https:\/\/contextoanalisisperiodistico.com\/wp-content\/uploads\/2025\/06\/img-20250608-wa01611596578463417173763.jpg 1280w\" sizes=\"(max-width: 1024px) 100vw, 1024px\" \/><\/figure>\n\n\n\n<p>Oaxaca de Ju\u00e1rez, Oax. 8 de junio de 2025.- Reunido con las y los habitantes de San Juan Chapultepec, el Gobernador Salom\u00f3n Jara Cruz anunci\u00f3 una inversi\u00f3n de 3 millones 890 mil pesos en infraestructura educativa para las escuelas que se localizan en esta agencia de la capital del estado.<\/p>\n\n\n\n<p>Como parte de la estrategia Trabajo que Transforma tu Municipio, en la Primaria Narciso Mendoza se construir\u00e1n ba\u00f1os; en el Preescolar Profesora Esperanza Alfaro Olivera, un aula did\u00e1ctica; en la Secundaria H\u00e9roes de Chapultepec se rehabilitar\u00e1 la loseta e impermeabilizar\u00e1n 15 aulas; y en la Telesecundaria H\u00e9roes Nacionales se impermeabilizar\u00e1 y pintar\u00e1n aulas.<\/p>\n\n\n\n<p>\u201cVenimos aqu\u00ed a informarles de los trabajos de inversi\u00f3n que vamos a hacer en la agencia. Estas acciones de inversi\u00f3n las estamos haciendo de manera conjunta porque Oaxaca necesita mucho apoyo\u201d, afirm\u00f3 Jara Cruz.<\/p>\n\n\n\n<p>Otras acciones de la Primavera Oaxaque\u00f1a que benefician a esta localidad son:<\/p>\n\n\n\n<p>\u2022 El Sistema Operador de los Servicios de Agua Potable y Alcantarillado (Soapa), en coordinaci\u00f3n con el municipio de Oaxaca de Ju\u00e1rez efect\u00faan actualmente el programa \u201cDestape al Drenaje\u201d.<\/p>\n\n\n\n<p>\u2022 Se realizar\u00e1 el cambio de los colectores como parte de una estrategia de saneamiento del R\u00edo Atoyac<\/p>\n\n\n\n<p>\u2022 Con una inversi\u00f3n total de 252 mil pesos se apoya a jefas de familia que viven en condiciones de pobreza a trav\u00e9s de la Tarjeta Margarina Maza.<\/p>\n\n\n\n<p>\u2022 Mediante la tarjeta la Cl\u00ednica es Nuestra, el Centro de Salud de Dos N\u00facleos B\u00e1sicos recibi\u00f3 600 mil pesos para la rehabilitaci\u00f3n y equipamiento de este espacio.<\/p>\n\n\n\n<p>\u2022 Ser\u00e1n favorecidas nueve instituciones educativas con: computadoras, impresoras, proyectores, mobiliario, pizarrones y material de aseo deportivo y oficina.<\/p>\n\n\n\n<p>\u2022 La Secretar\u00eda de las Culturas y Artes realizar\u00e1 la dotaci\u00f3n de instrumentos musicales de viento a una banda musical conformada por 30 integrantes.<\/p>\n\n\n\n<p>\u2022 Para dejar atr\u00e1s la etapa de abandono, durante este a\u00f1o se han realizado 600 Fachadas Primavera.<\/p>\n\n\n\n<p>\u2022 El programa Ve\u2019e tata-Salud en tu municipio lleg\u00f3 a la cancha de esta agencia a trav\u00e9s de la cual se brind\u00f3 atenci\u00f3n m\u00e9dica a la poblaci\u00f3n.<\/p>\n\n\n\n<p>-0-<\/p>\n","protected":false},"excerpt":{"rendered":"<p>\u2022 Coordinan esfuerzos Soapa y municipio de Oaxaca de Ju\u00e1rez para ejecutar el programa \u201cDestape&#8230;<\/p>\n","protected":false},"author":4,"featured_media":42330,"comment_status":"","ping_status":"open","sticky":false,"template":"","format":"standard","meta":{"footnotes":""},"categories":[9],"tags":[],"jetpack_sharing_enabled":true,"featured_image_urls":{"full":["https:\/\/contextoanalisisperiodistico.com\/wp-content\/uploads\/2025\/06\/IMG-20250608-WA0158.jpg",1280,853,false],"thumbnail":["https:\/\/contextoanalisisperiodistico.com\/wp-content\/uploads\/2025\/06\/IMG-20250608-WA0158-150x150.jpg",150,150,true],"medium":["https:\/\/contextoanalisisperiodistico.com\/wp-content\/uploads\/2025\/06\/IMG-20250608-WA0158-300x200.jpg",300,200,true],"medium_large":["https:\/\/contextoanalisisperiodistico.com\/wp-content\/uploads\/2025\/06\/IMG-20250608-WA0158-768x512.jpg",640,427,true],"large":["https:\/\/contextoanalisisperiodistico.com\/wp-content\/uploads\/2025\/06\/IMG-20250608-WA0158-1024x682.jpg",640,426,true],"1536x1536":["https:\/\/contextoanalisisperiodistico.com\/wp-content\/uploads\/2025\/06\/IMG-20250608-WA0158.jpg",1280,853,false],"2048x2048":["https:\/\/contextoanalisisperiodistico.com\/wp-content\/uploads\/2025\/06\/IMG-20250608-WA0158.jpg",1280,853,false],"covernews-slider-full":["https:\/\/contextoanalisisperiodistico.com\/wp-content\/uploads\/2025\/06\/IMG-20250608-WA0158-1115x715.jpg",1115,715,true],"covernews-slider-center":["https:\/\/contextoanalisisperiodistico.com\/wp-content\/uploads\/2025\/06\/IMG-20250608-WA0158-800x500.jpg",800,500,true],"covernews-featured":["https:\/\/contextoanalisisperiodistico.com\/wp-content\/uploads\/2025\/06\/IMG-20250608-WA0158-1024x682.jpg",1024,682,true],"covernews-medium":["https:\/\/contextoanalisisperiodistico.com\/wp-content\/uploads\/2025\/06\/IMG-20250608-WA0158-540x340.jpg",540,340,true],"covernews-medium-square":["https:\/\/contextoanalisisperiodistico.com\/wp-content\/uploads\/2025\/06\/IMG-20250608-WA0158-400x250.jpg",400,250,true]},"author_info":{"display_name":"Mario Gir\u00f3n","author_link":"https:\/\/contextoanalisisperiodistico.com\/index.php\/author\/director\/"},"category_info":"<a href=\"https:\/\/contextoanalisisperiodistico.com\/index.php\/category\/politica\/\" rel=\"category tag\">Pol\u00edtica<\/a>","tag_info":"Pol\u00edtica","comment_count":"0","jetpack_featured_media_url":"https:\/\/contextoanalisisperiodistico.com\/wp-content\/uploads\/2025\/06\/IMG-20250608-WA0158.jpg","_links":{"self":[{"href":"https:\/\/contextoanalisisperiodistico.com\/index.php\/wp-json\/wp\/v2\/posts\/42334"}],"collection":[{"href":"https:\/\/contextoanalisisperiodistico.com\/index.php\/wp-json\/wp\/v2\/posts"}],"about":[{"href":"https:\/\/contextoanalisisperiodistico.com\/index.php\/wp-json\/wp\/v2\/types\/post"}],"author":[{"embeddable":true,"href":"https:\/\/contextoanalisisperiodistico.com\/index.php\/wp-json\/wp\/v2\/users\/4"}],"replies":[{"embeddable":true,"href":"https:\/\/contextoanalisisperiodistico.com\/index.php\/wp-json\/wp\/v2\/comments?post=42334"}],"version-history":[{"count":0,"href":"https:\/\/contextoanalisisperiodistico.com\/index.php\/wp-json\/wp\/v2\/posts\/42334\/revisions"}],"wp:featuredmedia":[{"embeddable":true,"href":"https:\/\/contextoanalisisperiodistico.com\/index.php\/wp-json\/wp\/v2\/media\/42330"}],"wp:attachment":[{"href":"https:\/\/contextoanalisisperiodistico.com\/index.php\/wp-json\/wp\/v2\/media?parent=42334"}],"wp:term":[{"taxonomy":"category","embeddable":true,"href":"https:\/\/contextoanalisisperiodistico.com\/index.php\/wp-json\/wp\/v2\/categories?post=42334"},{"taxonomy":"post_tag","embeddable":true,"href":"https:\/\/contextoanalisisperiodistico.com\/index.php\/wp-json\/wp\/v2\/tags?post=42334"}],"curies":[{"name":"wp","href":"https:\/\/api.w.org\/{rel}","templated":true}]}}