{"id":42327,"date":"2025-06-08T16:50:25","date_gmt":"2025-06-08T22:50:25","guid":{"rendered":"https:\/\/contextoanalisisperiodistico.com\/index.php\/2025\/06\/08\/anuncia-salomon-jara-reencarpetamiento-de-acceso-en-agencia-de-montoya\/"},"modified":"2025-06-08T16:52:54","modified_gmt":"2025-06-08T22:52:54","slug":"anuncia-salomon-jara-reencarpetamiento-de-acceso-en-agencia-de-montoya","status":"publish","type":"post","link":"https:\/\/contextoanalisisperiodistico.com\/index.php\/2025\/06\/08\/anuncia-salomon-jara-reencarpetamiento-de-acceso-en-agencia-de-montoya\/","title":{"rendered":"Anuncia Salom\u00f3n Jara reencarpetamiento de acceso en agencia de Montoya"},"content":{"rendered":"<div id=\"fb-root\"><\/div>\n\n<p>\u2022 El Gobernador autoriz\u00f3 la construcci\u00f3n de infraestructura educativa en tres escuelas de este lugar de la capital del estado<\/p>\n\n\n\n<figure class=\"wp-block-image size-large\"><img fetchpriority=\"high\" decoding=\"async\" width=\"1024\" height=\"682\" src=\"https:\/\/contextoanalisisperiodistico.com\/wp-content\/uploads\/2025\/06\/img-20250608-wa01445355576806412541620-1024x682.jpg\" alt=\"\" class=\"wp-image-42323\" srcset=\"https:\/\/contextoanalisisperiodistico.com\/wp-content\/uploads\/2025\/06\/img-20250608-wa01445355576806412541620-1024x682.jpg 1024w, https:\/\/contextoanalisisperiodistico.com\/wp-content\/uploads\/2025\/06\/img-20250608-wa01445355576806412541620-300x200.jpg 300w, https:\/\/contextoanalisisperiodistico.com\/wp-content\/uploads\/2025\/06\/img-20250608-wa01445355576806412541620-768x512.jpg 768w, https:\/\/contextoanalisisperiodistico.com\/wp-content\/uploads\/2025\/06\/img-20250608-wa01445355576806412541620.jpg 1280w\" sizes=\"(max-width: 1024px) 100vw, 1024px\" \/><\/figure>\n\n\n\n<figure class=\"wp-block-image size-large\"><img decoding=\"async\" width=\"1024\" height=\"924\" src=\"https:\/\/contextoanalisisperiodistico.com\/wp-content\/uploads\/2025\/06\/img-20250608-wa01103982094610354922503-1024x924.jpg\" alt=\"\" class=\"wp-image-42324\" srcset=\"https:\/\/contextoanalisisperiodistico.com\/wp-content\/uploads\/2025\/06\/img-20250608-wa01103982094610354922503-1024x924.jpg 1024w, https:\/\/contextoanalisisperiodistico.com\/wp-content\/uploads\/2025\/06\/img-20250608-wa01103982094610354922503-300x271.jpg 300w, https:\/\/contextoanalisisperiodistico.com\/wp-content\/uploads\/2025\/06\/img-20250608-wa01103982094610354922503-768x693.jpg 768w, https:\/\/contextoanalisisperiodistico.com\/wp-content\/uploads\/2025\/06\/img-20250608-wa01103982094610354922503.jpg 1290w\" sizes=\"(max-width: 1024px) 100vw, 1024px\" \/><\/figure>\n\n\n\n<figure class=\"wp-block-image\"><img decoding=\"async\" width=\"1024\" height=\"684\" src=\"https:\/\/contextoanalisisperiodistico.com\/wp-content\/uploads\/2025\/06\/img-20250608-wa01111234931886796048991-1024x684.jpg\" alt=\"\" class=\"wp-image-42325\" srcset=\"https:\/\/contextoanalisisperiodistico.com\/wp-content\/uploads\/2025\/06\/img-20250608-wa01111234931886796048991-1024x684.jpg 1024w, https:\/\/contextoanalisisperiodistico.com\/wp-content\/uploads\/2025\/06\/img-20250608-wa01111234931886796048991-300x200.jpg 300w, https:\/\/contextoanalisisperiodistico.com\/wp-content\/uploads\/2025\/06\/img-20250608-wa01111234931886796048991-768x513.jpg 768w, https:\/\/contextoanalisisperiodistico.com\/wp-content\/uploads\/2025\/06\/img-20250608-wa01111234931886796048991-1536x1025.jpg 1536w, https:\/\/contextoanalisisperiodistico.com\/wp-content\/uploads\/2025\/06\/img-20250608-wa01111234931886796048991.jpg 1600w\" sizes=\"(max-width: 1024px) 100vw, 1024px\" \/><\/figure>\n\n\n\n<figure class=\"wp-block-image\"><img loading=\"lazy\" decoding=\"async\" width=\"1024\" height=\"684\" src=\"https:\/\/contextoanalisisperiodistico.com\/wp-content\/uploads\/2025\/06\/img-20250608-wa01092644366697742376454-1024x684.jpg\" alt=\"\" class=\"wp-image-42326\" srcset=\"https:\/\/contextoanalisisperiodistico.com\/wp-content\/uploads\/2025\/06\/img-20250608-wa01092644366697742376454-1024x684.jpg 1024w, https:\/\/contextoanalisisperiodistico.com\/wp-content\/uploads\/2025\/06\/img-20250608-wa01092644366697742376454-300x200.jpg 300w, https:\/\/contextoanalisisperiodistico.com\/wp-content\/uploads\/2025\/06\/img-20250608-wa01092644366697742376454-768x513.jpg 768w, https:\/\/contextoanalisisperiodistico.com\/wp-content\/uploads\/2025\/06\/img-20250608-wa01092644366697742376454-1536x1025.jpg 1536w, https:\/\/contextoanalisisperiodistico.com\/wp-content\/uploads\/2025\/06\/img-20250608-wa01092644366697742376454.jpg 1600w\" sizes=\"(max-width: 1024px) 100vw, 1024px\" \/><\/figure>\n\n\n\n<p>Oaxaca de Ju\u00e1rez, Oax. 8 de junio de 2025.- En un compromiso por mejorar la calidad de vida de las y los habitantes de la agencia de Montoya, situada en la capital del estado, el Gobernador Salom\u00f3n Jara Cruz anunci\u00f3 una inversi\u00f3n de 8 millones de pesos para el reencarpetamiento del acceso al fraccionamiento \u00c1lamos.<\/p>\n\n\n\n<p>Detall\u00f3 que esta obra, que comprende una longitud de mil 400 metros, comenzar\u00e1 el pr\u00f3ximo 17 de junio y ser\u00e1 realizada por la Secretar\u00eda de Infraestructuras y Comunicaciones (SIC).<\/p>\n\n\n\n<p>\u201cPara salir adelante faltaba tener un buen gobierno, estamos trabajando para que Oaxaca salga adelante con recursos humanos y naturales, haciendo eficientes los recursos de la administraci\u00f3n estatal.\u201d, afirm\u00f3.<\/p>\n\n\n\n<p>Otras acciones anunciadas que enmarcan la estrategia Trabajo que Transforma tu Municipio son:<\/p>\n\n\n\n<p>\u2022 Construcci\u00f3n de un techado en la cancha de usos m\u00faltiples de Alamos IVO, como parte del programa \u201cOaxaca Segura\u201d, para la cual se asign\u00f3 un presupuesto de 3 millones 275 mil pesos.<\/p>\n\n\n\n<p>\u2022 Con 1 mill\u00f3n y medio de pesos se construir\u00e1 un aula de medios en la Escuela Secundaria T\u00e9cnica 177; adem\u00e1s, se asignaron 700 mil pesos para edificar una biblioteca en la Escuela Primaria Antequera; y 250 mil pesos para la rehabilitaci\u00f3n de sanitarios del Preescolar Mario Bustamante Vasconcelos.<\/p>\n\n\n\n<p>\u2022 El Sistema Operador de los Servicios de Agua Potable y Alcantarillado har\u00e1 un estudio geof\u00edsico para revisar la posibilidad de perforar un nuevo pozo, y en coordinaci\u00f3n con el Ayuntamiento se implementar\u00e1 el programa \u201cDestape al Drenaje\u201d, el 12 de junio.<\/p>\n\n\n\n<p>\u2022 En 2024, el Gobierno del Estado rehabilit\u00f3 el pozo de Montoya.<\/p>\n\n\n\n<p>\u2022 Las ocho instituciones educativas de nivel b\u00e1sico de esta agencia ser\u00e1n equipadas con: computadoras, impresoras, proyectores, mobiliario, pizarrones y material de aseo, deportivo y oficina.<\/p>\n\n\n\n<p>\u2022 A trav\u00e9s de un tequio de seguridad se acondicion\u00f3 y rescat\u00f3 la cancha del fraccionamiento \u00c1lamos en la que se organizan actividades deportivas y culturales.<\/p>\n\n\n\n<p>\u2022 La Secretar\u00eda de las Culturas y Artes apoyar\u00e1 de manera inmediata al grupo folcl\u00f3rico infantil y juvenil con vestuario y equipo de ensayo.<\/p>\n\n\n\n<p>\u2022 En coordinaci\u00f3n con la agencia, se pondr\u00e1 en marcha una escuela de iniciaci\u00f3n deportiva con cursos gratuitos.<\/p>\n\n\n\n<p>-0-<\/p>\n","protected":false},"excerpt":{"rendered":"<p>\u2022 El Gobernador autoriz\u00f3 la construcci\u00f3n de infraestructura educativa en tres escuelas de este lugar&#8230;<\/p>\n","protected":false},"author":4,"featured_media":0,"comment_status":"closed","ping_status":"open","sticky":false,"template":"","format":"standard","meta":{"footnotes":""},"categories":[3],"tags":[],"jetpack_sharing_enabled":true,"featured_image_urls":{"full":"","thumbnail":"","medium":"","medium_large":"","large":"","1536x1536":"","2048x2048":"","covernews-slider-full":"","covernews-slider-center":"","covernews-featured":"","covernews-medium":"","covernews-medium-square":""},"author_info":{"display_name":"Mario Gir\u00f3n","author_link":"https:\/\/contextoanalisisperiodistico.com\/index.php\/author\/director\/"},"category_info":"<a href=\"https:\/\/contextoanalisisperiodistico.com\/index.php\/category\/ciudad\/\" rel=\"category tag\">Ciudad<\/a>","tag_info":"Ciudad","comment_count":"0","jetpack_featured_media_url":"","_links":{"self":[{"href":"https:\/\/contextoanalisisperiodistico.com\/index.php\/wp-json\/wp\/v2\/posts\/42327"}],"collection":[{"href":"https:\/\/contextoanalisisperiodistico.com\/index.php\/wp-json\/wp\/v2\/posts"}],"about":[{"href":"https:\/\/contextoanalisisperiodistico.com\/index.php\/wp-json\/wp\/v2\/types\/post"}],"author":[{"embeddable":true,"href":"https:\/\/contextoanalisisperiodistico.com\/index.php\/wp-json\/wp\/v2\/users\/4"}],"replies":[{"embeddable":true,"href":"https:\/\/contextoanalisisperiodistico.com\/index.php\/wp-json\/wp\/v2\/comments?post=42327"}],"version-history":[{"count":1,"href":"https:\/\/contextoanalisisperiodistico.com\/index.php\/wp-json\/wp\/v2\/posts\/42327\/revisions"}],"predecessor-version":[{"id":42328,"href":"https:\/\/contextoanalisisperiodistico.com\/index.php\/wp-json\/wp\/v2\/posts\/42327\/revisions\/42328"}],"wp:attachment":[{"href":"https:\/\/contextoanalisisperiodistico.com\/index.php\/wp-json\/wp\/v2\/media?parent=42327"}],"wp:term":[{"taxonomy":"category","embeddable":true,"href":"https:\/\/contextoanalisisperiodistico.com\/index.php\/wp-json\/wp\/v2\/categories?post=42327"},{"taxonomy":"post_tag","embeddable":true,"href":"https:\/\/contextoanalisisperiodistico.com\/index.php\/wp-json\/wp\/v2\/tags?post=42327"}],"curies":[{"name":"wp","href":"https:\/\/api.w.org\/{rel}","templated":true}]}}