{"id":42322,"date":"2025-06-07T11:00:04","date_gmt":"2025-06-07T17:00:04","guid":{"rendered":"https:\/\/contextoanalisisperiodistico.com\/index.php\/2025\/06\/07\/atiende-gobierno-de-oaxaca-infraestructura-educativa-de-san-juan-cotzocon\/"},"modified":"2025-06-07T11:00:04","modified_gmt":"2025-06-07T17:00:04","slug":"atiende-gobierno-de-oaxaca-infraestructura-educativa-de-san-juan-cotzocon","status":"publish","type":"post","link":"https:\/\/contextoanalisisperiodistico.com\/index.php\/2025\/06\/07\/atiende-gobierno-de-oaxaca-infraestructura-educativa-de-san-juan-cotzocon\/","title":{"rendered":"Atiende Gobierno de Oaxaca infraestructura educativa de San Juan Cotzoc\u00f3n"},"content":{"rendered":"<div id=\"fb-root\"><\/div>\n\n<p>\u2022 El Mandatario Salom\u00f3n Jara autoriz\u00f3 m\u00e1s de 10 millones de pesos para equipamiento escolar<\/p>\n\n\n\n<figure class=\"wp-block-image size-large\"><img fetchpriority=\"high\" decoding=\"async\" width=\"1024\" height=\"682\" src=\"https:\/\/contextoanalisisperiodistico.com\/wp-content\/uploads\/2025\/06\/img-20250607-wa00648814160271929846999-1024x682.jpg\" alt=\"\" class=\"wp-image-42319\" srcset=\"https:\/\/contextoanalisisperiodistico.com\/wp-content\/uploads\/2025\/06\/img-20250607-wa00648814160271929846999-1024x682.jpg 1024w, https:\/\/contextoanalisisperiodistico.com\/wp-content\/uploads\/2025\/06\/img-20250607-wa00648814160271929846999-300x200.jpg 300w, https:\/\/contextoanalisisperiodistico.com\/wp-content\/uploads\/2025\/06\/img-20250607-wa00648814160271929846999-768x512.jpg 768w, https:\/\/contextoanalisisperiodistico.com\/wp-content\/uploads\/2025\/06\/img-20250607-wa00648814160271929846999.jpg 1280w\" sizes=\"(max-width: 1024px) 100vw, 1024px\" \/><\/figure>\n\n\n\n<figure class=\"wp-block-image\"><img decoding=\"async\" width=\"1024\" height=\"682\" src=\"https:\/\/contextoanalisisperiodistico.com\/wp-content\/uploads\/2025\/06\/img-20250607-wa00634837306429934798485-1024x682.jpg\" alt=\"\" class=\"wp-image-42321\" srcset=\"https:\/\/contextoanalisisperiodistico.com\/wp-content\/uploads\/2025\/06\/img-20250607-wa00634837306429934798485-1024x682.jpg 1024w, https:\/\/contextoanalisisperiodistico.com\/wp-content\/uploads\/2025\/06\/img-20250607-wa00634837306429934798485-300x200.jpg 300w, https:\/\/contextoanalisisperiodistico.com\/wp-content\/uploads\/2025\/06\/img-20250607-wa00634837306429934798485-768x512.jpg 768w, https:\/\/contextoanalisisperiodistico.com\/wp-content\/uploads\/2025\/06\/img-20250607-wa00634837306429934798485.jpg 1280w\" sizes=\"(max-width: 1024px) 100vw, 1024px\" \/><\/figure>\n\n\n\n<figure class=\"wp-block-image\"><img decoding=\"async\" width=\"1024\" height=\"682\" src=\"https:\/\/contextoanalisisperiodistico.com\/wp-content\/uploads\/2025\/06\/img-20250607-wa00659087973746244075193-1024x682.jpg\" alt=\"\" class=\"wp-image-42318\" srcset=\"https:\/\/contextoanalisisperiodistico.com\/wp-content\/uploads\/2025\/06\/img-20250607-wa00659087973746244075193-1024x682.jpg 1024w, https:\/\/contextoanalisisperiodistico.com\/wp-content\/uploads\/2025\/06\/img-20250607-wa00659087973746244075193-300x200.jpg 300w, https:\/\/contextoanalisisperiodistico.com\/wp-content\/uploads\/2025\/06\/img-20250607-wa00659087973746244075193-768x512.jpg 768w, https:\/\/contextoanalisisperiodistico.com\/wp-content\/uploads\/2025\/06\/img-20250607-wa00659087973746244075193.jpg 1280w\" sizes=\"(max-width: 1024px) 100vw, 1024px\" \/><\/figure>\n\n\n\n<figure class=\"wp-block-image\"><img loading=\"lazy\" decoding=\"async\" width=\"1024\" height=\"682\" src=\"https:\/\/contextoanalisisperiodistico.com\/wp-content\/uploads\/2025\/06\/img-20250607-wa00667443378233576383041-1024x682.jpg\" alt=\"\" class=\"wp-image-42320\" srcset=\"https:\/\/contextoanalisisperiodistico.com\/wp-content\/uploads\/2025\/06\/img-20250607-wa00667443378233576383041-1024x682.jpg 1024w, https:\/\/contextoanalisisperiodistico.com\/wp-content\/uploads\/2025\/06\/img-20250607-wa00667443378233576383041-300x200.jpg 300w, https:\/\/contextoanalisisperiodistico.com\/wp-content\/uploads\/2025\/06\/img-20250607-wa00667443378233576383041-768x512.jpg 768w, https:\/\/contextoanalisisperiodistico.com\/wp-content\/uploads\/2025\/06\/img-20250607-wa00667443378233576383041.jpg 1280w\" sizes=\"(max-width: 1024px) 100vw, 1024px\" \/><\/figure>\n\n\n\n<p>\u2022 Desde la localidad de Mar\u00eda Lombardo de Caso inform\u00f3 que tambi\u00e9n se invierten 14 millones de pesos para el campo<\/p>\n\n\n\n<p>San Juan Cotzoc\u00f3n, Oax. 7 de junio de 2025.- El Gobernador Salom\u00f3n Jara Cruz autoriz\u00f3 desde este municipio de la Sierra de Ju\u00e1rez, la construcci\u00f3n de un techado para la Telesecundaria de Jaltepec de Candoyoc y el plantel 11 del Colegio de Estudios Cient\u00edficos y Tecnol\u00f3gicos de Oaxaca (CECyTEO), a fin de garantizar espacios dignos y de calidad para la comunidad escolar.<\/p>\n\n\n\n<p>En su arribo a la localidad de Mar\u00eda Lombardo de Caso, el Mandatario estatal inform\u00f3 que, para la segunda obra, el Instituto Oaxaque\u00f1o Constructor de Infraestructura Educativa (Iocied) destinar\u00e1 2 millones 600 mil pesos y el Ayuntamiento 500 mil pesos.<\/p>\n\n\n\n<p>En tanto, el preescolar de San Juan Otzolotepec y el jard\u00edn de ni\u00f1os \u00abEduardo Vasconcelos\u00bb recibir\u00e1n 200 mil pesos, cada uno, para la edificaci\u00f3n de una barda; la primaria \u00abGuillermo Prieto\u00bb obtendr\u00e1 material de construcci\u00f3n para cuatro aulas, al igual que el jard\u00edn de ni\u00f1os \u00abLicenciado Miguel M\u00e9ndez\u00bb para un aula. A las primarias \u00abMar\u00eda Lombardo\u00bb y \u00ab5 de Febrero\u00bb se les otorgar\u00e1 luz el\u00e9ctrica.<\/p>\n\n\n\n<p>Con un recurso de 10 millones 597 mil 255 pesos, las 84 escuelas de nivel b\u00e1sico, con una matr\u00edcula de 5 mil 521 estudiantes, tendr\u00e1n equipamiento escolar que consiste en computadoras, pizarrones, lotes de mobiliario, material de aseo, deportivo y de oficina.<\/p>\n\n\n\n<p>San Juan Cotzoc\u00f3n recibe la estrategia Trabajo que Transforma tu Municipio mediante los siguientes apoyos:<\/p>\n\n\n\n<p>\u2022 La Primavera Oaxaque\u00f1a brinda a 854 personas productoras capacitaci\u00f3n y asistencia t\u00e9cnica, semillas mejoradas, fertilizantes y paquetes de bioinsumos, con un presupuesto de 14 millones 335 mil 235 pesos.<\/p>\n\n\n\n<p>\u2022 Adem\u00e1s, trabaja en la rehabilitaci\u00f3n del sistema de agua potable con un monto de 3.4 millones de pesos.<\/p>\n\n\n\n<p>\u2022 Se realiza la construcci\u00f3n de un c\u00e1rcamo en San Juan Otzolotepec con 4.5 millones de pesos y un pozo profundo de la red de distribuci\u00f3n de agua en la agencia Nuevo Cerro Mojarra por 3 millones de pesos. Ambas obras en coinversi\u00f3n con la administraci\u00f3n municipal que aporta el 50 por ciento.<\/p>\n\n\n\n<p>\u2022 Con los programas alimentarios del Sistema Estatal DIF se benefician a 2 mil 925 personas de 23 localidades con una inversi\u00f3n de 7 millones 31 mil 786 pesos.<\/p>\n\n\n\n<p>\u2022 La Tarjeta Margarita Maza apoy\u00f3 en 2024 a 38 jefas de familia en condiciones de extrema pobreza con un monto total de 456 mil pesos. Este 2025, ser\u00e1n 70 con 840 mil pesos.<\/p>\n\n\n\n<p>\u2022 Con el programa Mujer Primavera se otorgar\u00e1n pr\u00e9stamos sin intereses a 70 emprendedoras con un presupuesto de 350 mil pesos.<\/p>\n\n\n\n<p>\u2022 La Unidad M\u00e9dica Rural (UMR) recibi\u00f3 1 mill\u00f3n de pesos del programa La Cl\u00ednica es Nuestra, que permiti\u00f3 otorgar equipamiento e imagen institucional<\/p>\n\n\n\n<p>\u2022 Se atender\u00e1 la solicitud de instrumentos para las bandas filarm\u00f3nicas de San Felipe Zihualtepec, Mar\u00eda Lombardo y Jaltepec de Candoyoc.<\/p>\n\n\n\n<p>-0-<\/p>\n","protected":false},"excerpt":{"rendered":"<p>\u2022 El Mandatario Salom\u00f3n Jara autoriz\u00f3 m\u00e1s de 10 millones de pesos para equipamiento escolar&#8230;<\/p>\n","protected":false},"author":4,"featured_media":42317,"comment_status":"","ping_status":"open","sticky":false,"template":"","format":"standard","meta":{"footnotes":""},"categories":[91],"tags":[],"jetpack_sharing_enabled":true,"featured_image_urls":{"full":["https:\/\/contextoanalisisperiodistico.com\/wp-content\/uploads\/2025\/06\/IMG-20250607-WA0062.jpg",1280,853,false],"thumbnail":["https:\/\/contextoanalisisperiodistico.com\/wp-content\/uploads\/2025\/06\/IMG-20250607-WA0062-150x150.jpg",150,150,true],"medium":["https:\/\/contextoanalisisperiodistico.com\/wp-content\/uploads\/2025\/06\/IMG-20250607-WA0062-300x200.jpg",300,200,true],"medium_large":["https:\/\/contextoanalisisperiodistico.com\/wp-content\/uploads\/2025\/06\/IMG-20250607-WA0062-768x512.jpg",640,427,true],"large":["https:\/\/contextoanalisisperiodistico.com\/wp-content\/uploads\/2025\/06\/IMG-20250607-WA0062-1024x682.jpg",640,426,true],"1536x1536":["https:\/\/contextoanalisisperiodistico.com\/wp-content\/uploads\/2025\/06\/IMG-20250607-WA0062.jpg",1280,853,false],"2048x2048":["https:\/\/contextoanalisisperiodistico.com\/wp-content\/uploads\/2025\/06\/IMG-20250607-WA0062.jpg",1280,853,false],"covernews-slider-full":["https:\/\/contextoanalisisperiodistico.com\/wp-content\/uploads\/2025\/06\/IMG-20250607-WA0062-1115x715.jpg",1115,715,true],"covernews-slider-center":["https:\/\/contextoanalisisperiodistico.com\/wp-content\/uploads\/2025\/06\/IMG-20250607-WA0062-800x500.jpg",800,500,true],"covernews-featured":["https:\/\/contextoanalisisperiodistico.com\/wp-content\/uploads\/2025\/06\/IMG-20250607-WA0062-1024x682.jpg",1024,682,true],"covernews-medium":["https:\/\/contextoanalisisperiodistico.com\/wp-content\/uploads\/2025\/06\/IMG-20250607-WA0062-540x340.jpg",540,340,true],"covernews-medium-square":["https:\/\/contextoanalisisperiodistico.com\/wp-content\/uploads\/2025\/06\/IMG-20250607-WA0062-400x250.jpg",400,250,true]},"author_info":{"display_name":"Mario Gir\u00f3n","author_link":"https:\/\/contextoanalisisperiodistico.com\/index.php\/author\/director\/"},"category_info":"<a href=\"https:\/\/contextoanalisisperiodistico.com\/index.php\/category\/educacion\/\" rel=\"category tag\">Educaci\u00f3n<\/a>","tag_info":"Educaci\u00f3n","comment_count":"0","jetpack_featured_media_url":"https:\/\/contextoanalisisperiodistico.com\/wp-content\/uploads\/2025\/06\/IMG-20250607-WA0062.jpg","_links":{"self":[{"href":"https:\/\/contextoanalisisperiodistico.com\/index.php\/wp-json\/wp\/v2\/posts\/42322"}],"collection":[{"href":"https:\/\/contextoanalisisperiodistico.com\/index.php\/wp-json\/wp\/v2\/posts"}],"about":[{"href":"https:\/\/contextoanalisisperiodistico.com\/index.php\/wp-json\/wp\/v2\/types\/post"}],"author":[{"embeddable":true,"href":"https:\/\/contextoanalisisperiodistico.com\/index.php\/wp-json\/wp\/v2\/users\/4"}],"replies":[{"embeddable":true,"href":"https:\/\/contextoanalisisperiodistico.com\/index.php\/wp-json\/wp\/v2\/comments?post=42322"}],"version-history":[{"count":0,"href":"https:\/\/contextoanalisisperiodistico.com\/index.php\/wp-json\/wp\/v2\/posts\/42322\/revisions"}],"wp:featuredmedia":[{"embeddable":true,"href":"https:\/\/contextoanalisisperiodistico.com\/index.php\/wp-json\/wp\/v2\/media\/42317"}],"wp:attachment":[{"href":"https:\/\/contextoanalisisperiodistico.com\/index.php\/wp-json\/wp\/v2\/media?parent=42322"}],"wp:term":[{"taxonomy":"category","embeddable":true,"href":"https:\/\/contextoanalisisperiodistico.com\/index.php\/wp-json\/wp\/v2\/categories?post=42322"},{"taxonomy":"post_tag","embeddable":true,"href":"https:\/\/contextoanalisisperiodistico.com\/index.php\/wp-json\/wp\/v2\/tags?post=42322"}],"curies":[{"name":"wp","href":"https:\/\/api.w.org\/{rel}","templated":true}]}}