{"id":42306,"date":"2025-06-07T10:51:27","date_gmt":"2025-06-07T16:51:27","guid":{"rendered":"https:\/\/contextoanalisisperiodistico.com\/index.php\/2025\/06\/07\/obtienen-estudiantes-del-cobao-oro-bronce-y-mencion-honorifica-en-concurso-nacional-de-quimica\/"},"modified":"2025-06-07T10:51:27","modified_gmt":"2025-06-07T16:51:27","slug":"obtienen-estudiantes-del-cobao-oro-bronce-y-mencion-honorifica-en-concurso-nacional-de-quimica","status":"publish","type":"post","link":"https:\/\/contextoanalisisperiodistico.com\/index.php\/2025\/06\/07\/obtienen-estudiantes-del-cobao-oro-bronce-y-mencion-honorifica-en-concurso-nacional-de-quimica\/","title":{"rendered":"Obtienen estudiantes del Cobao oro, bronce y menci\u00f3n honor\u00edfica en Concurso Nacional de Qu\u00edmica"},"content":{"rendered":"<div id=\"fb-root\"><\/div>\n\n<p>\u2022 La y los estudiantes de los planteles 01 Pueblo Nuevo y 61 San Bartolo destacan en certamen cient\u00edfico \u201cMarie Curie\u201d realizado en Los Cabos, Baja California Sur<\/p>\n\n\n\n<figure class=\"wp-block-image size-large\"><img fetchpriority=\"high\" decoding=\"async\" width=\"1024\" height=\"647\" src=\"https:\/\/contextoanalisisperiodistico.com\/wp-content\/uploads\/2025\/06\/img-20250607-wa00976403318267590556308-1024x647.jpg\" alt=\"\" class=\"wp-image-42304\" srcset=\"https:\/\/contextoanalisisperiodistico.com\/wp-content\/uploads\/2025\/06\/img-20250607-wa00976403318267590556308-1024x647.jpg 1024w, https:\/\/contextoanalisisperiodistico.com\/wp-content\/uploads\/2025\/06\/img-20250607-wa00976403318267590556308-300x190.jpg 300w, https:\/\/contextoanalisisperiodistico.com\/wp-content\/uploads\/2025\/06\/img-20250607-wa00976403318267590556308-768x485.jpg 768w, https:\/\/contextoanalisisperiodistico.com\/wp-content\/uploads\/2025\/06\/img-20250607-wa00976403318267590556308-540x340.jpg 540w, https:\/\/contextoanalisisperiodistico.com\/wp-content\/uploads\/2025\/06\/img-20250607-wa00976403318267590556308.jpg 1424w\" sizes=\"(max-width: 1024px) 100vw, 1024px\" \/><\/figure>\n\n\n\n<figure class=\"wp-block-image\"><img decoding=\"async\" width=\"1024\" height=\"650\" src=\"https:\/\/contextoanalisisperiodistico.com\/wp-content\/uploads\/2025\/06\/img-20250607-wa0101238974243327295833-1024x650.jpg\" alt=\"\" class=\"wp-image-42302\" srcset=\"https:\/\/contextoanalisisperiodistico.com\/wp-content\/uploads\/2025\/06\/img-20250607-wa0101238974243327295833-1024x650.jpg 1024w, https:\/\/contextoanalisisperiodistico.com\/wp-content\/uploads\/2025\/06\/img-20250607-wa0101238974243327295833-300x191.jpg 300w, https:\/\/contextoanalisisperiodistico.com\/wp-content\/uploads\/2025\/06\/img-20250607-wa0101238974243327295833-768x488.jpg 768w, https:\/\/contextoanalisisperiodistico.com\/wp-content\/uploads\/2025\/06\/img-20250607-wa0101238974243327295833.jpg 1036w\" sizes=\"(max-width: 1024px) 100vw, 1024px\" \/><\/figure>\n\n\n\n<figure class=\"wp-block-image\"><img decoding=\"async\" width=\"1024\" height=\"861\" src=\"https:\/\/contextoanalisisperiodistico.com\/wp-content\/uploads\/2025\/06\/img-20250607-wa01008254668762143169962-1024x861.jpg\" alt=\"\" class=\"wp-image-42303\" srcset=\"https:\/\/contextoanalisisperiodistico.com\/wp-content\/uploads\/2025\/06\/img-20250607-wa01008254668762143169962-1024x861.jpg 1024w, https:\/\/contextoanalisisperiodistico.com\/wp-content\/uploads\/2025\/06\/img-20250607-wa01008254668762143169962-300x252.jpg 300w, https:\/\/contextoanalisisperiodistico.com\/wp-content\/uploads\/2025\/06\/img-20250607-wa01008254668762143169962-768x646.jpg 768w, https:\/\/contextoanalisisperiodistico.com\/wp-content\/uploads\/2025\/06\/img-20250607-wa01008254668762143169962.jpg 1099w\" sizes=\"(max-width: 1024px) 100vw, 1024px\" \/><\/figure>\n\n\n\n<figure class=\"wp-block-image\"><img loading=\"lazy\" decoding=\"async\" width=\"799\" height=\"1024\" src=\"https:\/\/contextoanalisisperiodistico.com\/wp-content\/uploads\/2025\/06\/img-20250607-wa00993692008370730133494-799x1024.jpg\" alt=\"\" class=\"wp-image-42305\" srcset=\"https:\/\/contextoanalisisperiodistico.com\/wp-content\/uploads\/2025\/06\/img-20250607-wa00993692008370730133494-799x1024.jpg 799w, https:\/\/contextoanalisisperiodistico.com\/wp-content\/uploads\/2025\/06\/img-20250607-wa00993692008370730133494-234x300.jpg 234w, https:\/\/contextoanalisisperiodistico.com\/wp-content\/uploads\/2025\/06\/img-20250607-wa00993692008370730133494-768x984.jpg 768w, https:\/\/contextoanalisisperiodistico.com\/wp-content\/uploads\/2025\/06\/img-20250607-wa00993692008370730133494-1024x1312.jpg 1024w, https:\/\/contextoanalisisperiodistico.com\/wp-content\/uploads\/2025\/06\/img-20250607-wa00993692008370730133494.jpg 1200w\" sizes=\"(max-width: 799px) 100vw, 799px\" \/><\/figure>\n\n\n\n<p>Santa Cruz Xoxocotl\u00e1n, Oax. 7 de junio de 2025.- La dedicaci\u00f3n, el talento y la preparaci\u00f3n de los estudiantes del Colegio de Bachilleres del Estado de Oaxaca (Cobao) se reflejaron en el Segundo Concurso Nacional de Qu\u00edmica \u201cMarie Curie\u201d, en donde obtuvieron las preseas de oro, bronce y menci\u00f3n honor\u00edfica.<\/p>\n\n\n\n<p>Al respecto, la directora general de esta instituci\u00f3n educativa, Ang\u00e9lica Garc\u00eda P\u00e9rez expres\u00f3 su reconocimiento al esfuerzo y compromiso de la y los estudiantes de los planteles 01 Pueblo Nuevo y 61 San Bartolo, as\u00ed como de sus docentes en este concurso realizado del 30 de mayo al 1 de junio en Los Cabos, Baja California Sur.<\/p>\n\n\n\n<p>\u201cLos resultados obtenidos son consecuencia de la perseverancia. Sus conocimientos adquiridos trascienden los l\u00edmites de nuestro estado y son un orgullo para todo el sistema educativo del Cobao\u201d, dijo.<\/p>\n\n\n\n<p>V\u00edctor Eduardo L\u00f3pez Juli\u00e1n obtuvo medalla de oro y Lesly Denise G\u00f3mez Narv\u00e1ez, medalla de bronce, ambos en el Nivel III. Emmanuel Abdiel S\u00e1nchez Mart\u00ednez fue galardonado con una menci\u00f3n honor\u00edfica, mientras que Regina Guadalupe Matadamas Pacheco y Dylan D\u00edaz Ju\u00e1rez recibieron una constancia de participaci\u00f3n nacional en el Nivel II.<\/p>\n\n\n\n<p>Del plantel 61 San Bartolo, el alumno Julio C\u00e9sar V\u00e1zquez Gonsalez logr\u00f3 un meritorio tercer lugar en la categor\u00eda del Nivel III, consolidando la presencia del Cobao en esta competencia nacional.<\/p>\n\n\n\n<p>-0-<\/p>\n","protected":false},"excerpt":{"rendered":"<p>\u2022 La y los estudiantes de los planteles 01 Pueblo Nuevo y 61 San Bartolo&#8230;<\/p>\n","protected":false},"author":4,"featured_media":42301,"comment_status":"","ping_status":"open","sticky":false,"template":"","format":"standard","meta":{"footnotes":""},"categories":[91],"tags":[],"jetpack_sharing_enabled":true,"featured_image_urls":{"full":["https:\/\/contextoanalisisperiodistico.com\/wp-content\/uploads\/2025\/06\/IMG-20250607-WA0098.jpg",1600,1257,false],"thumbnail":["https:\/\/contextoanalisisperiodistico.com\/wp-content\/uploads\/2025\/06\/IMG-20250607-WA0098-150x150.jpg",150,150,true],"medium":["https:\/\/contextoanalisisperiodistico.com\/wp-content\/uploads\/2025\/06\/IMG-20250607-WA0098-300x236.jpg",300,236,true],"medium_large":["https:\/\/contextoanalisisperiodistico.com\/wp-content\/uploads\/2025\/06\/IMG-20250607-WA0098-768x603.jpg",640,503,true],"large":["https:\/\/contextoanalisisperiodistico.com\/wp-content\/uploads\/2025\/06\/IMG-20250607-WA0098-1024x804.jpg",640,503,true],"1536x1536":["https:\/\/contextoanalisisperiodistico.com\/wp-content\/uploads\/2025\/06\/IMG-20250607-WA0098-1536x1207.jpg",1536,1207,true],"2048x2048":["https:\/\/contextoanalisisperiodistico.com\/wp-content\/uploads\/2025\/06\/IMG-20250607-WA0098.jpg",1600,1257,false],"covernews-slider-full":["https:\/\/contextoanalisisperiodistico.com\/wp-content\/uploads\/2025\/06\/IMG-20250607-WA0098-1115x715.jpg",1115,715,true],"covernews-slider-center":["https:\/\/contextoanalisisperiodistico.com\/wp-content\/uploads\/2025\/06\/IMG-20250607-WA0098-800x500.jpg",800,500,true],"covernews-featured":["https:\/\/contextoanalisisperiodistico.com\/wp-content\/uploads\/2025\/06\/IMG-20250607-WA0098-1024x804.jpg",1024,804,true],"covernews-medium":["https:\/\/contextoanalisisperiodistico.com\/wp-content\/uploads\/2025\/06\/IMG-20250607-WA0098-540x340.jpg",540,340,true],"covernews-medium-square":["https:\/\/contextoanalisisperiodistico.com\/wp-content\/uploads\/2025\/06\/IMG-20250607-WA0098-400x250.jpg",400,250,true]},"author_info":{"display_name":"Mario Gir\u00f3n","author_link":"https:\/\/contextoanalisisperiodistico.com\/index.php\/author\/director\/"},"category_info":"<a href=\"https:\/\/contextoanalisisperiodistico.com\/index.php\/category\/educacion\/\" rel=\"category tag\">Educaci\u00f3n<\/a>","tag_info":"Educaci\u00f3n","comment_count":"0","jetpack_featured_media_url":"https:\/\/contextoanalisisperiodistico.com\/wp-content\/uploads\/2025\/06\/IMG-20250607-WA0098.jpg","_links":{"self":[{"href":"https:\/\/contextoanalisisperiodistico.com\/index.php\/wp-json\/wp\/v2\/posts\/42306"}],"collection":[{"href":"https:\/\/contextoanalisisperiodistico.com\/index.php\/wp-json\/wp\/v2\/posts"}],"about":[{"href":"https:\/\/contextoanalisisperiodistico.com\/index.php\/wp-json\/wp\/v2\/types\/post"}],"author":[{"embeddable":true,"href":"https:\/\/contextoanalisisperiodistico.com\/index.php\/wp-json\/wp\/v2\/users\/4"}],"replies":[{"embeddable":true,"href":"https:\/\/contextoanalisisperiodistico.com\/index.php\/wp-json\/wp\/v2\/comments?post=42306"}],"version-history":[{"count":0,"href":"https:\/\/contextoanalisisperiodistico.com\/index.php\/wp-json\/wp\/v2\/posts\/42306\/revisions"}],"wp:featuredmedia":[{"embeddable":true,"href":"https:\/\/contextoanalisisperiodistico.com\/index.php\/wp-json\/wp\/v2\/media\/42301"}],"wp:attachment":[{"href":"https:\/\/contextoanalisisperiodistico.com\/index.php\/wp-json\/wp\/v2\/media?parent=42306"}],"wp:term":[{"taxonomy":"category","embeddable":true,"href":"https:\/\/contextoanalisisperiodistico.com\/index.php\/wp-json\/wp\/v2\/categories?post=42306"},{"taxonomy":"post_tag","embeddable":true,"href":"https:\/\/contextoanalisisperiodistico.com\/index.php\/wp-json\/wp\/v2\/tags?post=42306"}],"curies":[{"name":"wp","href":"https:\/\/api.w.org\/{rel}","templated":true}]}}