{"id":42273,"date":"2025-06-05T22:26:07","date_gmt":"2025-06-06T04:26:07","guid":{"rendered":"https:\/\/contextoanalisisperiodistico.com\/index.php\/2025\/06\/05\/agentes-municipales-se-suman-a-las-acciones-de-proteccion-civil-en-la-capital\/"},"modified":"2025-06-05T22:29:48","modified_gmt":"2025-06-06T04:29:48","slug":"agentes-municipales-se-suman-a-las-acciones-de-proteccion-civil-en-la-capital","status":"publish","type":"post","link":"https:\/\/contextoanalisisperiodistico.com\/index.php\/2025\/06\/05\/agentes-municipales-se-suman-a-las-acciones-de-proteccion-civil-en-la-capital\/","title":{"rendered":"Agentes municipales se suman a las acciones de protecci\u00f3n civil en la capital"},"content":{"rendered":"<div id=\"fb-root\"><\/div>\n\n<ul class=\"wp-block-list\">\n<li>Se integran para fortalecer los trabajos del Consejo Municipal de Protecci\u00f3n Civil de Oaxaca de Ju\u00e1rez<\/li>\n<\/ul>\n\n\n\n<figure class=\"wp-block-image size-large\"><img fetchpriority=\"high\" decoding=\"async\" width=\"1024\" height=\"684\" src=\"https:\/\/contextoanalisisperiodistico.com\/wp-content\/uploads\/2025\/06\/img-20250605-wa02372813151636754432096-1024x684.jpg\" alt=\"\" class=\"wp-image-42268\" srcset=\"https:\/\/contextoanalisisperiodistico.com\/wp-content\/uploads\/2025\/06\/img-20250605-wa02372813151636754432096-1024x684.jpg 1024w, https:\/\/contextoanalisisperiodistico.com\/wp-content\/uploads\/2025\/06\/img-20250605-wa02372813151636754432096-300x200.jpg 300w, https:\/\/contextoanalisisperiodistico.com\/wp-content\/uploads\/2025\/06\/img-20250605-wa02372813151636754432096-768x513.jpg 768w, https:\/\/contextoanalisisperiodistico.com\/wp-content\/uploads\/2025\/06\/img-20250605-wa02372813151636754432096-1536x1027.jpg 1536w, https:\/\/contextoanalisisperiodistico.com\/wp-content\/uploads\/2025\/06\/img-20250605-wa02372813151636754432096.jpg 1616w\" sizes=\"(max-width: 1024px) 100vw, 1024px\" \/><\/figure>\n\n\n\n<figure class=\"wp-block-image\"><img decoding=\"async\" width=\"1024\" height=\"684\" src=\"https:\/\/contextoanalisisperiodistico.com\/wp-content\/uploads\/2025\/06\/img-20250605-wa02368494338144414003522-1024x684.jpg\" alt=\"\" class=\"wp-image-42269\" srcset=\"https:\/\/contextoanalisisperiodistico.com\/wp-content\/uploads\/2025\/06\/img-20250605-wa02368494338144414003522-1024x684.jpg 1024w, https:\/\/contextoanalisisperiodistico.com\/wp-content\/uploads\/2025\/06\/img-20250605-wa02368494338144414003522-300x200.jpg 300w, https:\/\/contextoanalisisperiodistico.com\/wp-content\/uploads\/2025\/06\/img-20250605-wa02368494338144414003522-768x513.jpg 768w, https:\/\/contextoanalisisperiodistico.com\/wp-content\/uploads\/2025\/06\/img-20250605-wa02368494338144414003522-1536x1027.jpg 1536w, https:\/\/contextoanalisisperiodistico.com\/wp-content\/uploads\/2025\/06\/img-20250605-wa02368494338144414003522.jpg 1616w\" sizes=\"(max-width: 1024px) 100vw, 1024px\" \/><\/figure>\n\n\n\n<figure class=\"wp-block-image\"><img decoding=\"async\" width=\"1024\" height=\"684\" src=\"https:\/\/contextoanalisisperiodistico.com\/wp-content\/uploads\/2025\/06\/img-20250605-wa0238363291849937692861-1024x684.jpg\" alt=\"\" class=\"wp-image-42270\" srcset=\"https:\/\/contextoanalisisperiodistico.com\/wp-content\/uploads\/2025\/06\/img-20250605-wa0238363291849937692861-1024x684.jpg 1024w, https:\/\/contextoanalisisperiodistico.com\/wp-content\/uploads\/2025\/06\/img-20250605-wa0238363291849937692861-300x200.jpg 300w, https:\/\/contextoanalisisperiodistico.com\/wp-content\/uploads\/2025\/06\/img-20250605-wa0238363291849937692861-768x513.jpg 768w, https:\/\/contextoanalisisperiodistico.com\/wp-content\/uploads\/2025\/06\/img-20250605-wa0238363291849937692861-1536x1027.jpg 1536w, https:\/\/contextoanalisisperiodistico.com\/wp-content\/uploads\/2025\/06\/img-20250605-wa0238363291849937692861.jpg 1616w\" sizes=\"(max-width: 1024px) 100vw, 1024px\" \/><\/figure>\n\n\n\n<figure class=\"wp-block-image\"><img loading=\"lazy\" decoding=\"async\" width=\"1024\" height=\"684\" src=\"https:\/\/contextoanalisisperiodistico.com\/wp-content\/uploads\/2025\/06\/img-20250605-wa02393304672697191259875-1024x684.jpg\" alt=\"\" class=\"wp-image-42271\" srcset=\"https:\/\/contextoanalisisperiodistico.com\/wp-content\/uploads\/2025\/06\/img-20250605-wa02393304672697191259875-1024x684.jpg 1024w, https:\/\/contextoanalisisperiodistico.com\/wp-content\/uploads\/2025\/06\/img-20250605-wa02393304672697191259875-300x200.jpg 300w, https:\/\/contextoanalisisperiodistico.com\/wp-content\/uploads\/2025\/06\/img-20250605-wa02393304672697191259875-768x513.jpg 768w, https:\/\/contextoanalisisperiodistico.com\/wp-content\/uploads\/2025\/06\/img-20250605-wa02393304672697191259875-1536x1027.jpg 1536w, https:\/\/contextoanalisisperiodistico.com\/wp-content\/uploads\/2025\/06\/img-20250605-wa02393304672697191259875.jpg 1616w\" sizes=\"(max-width: 1024px) 100vw, 1024px\" \/><\/figure>\n\n\n\n<figure class=\"wp-block-image\"><img loading=\"lazy\" decoding=\"async\" width=\"1024\" height=\"684\" src=\"https:\/\/contextoanalisisperiodistico.com\/wp-content\/uploads\/2025\/06\/img-20250605-wa02357646331419999717256-1024x684.jpg\" alt=\"\" class=\"wp-image-42272\" srcset=\"https:\/\/contextoanalisisperiodistico.com\/wp-content\/uploads\/2025\/06\/img-20250605-wa02357646331419999717256-1024x684.jpg 1024w, https:\/\/contextoanalisisperiodistico.com\/wp-content\/uploads\/2025\/06\/img-20250605-wa02357646331419999717256-300x200.jpg 300w, https:\/\/contextoanalisisperiodistico.com\/wp-content\/uploads\/2025\/06\/img-20250605-wa02357646331419999717256-768x513.jpg 768w, https:\/\/contextoanalisisperiodistico.com\/wp-content\/uploads\/2025\/06\/img-20250605-wa02357646331419999717256-1536x1027.jpg 1536w, https:\/\/contextoanalisisperiodistico.com\/wp-content\/uploads\/2025\/06\/img-20250605-wa02357646331419999717256.jpg 1616w\" sizes=\"(max-width: 1024px) 100vw, 1024px\" \/><\/figure>\n\n\n\n<p>Oaxaca de Ju\u00e1rez, Oax., 5 de junio de 2025.-Con el objetivo de reforzar las acciones preventivas ante la temporada de lluvias, este mi\u00e9rcoles se llev\u00f3 a cabo la sesi\u00f3n ordinaria del Consejo Municipal de Protecci\u00f3n Civil de Oaxaca de Ju\u00e1rez, en la que agentes municipales y elementos de seguridad rindieron protesta como nuevos integrantes de este \u00f3rgano de coordinaci\u00f3n.<\/p>\n\n\n\n<p>Durante la sesi\u00f3n, encabezada por la Coordinaci\u00f3n Municipal de Protecci\u00f3n Civil, se integraron formalmente representantes de las agencias: Candiani, Cinco Se\u00f1ores, Dolores, Guadalupe Victoria, Montoya, San Luis Beltr\u00e1n, Donaj\u00ed, Pueblo Nuevo, San Felipe del Agua, San Juan Chapultepec, San Mart\u00edn Mexicapam, Santa Rosa Panzacola y Trinidad de Viguera.<\/p>\n\n\n\n<p>En el evento se destac\u00f3 la importancia de contar con una red territorial organizada para responder de manera inmediata ante cualquier emergencia, especialmente en esta temporada en la que se prev\u00e9 la presencia de entre 3 y 6 huracanes intensos que podr\u00edan impactar en el territorio nacional.<\/p>\n\n\n\n<p>En este sentido, se hizo un llamado a las autoridades auxiliares y a la ciudadan\u00eda a mantenerse informados sobre los niveles de r\u00edos y cuerpos de agua, as\u00ed como a consultar el Atlas de Riesgos del municipio para identificar zonas vulnerables.<\/p>\n\n\n\n<p>Con estas acciones el presidente municipal Ray Chagoya reafirm\u00f3 su compromiso de fortalecer la coordinaci\u00f3n interinstitucional y territorial para garantizar la seguridad de las familias capitalinas. \u201cLa prevenci\u00f3n es nuestra mejor herramienta. Hoy estamos actuando con responsabilidad y con la participaci\u00f3n directa de nuestras agencias\u201d.<\/p>\n\n\n\n<p>Con esta integraci\u00f3n, Oaxaca de Ju\u00e1rez est\u00e1 lista para atender de manera oportuna y coordinada cualquier eventualidad que pueda surgir durante la temporada de lluvias, priorizando la vida y el bienestar de sus habitantes.<\/p>\n","protected":false},"excerpt":{"rendered":"<p>Oaxaca de Ju\u00e1rez, Oax., 5 de junio de 2025.-Con el objetivo de reforzar las acciones&#8230;<\/p>\n","protected":false},"author":4,"featured_media":42267,"comment_status":"closed","ping_status":"open","sticky":false,"template":"","format":"standard","meta":{"footnotes":""},"categories":[3],"tags":[178,235,234,45],"jetpack_sharing_enabled":true,"featured_image_urls":{"full":["https:\/\/contextoanalisisperiodistico.com\/wp-content\/uploads\/2025\/06\/IMG-20250605-WA0233.jpg",1455,1070,false],"thumbnail":["https:\/\/contextoanalisisperiodistico.com\/wp-content\/uploads\/2025\/06\/IMG-20250605-WA0233-150x150.jpg",150,150,true],"medium":["https:\/\/contextoanalisisperiodistico.com\/wp-content\/uploads\/2025\/06\/IMG-20250605-WA0233-300x221.jpg",300,221,true],"medium_large":["https:\/\/contextoanalisisperiodistico.com\/wp-content\/uploads\/2025\/06\/IMG-20250605-WA0233-768x565.jpg",640,471,true],"large":["https:\/\/contextoanalisisperiodistico.com\/wp-content\/uploads\/2025\/06\/IMG-20250605-WA0233-1024x753.jpg",640,471,true],"1536x1536":["https:\/\/contextoanalisisperiodistico.com\/wp-content\/uploads\/2025\/06\/IMG-20250605-WA0233.jpg",1455,1070,false],"2048x2048":["https:\/\/contextoanalisisperiodistico.com\/wp-content\/uploads\/2025\/06\/IMG-20250605-WA0233.jpg",1455,1070,false],"covernews-slider-full":["https:\/\/contextoanalisisperiodistico.com\/wp-content\/uploads\/2025\/06\/IMG-20250605-WA0233-1115x715.jpg",1115,715,true],"covernews-slider-center":["https:\/\/contextoanalisisperiodistico.com\/wp-content\/uploads\/2025\/06\/IMG-20250605-WA0233-800x500.jpg",800,500,true],"covernews-featured":["https:\/\/contextoanalisisperiodistico.com\/wp-content\/uploads\/2025\/06\/IMG-20250605-WA0233-1024x753.jpg",1024,753,true],"covernews-medium":["https:\/\/contextoanalisisperiodistico.com\/wp-content\/uploads\/2025\/06\/IMG-20250605-WA0233-540x340.jpg",540,340,true],"covernews-medium-square":["https:\/\/contextoanalisisperiodistico.com\/wp-content\/uploads\/2025\/06\/IMG-20250605-WA0233-400x250.jpg",400,250,true]},"author_info":{"display_name":"Mario Gir\u00f3n","author_link":"https:\/\/contextoanalisisperiodistico.com\/index.php\/author\/director\/"},"category_info":"<a href=\"https:\/\/contextoanalisisperiodistico.com\/index.php\/category\/ciudad\/\" rel=\"category tag\">Ciudad<\/a>","tag_info":"Ciudad","comment_count":"0","jetpack_featured_media_url":"https:\/\/contextoanalisisperiodistico.com\/wp-content\/uploads\/2025\/06\/IMG-20250605-WA0233.jpg","_links":{"self":[{"href":"https:\/\/contextoanalisisperiodistico.com\/index.php\/wp-json\/wp\/v2\/posts\/42273"}],"collection":[{"href":"https:\/\/contextoanalisisperiodistico.com\/index.php\/wp-json\/wp\/v2\/posts"}],"about":[{"href":"https:\/\/contextoanalisisperiodistico.com\/index.php\/wp-json\/wp\/v2\/types\/post"}],"author":[{"embeddable":true,"href":"https:\/\/contextoanalisisperiodistico.com\/index.php\/wp-json\/wp\/v2\/users\/4"}],"replies":[{"embeddable":true,"href":"https:\/\/contextoanalisisperiodistico.com\/index.php\/wp-json\/wp\/v2\/comments?post=42273"}],"version-history":[{"count":1,"href":"https:\/\/contextoanalisisperiodistico.com\/index.php\/wp-json\/wp\/v2\/posts\/42273\/revisions"}],"predecessor-version":[{"id":42274,"href":"https:\/\/contextoanalisisperiodistico.com\/index.php\/wp-json\/wp\/v2\/posts\/42273\/revisions\/42274"}],"wp:featuredmedia":[{"embeddable":true,"href":"https:\/\/contextoanalisisperiodistico.com\/index.php\/wp-json\/wp\/v2\/media\/42267"}],"wp:attachment":[{"href":"https:\/\/contextoanalisisperiodistico.com\/index.php\/wp-json\/wp\/v2\/media?parent=42273"}],"wp:term":[{"taxonomy":"category","embeddable":true,"href":"https:\/\/contextoanalisisperiodistico.com\/index.php\/wp-json\/wp\/v2\/categories?post=42273"},{"taxonomy":"post_tag","embeddable":true,"href":"https:\/\/contextoanalisisperiodistico.com\/index.php\/wp-json\/wp\/v2\/tags?post=42273"}],"curies":[{"name":"wp","href":"https:\/\/api.w.org\/{rel}","templated":true}]}}