{"id":42266,"date":"2025-06-05T22:21:05","date_gmt":"2025-06-06T04:21:05","guid":{"rendered":"https:\/\/contextoanalisisperiodistico.com\/index.php\/2025\/06\/05\/actualiza-sso-a-personal-de-psicologia\/"},"modified":"2025-06-05T22:21:05","modified_gmt":"2025-06-06T04:21:05","slug":"actualiza-sso-a-personal-de-psicologia","status":"publish","type":"post","link":"https:\/\/contextoanalisisperiodistico.com\/index.php\/2025\/06\/05\/actualiza-sso-a-personal-de-psicologia\/","title":{"rendered":"Actualiza SSO a personal de psicolog\u00eda"},"content":{"rendered":"<div id=\"fb-root\"><\/div>\n\n<p>\u2022 Rinde homenaje a pionero en salud mental, entregan reconocimientos por 20 a\u00f1os y m\u00e1s de servicio al personal de psicolog\u00eda de unidades m\u00e9dicas de primer y segundo nivel<\/p>\n\n\n\n<figure class=\"wp-block-image size-large\"><img fetchpriority=\"high\" decoding=\"async\" width=\"900\" height=\"600\" src=\"https:\/\/contextoanalisisperiodistico.com\/wp-content\/uploads\/2025\/06\/img-20250605-wa02641326279904724450067.jpg\" alt=\"\" class=\"wp-image-42261\" srcset=\"https:\/\/contextoanalisisperiodistico.com\/wp-content\/uploads\/2025\/06\/img-20250605-wa02641326279904724450067.jpg 900w, https:\/\/contextoanalisisperiodistico.com\/wp-content\/uploads\/2025\/06\/img-20250605-wa02641326279904724450067-300x200.jpg 300w, https:\/\/contextoanalisisperiodistico.com\/wp-content\/uploads\/2025\/06\/img-20250605-wa02641326279904724450067-768x512.jpg 768w\" sizes=\"(max-width: 900px) 100vw, 900px\" \/><\/figure>\n\n\n\n<figure class=\"wp-block-image\"><img decoding=\"async\" width=\"300\" height=\"200\" src=\"https:\/\/contextoanalisisperiodistico.com\/wp-content\/uploads\/2025\/06\/img-20250605-wa02686348077693235828657-300x200.jpg\" alt=\"\" class=\"wp-image-42263\" srcset=\"https:\/\/contextoanalisisperiodistico.com\/wp-content\/uploads\/2025\/06\/img-20250605-wa02686348077693235828657-300x200.jpg 300w, https:\/\/contextoanalisisperiodistico.com\/wp-content\/uploads\/2025\/06\/img-20250605-wa02686348077693235828657-768x512.jpg 768w, https:\/\/contextoanalisisperiodistico.com\/wp-content\/uploads\/2025\/06\/img-20250605-wa02686348077693235828657.jpg 900w\" sizes=\"(max-width: 300px) 100vw, 300px\" \/><\/figure>\n\n\n\n<figure class=\"wp-block-image\"><img decoding=\"async\" width=\"300\" height=\"200\" src=\"https:\/\/contextoanalisisperiodistico.com\/wp-content\/uploads\/2025\/06\/img-20250605-wa02678116791871249217271-300x200.jpg\" alt=\"\" class=\"wp-image-42265\" srcset=\"https:\/\/contextoanalisisperiodistico.com\/wp-content\/uploads\/2025\/06\/img-20250605-wa02678116791871249217271-300x200.jpg 300w, https:\/\/contextoanalisisperiodistico.com\/wp-content\/uploads\/2025\/06\/img-20250605-wa02678116791871249217271-768x512.jpg 768w, https:\/\/contextoanalisisperiodistico.com\/wp-content\/uploads\/2025\/06\/img-20250605-wa02678116791871249217271.jpg 900w\" sizes=\"(max-width: 300px) 100vw, 300px\" \/><\/figure>\n\n\n\n<figure class=\"wp-block-image\"><img loading=\"lazy\" decoding=\"async\" width=\"300\" height=\"200\" src=\"https:\/\/contextoanalisisperiodistico.com\/wp-content\/uploads\/2025\/06\/img-20250605-wa02665924340576006157737-300x200.jpg\" alt=\"\" class=\"wp-image-42262\" srcset=\"https:\/\/contextoanalisisperiodistico.com\/wp-content\/uploads\/2025\/06\/img-20250605-wa02665924340576006157737-300x200.jpg 300w, https:\/\/contextoanalisisperiodistico.com\/wp-content\/uploads\/2025\/06\/img-20250605-wa02665924340576006157737-768x512.jpg 768w, https:\/\/contextoanalisisperiodistico.com\/wp-content\/uploads\/2025\/06\/img-20250605-wa02665924340576006157737.jpg 900w\" sizes=\"(max-width: 300px) 100vw, 300px\" \/><\/figure>\n\n\n\n<figure class=\"wp-block-image\"><img loading=\"lazy\" decoding=\"async\" width=\"300\" height=\"200\" src=\"https:\/\/contextoanalisisperiodistico.com\/wp-content\/uploads\/2025\/06\/img-20250605-wa02696494738621825651112-300x200.jpg\" alt=\"\" class=\"wp-image-42264\" srcset=\"https:\/\/contextoanalisisperiodistico.com\/wp-content\/uploads\/2025\/06\/img-20250605-wa02696494738621825651112-300x200.jpg 300w, https:\/\/contextoanalisisperiodistico.com\/wp-content\/uploads\/2025\/06\/img-20250605-wa02696494738621825651112-768x512.jpg 768w, https:\/\/contextoanalisisperiodistico.com\/wp-content\/uploads\/2025\/06\/img-20250605-wa02696494738621825651112.jpg 900w\" sizes=\"(max-width: 300px) 100vw, 300px\" \/><\/figure>\n\n\n\n<p>Oaxaca de Ju\u00e1rez, Oax. 5 de junio de 2025.- Con el firme compromiso de seguir fortaleciendo la atenci\u00f3n integral en salud mental, Servicios de Salud de Oaxaca (SSO) llev\u00f3 a cabo la jornada acad\u00e9mica \u201cRetos de la Psicolog\u00eda en el Sistema de Salud\u201d, dirigida a personal de primer y segundo nivel de atenci\u00f3n m\u00e9dica.<\/p>\n\n\n\n<p>Esta actividad tuvo un doble prop\u00f3sito: actualizar conocimientos cl\u00ednicos y normativos en el \u00e1mbito de la psicolog\u00eda, as\u00ed como rendir homenaje al legado del psic\u00f3logo Aris Ram\u00edrez G\u00f3mez, figura destacada en la atenci\u00f3n de la salud mental en el estado, quien falleci\u00f3 en mayo y fue parte del equipo del Hospital Psiqui\u00e1trico Cruz del Sur.<\/p>\n\n\n\n<p>Un tributo al compromiso y la trayectoria<\/p>\n\n\n\n<p>Durante el evento, se otorgaron reconocimientos por 20 a\u00f1os o m\u00e1s de servicio a profesionales de la psicolog\u00eda que han entregado su vocaci\u00f3n en distintas unidades m\u00e9dicas de SSO, destacando su contribuci\u00f3n al cuidado emocional y mental de la poblaci\u00f3n oaxaque\u00f1a.<\/p>\n\n\n\n<p>En representaci\u00f3n del secretario de Salud, Efr\u00e9n Emmanuel Jarqu\u00edn Gonz\u00e1lez, la subdirectora General de Innovaci\u00f3n y Calidad, Lorena Bola\u00f1os Rodr\u00edguez resalt\u00f3 que \u201cla intervenci\u00f3n psicol\u00f3gica ya no es solo un apoyo adicional, sino un eje esencial en la atenci\u00f3n integral del paciente. Cada consulta, orientaci\u00f3n y acompa\u00f1amiento transforma vidas\u201d.<\/p>\n\n\n\n<p>Precis\u00f3 que esta jornada acad\u00e9mica beneficiar\u00e1 al intercambio de experiencias y conocimientos a fin de fortalecer la pr\u00e1ctica cl\u00ednica, para que el servicio de salud mental sea cercano, accesible y digno para todas y todos.<\/p>\n\n\n\n<p>Las y los psic\u00f3logos que recibieron reconocimientos son: Lorena Aguilar Jim\u00e9nez del Centro de Oncolog\u00eda y Radioterapia; Clemencia Caballero Aquino, Roberto M\u00e9ndez Mart\u00ednez, Carmina Ignacio D\u00edaz Lena y Blanca Estela Salinas Santos del Hospital Psiqui\u00e1trico Cruz del Sur.<\/p>\n\n\n\n<p>As\u00ed como a Dolores Ram\u00edrez Rodr\u00edguez del Hospital General Doctor Aurelio Valdivieso; Carmen Yazmin Ram\u00edrez Cruz de la Jurisdicci\u00f3n Sanitaria 1 Valles Centrales; Alba Martha Ruiz Correa del Centro de Salud de Nazareno Etla y Alicia Gil S\u00e1nchez del Hospital General de Putla Villa de Guerrero.<\/p>\n\n\n\n<p>-0-<\/p>\n","protected":false},"excerpt":{"rendered":"<p>\u2022 Rinde homenaje a pionero en salud mental, entregan reconocimientos por 20 a\u00f1os y m\u00e1s&#8230;<\/p>\n","protected":false},"author":4,"featured_media":42260,"comment_status":"","ping_status":"open","sticky":false,"template":"","format":"standard","meta":{"footnotes":""},"categories":[92],"tags":[],"jetpack_sharing_enabled":true,"featured_image_urls":{"full":["https:\/\/contextoanalisisperiodistico.com\/wp-content\/uploads\/2025\/06\/IMG-20250605-WA0265.jpg",900,600,false],"thumbnail":["https:\/\/contextoanalisisperiodistico.com\/wp-content\/uploads\/2025\/06\/IMG-20250605-WA0265-150x150.jpg",150,150,true],"medium":["https:\/\/contextoanalisisperiodistico.com\/wp-content\/uploads\/2025\/06\/IMG-20250605-WA0265-300x200.jpg",300,200,true],"medium_large":["https:\/\/contextoanalisisperiodistico.com\/wp-content\/uploads\/2025\/06\/IMG-20250605-WA0265-768x512.jpg",640,427,true],"large":["https:\/\/contextoanalisisperiodistico.com\/wp-content\/uploads\/2025\/06\/IMG-20250605-WA0265.jpg",640,427,false],"1536x1536":["https:\/\/contextoanalisisperiodistico.com\/wp-content\/uploads\/2025\/06\/IMG-20250605-WA0265.jpg",900,600,false],"2048x2048":["https:\/\/contextoanalisisperiodistico.com\/wp-content\/uploads\/2025\/06\/IMG-20250605-WA0265.jpg",900,600,false],"covernews-slider-full":["https:\/\/contextoanalisisperiodistico.com\/wp-content\/uploads\/2025\/06\/IMG-20250605-WA0265.jpg",900,600,false],"covernews-slider-center":["https:\/\/contextoanalisisperiodistico.com\/wp-content\/uploads\/2025\/06\/IMG-20250605-WA0265-800x500.jpg",800,500,true],"covernews-featured":["https:\/\/contextoanalisisperiodistico.com\/wp-content\/uploads\/2025\/06\/IMG-20250605-WA0265.jpg",900,600,false],"covernews-medium":["https:\/\/contextoanalisisperiodistico.com\/wp-content\/uploads\/2025\/06\/IMG-20250605-WA0265-540x340.jpg",540,340,true],"covernews-medium-square":["https:\/\/contextoanalisisperiodistico.com\/wp-content\/uploads\/2025\/06\/IMG-20250605-WA0265-400x250.jpg",400,250,true]},"author_info":{"display_name":"Mario Gir\u00f3n","author_link":"https:\/\/contextoanalisisperiodistico.com\/index.php\/author\/director\/"},"category_info":"<a href=\"https:\/\/contextoanalisisperiodistico.com\/index.php\/category\/salud\/\" rel=\"category tag\">Salud<\/a>","tag_info":"Salud","comment_count":"0","jetpack_featured_media_url":"https:\/\/contextoanalisisperiodistico.com\/wp-content\/uploads\/2025\/06\/IMG-20250605-WA0265.jpg","_links":{"self":[{"href":"https:\/\/contextoanalisisperiodistico.com\/index.php\/wp-json\/wp\/v2\/posts\/42266"}],"collection":[{"href":"https:\/\/contextoanalisisperiodistico.com\/index.php\/wp-json\/wp\/v2\/posts"}],"about":[{"href":"https:\/\/contextoanalisisperiodistico.com\/index.php\/wp-json\/wp\/v2\/types\/post"}],"author":[{"embeddable":true,"href":"https:\/\/contextoanalisisperiodistico.com\/index.php\/wp-json\/wp\/v2\/users\/4"}],"replies":[{"embeddable":true,"href":"https:\/\/contextoanalisisperiodistico.com\/index.php\/wp-json\/wp\/v2\/comments?post=42266"}],"version-history":[{"count":0,"href":"https:\/\/contextoanalisisperiodistico.com\/index.php\/wp-json\/wp\/v2\/posts\/42266\/revisions"}],"wp:featuredmedia":[{"embeddable":true,"href":"https:\/\/contextoanalisisperiodistico.com\/index.php\/wp-json\/wp\/v2\/media\/42260"}],"wp:attachment":[{"href":"https:\/\/contextoanalisisperiodistico.com\/index.php\/wp-json\/wp\/v2\/media?parent=42266"}],"wp:term":[{"taxonomy":"category","embeddable":true,"href":"https:\/\/contextoanalisisperiodistico.com\/index.php\/wp-json\/wp\/v2\/categories?post=42266"},{"taxonomy":"post_tag","embeddable":true,"href":"https:\/\/contextoanalisisperiodistico.com\/index.php\/wp-json\/wp\/v2\/tags?post=42266"}],"curies":[{"name":"wp","href":"https:\/\/api.w.org\/{rel}","templated":true}]}}