{"id":42255,"date":"2025-06-05T21:59:07","date_gmt":"2025-06-06T03:59:07","guid":{"rendered":"https:\/\/contextoanalisisperiodistico.com\/index.php\/2025\/06\/05\/brinda-gobernador-de-oaxaca-60-mdp-para-el-progreso-de-putla-villa-de-guerrero\/"},"modified":"2025-06-05T21:59:07","modified_gmt":"2025-06-06T03:59:07","slug":"brinda-gobernador-de-oaxaca-60-mdp-para-el-progreso-de-putla-villa-de-guerrero","status":"publish","type":"post","link":"https:\/\/contextoanalisisperiodistico.com\/index.php\/2025\/06\/05\/brinda-gobernador-de-oaxaca-60-mdp-para-el-progreso-de-putla-villa-de-guerrero\/","title":{"rendered":"Brinda Gobernador de Oaxaca 60 mdp para el progreso de Putla Villa de Guerrero"},"content":{"rendered":"<div id=\"fb-root\"><\/div>\n\n<p>\u2022 El Mandatario Salom\u00f3n Jara dio respuestas a las demandas que la ciudadan\u00eda expuso en materia de salud, educaci\u00f3n, caminos y bienestar<\/p>\n\n\n\n<figure class=\"wp-block-image size-large\"><img fetchpriority=\"high\" decoding=\"async\" width=\"900\" height=\"599\" src=\"https:\/\/contextoanalisisperiodistico.com\/wp-content\/uploads\/2025\/06\/img-20250605-wa02491420936523846207623.jpg\" alt=\"\" class=\"wp-image-42252\" srcset=\"https:\/\/contextoanalisisperiodistico.com\/wp-content\/uploads\/2025\/06\/img-20250605-wa02491420936523846207623.jpg 900w, https:\/\/contextoanalisisperiodistico.com\/wp-content\/uploads\/2025\/06\/img-20250605-wa02491420936523846207623-300x200.jpg 300w, https:\/\/contextoanalisisperiodistico.com\/wp-content\/uploads\/2025\/06\/img-20250605-wa02491420936523846207623-768x511.jpg 768w\" sizes=\"(max-width: 900px) 100vw, 900px\" \/><\/figure>\n\n\n\n<figure class=\"wp-block-image\"><img decoding=\"async\" width=\"300\" height=\"200\" src=\"https:\/\/contextoanalisisperiodistico.com\/wp-content\/uploads\/2025\/06\/img-20250605-wa02461223204818875109423-300x200.jpg\" alt=\"\" class=\"wp-image-42253\" srcset=\"https:\/\/contextoanalisisperiodistico.com\/wp-content\/uploads\/2025\/06\/img-20250605-wa02461223204818875109423-300x200.jpg 300w, https:\/\/contextoanalisisperiodistico.com\/wp-content\/uploads\/2025\/06\/img-20250605-wa02461223204818875109423-768x511.jpg 768w, https:\/\/contextoanalisisperiodistico.com\/wp-content\/uploads\/2025\/06\/img-20250605-wa02461223204818875109423.jpg 900w\" sizes=\"(max-width: 300px) 100vw, 300px\" \/><\/figure>\n\n\n\n<figure class=\"wp-block-image\"><img decoding=\"async\" width=\"300\" height=\"200\" src=\"https:\/\/contextoanalisisperiodistico.com\/wp-content\/uploads\/2025\/06\/img-20250605-wa02482187482709006052992-300x200.jpg\" alt=\"\" class=\"wp-image-42254\" srcset=\"https:\/\/contextoanalisisperiodistico.com\/wp-content\/uploads\/2025\/06\/img-20250605-wa02482187482709006052992-300x200.jpg 300w, https:\/\/contextoanalisisperiodistico.com\/wp-content\/uploads\/2025\/06\/img-20250605-wa02482187482709006052992-768x511.jpg 768w, https:\/\/contextoanalisisperiodistico.com\/wp-content\/uploads\/2025\/06\/img-20250605-wa02482187482709006052992.jpg 900w\" sizes=\"(max-width: 300px) 100vw, 300px\" \/><\/figure>\n\n\n\n<p>Putla Villa de Guerrero, Oax. 5 de junio de 2025.- En esta comunidad alegre y rica en tradiciones, el Gobernador Salom\u00f3n Jara Cruz anunci\u00f3 recursos por 60 millones de pesos, como parte de la estrategia Trabajo que Transforma tu Municipio, para continuar con el progreso de las familias.<\/p>\n\n\n\n<p>Ante integrantes del Gobierno del Estado, autoridades municipales y de organizaciones sociales, el Mandatario oaxaque\u00f1o dio respuestas a las demandas que la ciudadan\u00eda expuso en materia de salud, educaci\u00f3n, caminos y programas sociales.<\/p>\n\n\n\n<p>\u201cVenimos a ayudar y apoyar a sus autoridades y habitantes\u201d, se\u00f1al\u00f3 al tiempo de destacar que en su administraci\u00f3n se atiende de manera directa, desde territorio y sin intermediarios, para impulsar el desarrollo de las comunidades.<\/p>\n\n\n\n<p>En respaldo a las instalaciones que se ubican en este municipio de la Universidad Aut\u00f3noma Benito Ju\u00e1rez de Oaxaca (UABJO), el Gobernador anunci\u00f3 un apoyo por 10 millones de pesos para la ampliaci\u00f3n y construcci\u00f3n de aulas de esta instituci\u00f3n.<\/p>\n\n\n\n<p>Resalt\u00f3 que gracias al compromiso de la Presidenta Claudia Sheinbaum Pardo, ser\u00e1n rehabilitadas las carreteras que se ubican en la regi\u00f3n de la Mixteca oaxaque\u00f1a, entre ellas, 138 kil\u00f3metros de la v\u00eda Putla Villa de Guerrero a Santiago Pinotepa Nacional por 438 millones de pesos y 131 kil\u00f3metros de Santiago Juxtlahuaca a Putla Villa de Guerrero por 309 millones de pesos.<\/p>\n\n\n\n<p>Entre los apoyos que se brinda a este municipio se encuentran:<\/p>\n\n\n\n<p>\u2022 Se autorizaron 10 millones de pesos para la apertura de la carretera de Plan de Guajolote a San Marcos Mesoncito.<\/p>\n\n\n\n<p>\u2022 En conversi\u00f3n con el Ayuntamiento, se pavimentar\u00e1 el acceso al Centro de Salud de la cabecera municipal, con una inversi\u00f3n de 9 millones de pesos.<\/p>\n\n\n\n<p>\u2022 El DIF Estatal respalda a 2 mil 972 familias con 7 millones 128 mil pesos de los programas Desayuno de Letritas, Guisos de mi Pueblo, Itacate de mi Coraz\u00f3n.<\/p>\n\n\n\n<p>\u2022 Pr\u00f3ximamente se inaugurar\u00e1 en este lugar una Farmacia Bienestar a favor de 5 mil 123 personas de Putla Villa de Guerrero, quienes recibir\u00e1n atenci\u00f3n m\u00e9dica y medicamentos gratuitos.<\/p>\n\n\n\n<p>\u2022 Con el programa Tarjeta Margarita Maza se apoyar\u00e1n a 147 jefas de familia, y con Mujer Primavera, se brindan cr\u00e9ditos a la palabra a favor de 150 emprendedoras; ambas acciones con una inversi\u00f3n de 2 millones 464 millones de pesos.<\/p>\n\n\n\n<p>\u2022 Mediante la tarjeta La Cl\u00ednica es Nuestra se canalizaron en el 2024, 6 millones 400 mil pesos para el mejoramiento de 15 espacios m\u00e9dicos que se ubican en esa demarcaci\u00f3n. En este a\u00f1o se invertir\u00e1 una cantidad similar para las mejoras de la infraestructura.<\/p>\n\n\n\n<p>\u2022 Con las acciones de Autosuficiencia Alimentaria para la producci\u00f3n de ma\u00edz, frijol, hortalizas, huevos y carne de gallina; se favorecen en este 2025 a 277 personas. Se aplicar\u00e1n acciones en combate al gusano defoliador.<\/p>\n\n\n\n<p>\u2022 Tambi\u00e9n se respaldar\u00e1n a 136 instituciones educativas del nivel b\u00e1sico con mobiliario, pizarrones, material de aseo, deportivo y de oficina, computadoras, baffles, impresoras, proyectores, entre otros; todo ello con 17 millones 499 mil pesos. Adem\u00e1s, se autoriz\u00f3 una clave para la Secundaria General \u201cCampo de Aviaci\u00f3n\u201d.<\/p>\n\n\n\n<p>\u2022 Se construy\u00f3 un techado en la primaria \u201cMiguel Hidalgo\u201d de Llano de Aguacate y se reporta el 60 por ciento de avance de edificaci\u00f3n de un aula en la Telesecundaria en Zimatl\u00e1n, as\u00ed como reparaciones generales en la escuela Ni\u00f1os ind\u00edgenas \u201cCuauht\u00e9moc\u201d en San Andr\u00e9s Chicahuaxtla.<\/p>\n\n\n\n<p>\u2022 Este 2025, se apoyar\u00e1 al plantel 14 del IEBO con una cancha de usos m\u00faltiples y sanitarios; a la Telesecundaria de Zimatl\u00e1n de L\u00e1zaro C\u00e1rdenas con un techado; al plantel 167 del Cecyteo con mejoras en sus sanitarios; y al Jard\u00edn de Ni\u00f1os \u201cRufino Tamayo\u201d con material para un cercado.<\/p>\n\n\n\n<p>-0-<\/p>\n","protected":false},"excerpt":{"rendered":"<p>\u2022 El Mandatario Salom\u00f3n Jara dio respuestas a las demandas que la ciudadan\u00eda expuso en&#8230;<\/p>\n","protected":false},"author":4,"featured_media":42251,"comment_status":"","ping_status":"open","sticky":false,"template":"","format":"standard","meta":{"footnotes":""},"categories":[9],"tags":[],"jetpack_sharing_enabled":true,"featured_image_urls":{"full":["https:\/\/contextoanalisisperiodistico.com\/wp-content\/uploads\/2025\/06\/IMG-20250605-WA0247.jpg",900,600,false],"thumbnail":["https:\/\/contextoanalisisperiodistico.com\/wp-content\/uploads\/2025\/06\/IMG-20250605-WA0247-150x150.jpg",150,150,true],"medium":["https:\/\/contextoanalisisperiodistico.com\/wp-content\/uploads\/2025\/06\/IMG-20250605-WA0247-300x200.jpg",300,200,true],"medium_large":["https:\/\/contextoanalisisperiodistico.com\/wp-content\/uploads\/2025\/06\/IMG-20250605-WA0247-768x512.jpg",640,427,true],"large":["https:\/\/contextoanalisisperiodistico.com\/wp-content\/uploads\/2025\/06\/IMG-20250605-WA0247.jpg",640,427,false],"1536x1536":["https:\/\/contextoanalisisperiodistico.com\/wp-content\/uploads\/2025\/06\/IMG-20250605-WA0247.jpg",900,600,false],"2048x2048":["https:\/\/contextoanalisisperiodistico.com\/wp-content\/uploads\/2025\/06\/IMG-20250605-WA0247.jpg",900,600,false],"covernews-slider-full":["https:\/\/contextoanalisisperiodistico.com\/wp-content\/uploads\/2025\/06\/IMG-20250605-WA0247.jpg",900,600,false],"covernews-slider-center":["https:\/\/contextoanalisisperiodistico.com\/wp-content\/uploads\/2025\/06\/IMG-20250605-WA0247-800x500.jpg",800,500,true],"covernews-featured":["https:\/\/contextoanalisisperiodistico.com\/wp-content\/uploads\/2025\/06\/IMG-20250605-WA0247.jpg",900,600,false],"covernews-medium":["https:\/\/contextoanalisisperiodistico.com\/wp-content\/uploads\/2025\/06\/IMG-20250605-WA0247-540x340.jpg",540,340,true],"covernews-medium-square":["https:\/\/contextoanalisisperiodistico.com\/wp-content\/uploads\/2025\/06\/IMG-20250605-WA0247-400x250.jpg",400,250,true]},"author_info":{"display_name":"Mario Gir\u00f3n","author_link":"https:\/\/contextoanalisisperiodistico.com\/index.php\/author\/director\/"},"category_info":"<a href=\"https:\/\/contextoanalisisperiodistico.com\/index.php\/category\/politica\/\" rel=\"category tag\">Pol\u00edtica<\/a>","tag_info":"Pol\u00edtica","comment_count":"0","jetpack_featured_media_url":"https:\/\/contextoanalisisperiodistico.com\/wp-content\/uploads\/2025\/06\/IMG-20250605-WA0247.jpg","_links":{"self":[{"href":"https:\/\/contextoanalisisperiodistico.com\/index.php\/wp-json\/wp\/v2\/posts\/42255"}],"collection":[{"href":"https:\/\/contextoanalisisperiodistico.com\/index.php\/wp-json\/wp\/v2\/posts"}],"about":[{"href":"https:\/\/contextoanalisisperiodistico.com\/index.php\/wp-json\/wp\/v2\/types\/post"}],"author":[{"embeddable":true,"href":"https:\/\/contextoanalisisperiodistico.com\/index.php\/wp-json\/wp\/v2\/users\/4"}],"replies":[{"embeddable":true,"href":"https:\/\/contextoanalisisperiodistico.com\/index.php\/wp-json\/wp\/v2\/comments?post=42255"}],"version-history":[{"count":0,"href":"https:\/\/contextoanalisisperiodistico.com\/index.php\/wp-json\/wp\/v2\/posts\/42255\/revisions"}],"wp:featuredmedia":[{"embeddable":true,"href":"https:\/\/contextoanalisisperiodistico.com\/index.php\/wp-json\/wp\/v2\/media\/42251"}],"wp:attachment":[{"href":"https:\/\/contextoanalisisperiodistico.com\/index.php\/wp-json\/wp\/v2\/media?parent=42255"}],"wp:term":[{"taxonomy":"category","embeddable":true,"href":"https:\/\/contextoanalisisperiodistico.com\/index.php\/wp-json\/wp\/v2\/categories?post=42255"},{"taxonomy":"post_tag","embeddable":true,"href":"https:\/\/contextoanalisisperiodistico.com\/index.php\/wp-json\/wp\/v2\/tags?post=42255"}],"curies":[{"name":"wp","href":"https:\/\/api.w.org\/{rel}","templated":true}]}}