{"id":42250,"date":"2025-06-05T17:07:43","date_gmt":"2025-06-05T23:07:43","guid":{"rendered":"https:\/\/contextoanalisisperiodistico.com\/index.php\/2025\/06\/05\/construyen-corporaciones-de-seguridad-un-estado-de-paz-y-tranquilidad-441-acciones-estrategicas\/"},"modified":"2025-06-05T17:07:43","modified_gmt":"2025-06-05T23:07:43","slug":"construyen-corporaciones-de-seguridad-un-estado-de-paz-y-tranquilidad-441-acciones-estrategicas","status":"publish","type":"post","link":"https:\/\/contextoanalisisperiodistico.com\/index.php\/2025\/06\/05\/construyen-corporaciones-de-seguridad-un-estado-de-paz-y-tranquilidad-441-acciones-estrategicas\/","title":{"rendered":"Construyen corporaciones de seguridad un estado de paz y tranquilidad; 441 acciones estrat\u00e9gicas"},"content":{"rendered":"<div id=\"fb-root\"><\/div>\n\n<p>\u2022 Se efectuaron 192 operativos y 249 patrullajes en coordinaci\u00f3n con los tres \u00f3rdenes de gobierno<\/p>\n\n\n\n<p>Oaxaca de Ju\u00e1rez, Oax. 5 de junio de 2025.- La Secretar\u00eda de Seguridad y Protecci\u00f3n Ciudadana (SSPC) inform\u00f3 que, del 29 de mayo al 3 de junio, realiz\u00f3 441 acciones estrat\u00e9gicas que comprendieron 192 operativos y 249 patrullajes; como parte de los trabajos diarios para construir un Oaxaca de paz y tranquilidad.<\/p>\n\n\n\n<p>Como resultado de dichos despliegues coordinados con los tres \u00f3rdenes de gobierno, se aseguraron: 99 personas por la presunci\u00f3n de delitos del fuero federal, fuero com\u00fan y faltas administrativas; 93 veh\u00edculos, de los cuales 22 contaban con reporte de robo; cuatro armas de fuego, dos cargadores y 16 municiones; as\u00ed como 41 dosis de presuntas drogas.<\/p>\n\n\n\n<p>Asimismo, 3 kilos de hierba con caracter\u00edsticas de marihuana, 75 gramos de presunto cristal y 65 mil 50 pesos en efectivo fueron puestos a disposici\u00f3n de las autoridades competentes. Aunado a ello, una persona fue entregada al Instituto Nacional de Migraci\u00f3n.<\/p>\n\n\n\n<p>Estas actividades se efect\u00faan de manera constante y permanente en las ocho regiones de la entidad a fin de hacer efectivo el compromiso de la SSPC, a cargo de Iv\u00e1n Garc\u00eda \u00c1lvarez, por mantener a Oaxaca entre los estados m\u00e1s seguros del pa\u00eds.<\/p>\n\n\n\n<p>-0-<\/p>\n\n\n\n<figure class=\"wp-block-image size-large\"><img fetchpriority=\"high\" decoding=\"async\" width=\"1024\" height=\"682\" src=\"https:\/\/contextoanalisisperiodistico.com\/wp-content\/uploads\/2025\/06\/img-20250605-wa0218997559912208613165-1024x682.jpg\" alt=\"\" class=\"wp-image-42249\" srcset=\"https:\/\/contextoanalisisperiodistico.com\/wp-content\/uploads\/2025\/06\/img-20250605-wa0218997559912208613165-1024x682.jpg 1024w, https:\/\/contextoanalisisperiodistico.com\/wp-content\/uploads\/2025\/06\/img-20250605-wa0218997559912208613165-300x200.jpg 300w, https:\/\/contextoanalisisperiodistico.com\/wp-content\/uploads\/2025\/06\/img-20250605-wa0218997559912208613165-768x512.jpg 768w, https:\/\/contextoanalisisperiodistico.com\/wp-content\/uploads\/2025\/06\/img-20250605-wa0218997559912208613165-1536x1023.jpg 1536w, https:\/\/contextoanalisisperiodistico.com\/wp-content\/uploads\/2025\/06\/img-20250605-wa0218997559912208613165.jpg 1600w\" sizes=\"(max-width: 1024px) 100vw, 1024px\" \/><\/figure>\n","protected":false},"excerpt":{"rendered":"<p>\u2022 Se efectuaron 192 operativos y 249 patrullajes en coordinaci\u00f3n con los tres \u00f3rdenes de&#8230;<\/p>\n","protected":false},"author":4,"featured_media":42248,"comment_status":"","ping_status":"open","sticky":false,"template":"","format":"standard","meta":{"footnotes":""},"categories":[9],"tags":[],"jetpack_sharing_enabled":true,"featured_image_urls":{"full":["https:\/\/contextoanalisisperiodistico.com\/wp-content\/uploads\/2025\/06\/IMG-20250605-WA0217.jpg",1600,1066,false],"thumbnail":["https:\/\/contextoanalisisperiodistico.com\/wp-content\/uploads\/2025\/06\/IMG-20250605-WA0217-150x150.jpg",150,150,true],"medium":["https:\/\/contextoanalisisperiodistico.com\/wp-content\/uploads\/2025\/06\/IMG-20250605-WA0217-300x200.jpg",300,200,true],"medium_large":["https:\/\/contextoanalisisperiodistico.com\/wp-content\/uploads\/2025\/06\/IMG-20250605-WA0217-768x512.jpg",640,427,true],"large":["https:\/\/contextoanalisisperiodistico.com\/wp-content\/uploads\/2025\/06\/IMG-20250605-WA0217-1024x682.jpg",640,426,true],"1536x1536":["https:\/\/contextoanalisisperiodistico.com\/wp-content\/uploads\/2025\/06\/IMG-20250605-WA0217-1536x1023.jpg",1536,1023,true],"2048x2048":["https:\/\/contextoanalisisperiodistico.com\/wp-content\/uploads\/2025\/06\/IMG-20250605-WA0217.jpg",1600,1066,false],"covernews-slider-full":["https:\/\/contextoanalisisperiodistico.com\/wp-content\/uploads\/2025\/06\/IMG-20250605-WA0217-1115x715.jpg",1115,715,true],"covernews-slider-center":["https:\/\/contextoanalisisperiodistico.com\/wp-content\/uploads\/2025\/06\/IMG-20250605-WA0217-800x500.jpg",800,500,true],"covernews-featured":["https:\/\/contextoanalisisperiodistico.com\/wp-content\/uploads\/2025\/06\/IMG-20250605-WA0217-1024x682.jpg",1024,682,true],"covernews-medium":["https:\/\/contextoanalisisperiodistico.com\/wp-content\/uploads\/2025\/06\/IMG-20250605-WA0217-540x340.jpg",540,340,true],"covernews-medium-square":["https:\/\/contextoanalisisperiodistico.com\/wp-content\/uploads\/2025\/06\/IMG-20250605-WA0217-400x250.jpg",400,250,true]},"author_info":{"display_name":"Mario Gir\u00f3n","author_link":"https:\/\/contextoanalisisperiodistico.com\/index.php\/author\/director\/"},"category_info":"<a href=\"https:\/\/contextoanalisisperiodistico.com\/index.php\/category\/politica\/\" rel=\"category tag\">Pol\u00edtica<\/a>","tag_info":"Pol\u00edtica","comment_count":"0","jetpack_featured_media_url":"https:\/\/contextoanalisisperiodistico.com\/wp-content\/uploads\/2025\/06\/IMG-20250605-WA0217.jpg","_links":{"self":[{"href":"https:\/\/contextoanalisisperiodistico.com\/index.php\/wp-json\/wp\/v2\/posts\/42250"}],"collection":[{"href":"https:\/\/contextoanalisisperiodistico.com\/index.php\/wp-json\/wp\/v2\/posts"}],"about":[{"href":"https:\/\/contextoanalisisperiodistico.com\/index.php\/wp-json\/wp\/v2\/types\/post"}],"author":[{"embeddable":true,"href":"https:\/\/contextoanalisisperiodistico.com\/index.php\/wp-json\/wp\/v2\/users\/4"}],"replies":[{"embeddable":true,"href":"https:\/\/contextoanalisisperiodistico.com\/index.php\/wp-json\/wp\/v2\/comments?post=42250"}],"version-history":[{"count":0,"href":"https:\/\/contextoanalisisperiodistico.com\/index.php\/wp-json\/wp\/v2\/posts\/42250\/revisions"}],"wp:featuredmedia":[{"embeddable":true,"href":"https:\/\/contextoanalisisperiodistico.com\/index.php\/wp-json\/wp\/v2\/media\/42248"}],"wp:attachment":[{"href":"https:\/\/contextoanalisisperiodistico.com\/index.php\/wp-json\/wp\/v2\/media?parent=42250"}],"wp:term":[{"taxonomy":"category","embeddable":true,"href":"https:\/\/contextoanalisisperiodistico.com\/index.php\/wp-json\/wp\/v2\/categories?post=42250"},{"taxonomy":"post_tag","embeddable":true,"href":"https:\/\/contextoanalisisperiodistico.com\/index.php\/wp-json\/wp\/v2\/tags?post=42250"}],"curies":[{"name":"wp","href":"https:\/\/api.w.org\/{rel}","templated":true}]}}