{"id":42201,"date":"2025-06-04T18:37:46","date_gmt":"2025-06-05T00:37:46","guid":{"rendered":"https:\/\/contextoanalisisperiodistico.com\/index.php\/2025\/06\/04\/exhorta-sso-a-redoblar-medidas-preventivas-contra-el-dengue\/"},"modified":"2025-06-04T18:39:17","modified_gmt":"2025-06-05T00:39:17","slug":"exhorta-sso-a-redoblar-medidas-preventivas-contra-el-dengue","status":"publish","type":"post","link":"https:\/\/contextoanalisisperiodistico.com\/index.php\/2025\/06\/04\/exhorta-sso-a-redoblar-medidas-preventivas-contra-el-dengue\/","title":{"rendered":"Exhorta SSO a redoblar medidas preventivas contra el dengue"},"content":{"rendered":"<div id=\"fb-root\"><\/div>\n\n<p>\u2022 Existen 26 casos confirmados en la entidad sin registro de defunciones<\/p>\n\n\n\n<p>\u2022 Es urgente reforzar acciones en temporada de lluvias, especialmente en la Jurisdicci\u00f3n Sanitaria 3 Tuxtepec<\/p>\n\n\n\n<p>Oaxaca de Ju\u00e1rez, Oax. 4 de junio de 2025.- Ante las lluvias y el incremento del riesgo por enfermedades transmitidas por vector, Servicios de Salud de Oaxaca (SSO) hace un llamado en\u00e9rgico a las autoridades municipales y a la ciudadan\u00eda para reforzar las medidas de prevenci\u00f3n y control del dengue, particularmente en la Jurisdicci\u00f3n Sanitaria 3 Tuxtepec, donde se concentra el mayor n\u00famero de casos.<\/p>\n\n\n\n<p>De acuerdo con el corte de la semana epidemiol\u00f3gica n\u00famero 22, se han registrado 26 casos confirmados en toda la entidad, distribuidos de la siguiente manera: Tuxtepec con 11; Valles Centrales con cinco; Istmo y Costa con cuatro, cada uno; Mixteca con dos y Sierra sin registro de la enfermedad.<\/p>\n\n\n\n<p>Durante los \u00faltimos siete d\u00edas, se confirm\u00f3 un nuevo caso en el municipio de Zimatl\u00e1n de \u00c1lvarez en Valles Centrales. Hasta el momento, no se reportan defunciones en la entidad; sin embargo, el riesgo persiste y es fundamental no bajar la guardia.<\/p>\n\n\n\n<p>Del total de casos: 15 corresponden a Dengue con Signos de Alarma (DCSA), ocho a Dengue No Grave (DNG), tres a Dengue Grave (DG). Adem\u00e1s, se reporta una mayor incidencia en hombres con 16 casos acumulados, frente a mujeres que registran 10.<\/p>\n\n\n\n<p>La prevenci\u00f3n empieza en casa<\/p>\n\n\n\n<p>Ante este panorama, SSO exhorta a la poblaci\u00f3n a eliminar criaderos potenciales del mosquito Aedes aegypti, transmisor del dengue, zika y chikungunya. Es crucial deshacerse de objetos que acumulen agua, como botellas, latas, llantas o recipientes mal tapados.<\/p>\n\n\n\n<p>Las lluvias intensifican la proliferaci\u00f3n del mosquito, ya que sus huevos pueden eclosionar en agua en tan solo 7 o 10 d\u00edas, convirti\u00e9ndose r\u00e1pidamente en mosquitos adultos.<\/p>\n\n\n\n<p>De ah\u00ed que la instituci\u00f3n invita a la poblaci\u00f3n a sumarse a las acciones de prevenci\u00f3n: lavar tinacos y recipientes donde se almacene agua, tapar todo contenedor de uso dom\u00e9stico, voltear cubetas, botellas y objetos que no se utilicen, as\u00ed como tirar todo aquello que pueda acumular el vital l\u00edquido.<\/p>\n\n\n\n<p>En caso de presentar s\u00edntomas que suelen durar de 2 a 7 d\u00edas, entre ellos: fiebre, dolor caracter\u00edstico en cabeza (detr\u00e1s de los ojos), malestar generalizado, dolor en articulaciones y m\u00fasculos, enrojecimiento en la piel, n\u00e1usea, v\u00f3mito y p\u00e9rdida del apetito, y en casos graves sangrado por nariz o enc\u00edas, as\u00ed como moretones en la piel; es importante acudir a la unidad de salud m\u00e1s cercana y no automedicarse.<\/p>\n\n\n\n<p>-0-<\/p>\n\n\n\n<figure class=\"wp-block-image size-large\"><img fetchpriority=\"high\" decoding=\"async\" width=\"1024\" height=\"682\" src=\"https:\/\/contextoanalisisperiodistico.com\/wp-content\/uploads\/2025\/06\/img-20250604-wa01847443511151952757838-1024x682.jpg\" alt=\"\" class=\"wp-image-42203\" srcset=\"https:\/\/contextoanalisisperiodistico.com\/wp-content\/uploads\/2025\/06\/img-20250604-wa01847443511151952757838-1024x682.jpg 1024w, https:\/\/contextoanalisisperiodistico.com\/wp-content\/uploads\/2025\/06\/img-20250604-wa01847443511151952757838-300x200.jpg 300w, https:\/\/contextoanalisisperiodistico.com\/wp-content\/uploads\/2025\/06\/img-20250604-wa01847443511151952757838-768x512.jpg 768w, https:\/\/contextoanalisisperiodistico.com\/wp-content\/uploads\/2025\/06\/img-20250604-wa01847443511151952757838-1536x1023.jpg 1536w, https:\/\/contextoanalisisperiodistico.com\/wp-content\/uploads\/2025\/06\/img-20250604-wa01847443511151952757838.jpg 1600w\" sizes=\"(max-width: 1024px) 100vw, 1024px\" \/><\/figure>\n","protected":false},"excerpt":{"rendered":"<p>\u2022 Existen 26 casos confirmados en la entidad sin registro de defunciones \u2022 Es urgente&#8230;<\/p>\n","protected":false},"author":4,"featured_media":42202,"comment_status":"closed","ping_status":"open","sticky":false,"template":"","format":"standard","meta":{"footnotes":""},"categories":[92],"tags":[],"jetpack_sharing_enabled":true,"featured_image_urls":{"full":["https:\/\/contextoanalisisperiodistico.com\/wp-content\/uploads\/2025\/06\/IMG-20250604-WA0186.jpg",850,1417,false],"thumbnail":["https:\/\/contextoanalisisperiodistico.com\/wp-content\/uploads\/2025\/06\/IMG-20250604-WA0186-150x150.jpg",150,150,true],"medium":["https:\/\/contextoanalisisperiodistico.com\/wp-content\/uploads\/2025\/06\/IMG-20250604-WA0186-180x300.jpg",180,300,true],"medium_large":["https:\/\/contextoanalisisperiodistico.com\/wp-content\/uploads\/2025\/06\/IMG-20250604-WA0186-768x1280.jpg",640,1067,true],"large":["https:\/\/contextoanalisisperiodistico.com\/wp-content\/uploads\/2025\/06\/IMG-20250604-WA0186-614x1024.jpg",614,1024,true],"1536x1536":["https:\/\/contextoanalisisperiodistico.com\/wp-content\/uploads\/2025\/06\/IMG-20250604-WA0186.jpg",850,1417,false],"2048x2048":["https:\/\/contextoanalisisperiodistico.com\/wp-content\/uploads\/2025\/06\/IMG-20250604-WA0186.jpg",850,1417,false],"covernews-slider-full":["https:\/\/contextoanalisisperiodistico.com\/wp-content\/uploads\/2025\/06\/IMG-20250604-WA0186-850x715.jpg",850,715,true],"covernews-slider-center":["https:\/\/contextoanalisisperiodistico.com\/wp-content\/uploads\/2025\/06\/IMG-20250604-WA0186-800x500.jpg",800,500,true],"covernews-featured":["https:\/\/contextoanalisisperiodistico.com\/wp-content\/uploads\/2025\/06\/IMG-20250604-WA0186.jpg",850,1417,false],"covernews-medium":["https:\/\/contextoanalisisperiodistico.com\/wp-content\/uploads\/2025\/06\/IMG-20250604-WA0186-540x340.jpg",540,340,true],"covernews-medium-square":["https:\/\/contextoanalisisperiodistico.com\/wp-content\/uploads\/2025\/06\/IMG-20250604-WA0186-400x250.jpg",400,250,true]},"author_info":{"display_name":"Mario Gir\u00f3n","author_link":"https:\/\/contextoanalisisperiodistico.com\/index.php\/author\/director\/"},"category_info":"<a href=\"https:\/\/contextoanalisisperiodistico.com\/index.php\/category\/salud\/\" rel=\"category tag\">Salud<\/a>","tag_info":"Salud","comment_count":"0","jetpack_featured_media_url":"https:\/\/contextoanalisisperiodistico.com\/wp-content\/uploads\/2025\/06\/IMG-20250604-WA0186.jpg","_links":{"self":[{"href":"https:\/\/contextoanalisisperiodistico.com\/index.php\/wp-json\/wp\/v2\/posts\/42201"}],"collection":[{"href":"https:\/\/contextoanalisisperiodistico.com\/index.php\/wp-json\/wp\/v2\/posts"}],"about":[{"href":"https:\/\/contextoanalisisperiodistico.com\/index.php\/wp-json\/wp\/v2\/types\/post"}],"author":[{"embeddable":true,"href":"https:\/\/contextoanalisisperiodistico.com\/index.php\/wp-json\/wp\/v2\/users\/4"}],"replies":[{"embeddable":true,"href":"https:\/\/contextoanalisisperiodistico.com\/index.php\/wp-json\/wp\/v2\/comments?post=42201"}],"version-history":[{"count":1,"href":"https:\/\/contextoanalisisperiodistico.com\/index.php\/wp-json\/wp\/v2\/posts\/42201\/revisions"}],"predecessor-version":[{"id":42204,"href":"https:\/\/contextoanalisisperiodistico.com\/index.php\/wp-json\/wp\/v2\/posts\/42201\/revisions\/42204"}],"wp:featuredmedia":[{"embeddable":true,"href":"https:\/\/contextoanalisisperiodistico.com\/index.php\/wp-json\/wp\/v2\/media\/42202"}],"wp:attachment":[{"href":"https:\/\/contextoanalisisperiodistico.com\/index.php\/wp-json\/wp\/v2\/media?parent=42201"}],"wp:term":[{"taxonomy":"category","embeddable":true,"href":"https:\/\/contextoanalisisperiodistico.com\/index.php\/wp-json\/wp\/v2\/categories?post=42201"},{"taxonomy":"post_tag","embeddable":true,"href":"https:\/\/contextoanalisisperiodistico.com\/index.php\/wp-json\/wp\/v2\/tags?post=42201"}],"curies":[{"name":"wp","href":"https:\/\/api.w.org\/{rel}","templated":true}]}}