{"id":42190,"date":"2025-06-04T16:00:14","date_gmt":"2025-06-04T22:00:14","guid":{"rendered":"https:\/\/contextoanalisisperiodistico.com\/index.php\/2025\/06\/04\/arranca-en-territorio-el-primer-dialogo-vecinal-encabezado-por-el-presidente-municipal-ray-chagoya\/"},"modified":"2025-06-04T16:00:14","modified_gmt":"2025-06-04T22:00:14","slug":"arranca-en-territorio-el-primer-dialogo-vecinal-encabezado-por-el-presidente-municipal-ray-chagoya","status":"publish","type":"post","link":"https:\/\/contextoanalisisperiodistico.com\/index.php\/2025\/06\/04\/arranca-en-territorio-el-primer-dialogo-vecinal-encabezado-por-el-presidente-municipal-ray-chagoya\/","title":{"rendered":"Arranca en territorio el primer di\u00e1logo vecinal encabezado por el presidente municipal Ray Chagoya"},"content":{"rendered":"<div id=\"fb-root\"><\/div>\n\n<ul class=\"wp-block-list\">\n<li>Fortalecen lazos de cercan\u00eda con vecinas y vecinos en Trinidad de Viguera<\/li>\n<\/ul>\n\n\n\n<figure class=\"wp-block-image size-large\"><img fetchpriority=\"high\" decoding=\"async\" width=\"1024\" height=\"684\" src=\"https:\/\/contextoanalisisperiodistico.com\/wp-content\/uploads\/2025\/06\/img-20250604-wa01343560483209198503246-1024x684.jpg\" alt=\"\" class=\"wp-image-42183\" srcset=\"https:\/\/contextoanalisisperiodistico.com\/wp-content\/uploads\/2025\/06\/img-20250604-wa01343560483209198503246-1024x684.jpg 1024w, https:\/\/contextoanalisisperiodistico.com\/wp-content\/uploads\/2025\/06\/img-20250604-wa01343560483209198503246-300x200.jpg 300w, https:\/\/contextoanalisisperiodistico.com\/wp-content\/uploads\/2025\/06\/img-20250604-wa01343560483209198503246-768x513.jpg 768w, https:\/\/contextoanalisisperiodistico.com\/wp-content\/uploads\/2025\/06\/img-20250604-wa01343560483209198503246-1536x1027.jpg 1536w, https:\/\/contextoanalisisperiodistico.com\/wp-content\/uploads\/2025\/06\/img-20250604-wa01343560483209198503246.jpg 1616w\" sizes=\"(max-width: 1024px) 100vw, 1024px\" \/><\/figure>\n\n\n\n<figure class=\"wp-block-image\"><img decoding=\"async\" width=\"1024\" height=\"684\" src=\"https:\/\/contextoanalisisperiodistico.com\/wp-content\/uploads\/2025\/06\/img-20250604-wa0135503666714299221963-1024x684.jpg\" alt=\"\" class=\"wp-image-42185\" srcset=\"https:\/\/contextoanalisisperiodistico.com\/wp-content\/uploads\/2025\/06\/img-20250604-wa0135503666714299221963-1024x684.jpg 1024w, https:\/\/contextoanalisisperiodistico.com\/wp-content\/uploads\/2025\/06\/img-20250604-wa0135503666714299221963-300x200.jpg 300w, https:\/\/contextoanalisisperiodistico.com\/wp-content\/uploads\/2025\/06\/img-20250604-wa0135503666714299221963-768x513.jpg 768w, https:\/\/contextoanalisisperiodistico.com\/wp-content\/uploads\/2025\/06\/img-20250604-wa0135503666714299221963.jpg 1280w\" sizes=\"(max-width: 1024px) 100vw, 1024px\" \/><\/figure>\n\n\n\n<figure class=\"wp-block-image\"><img decoding=\"async\" width=\"1024\" height=\"684\" src=\"https:\/\/contextoanalisisperiodistico.com\/wp-content\/uploads\/2025\/06\/img-20250604-wa01365191865918644387822-1024x684.jpg\" alt=\"\" class=\"wp-image-42184\" srcset=\"https:\/\/contextoanalisisperiodistico.com\/wp-content\/uploads\/2025\/06\/img-20250604-wa01365191865918644387822-1024x684.jpg 1024w, https:\/\/contextoanalisisperiodistico.com\/wp-content\/uploads\/2025\/06\/img-20250604-wa01365191865918644387822-300x200.jpg 300w, https:\/\/contextoanalisisperiodistico.com\/wp-content\/uploads\/2025\/06\/img-20250604-wa01365191865918644387822-768x513.jpg 768w, https:\/\/contextoanalisisperiodistico.com\/wp-content\/uploads\/2025\/06\/img-20250604-wa01365191865918644387822-1536x1027.jpg 1536w, https:\/\/contextoanalisisperiodistico.com\/wp-content\/uploads\/2025\/06\/img-20250604-wa01365191865918644387822.jpg 1616w\" sizes=\"(max-width: 1024px) 100vw, 1024px\" \/><\/figure>\n\n\n\n<figure class=\"wp-block-image\"><img loading=\"lazy\" decoding=\"async\" width=\"1024\" height=\"684\" src=\"https:\/\/contextoanalisisperiodistico.com\/wp-content\/uploads\/2025\/06\/img-20250604-wa01339189186178761836473-1024x684.jpg\" alt=\"\" class=\"wp-image-42187\" srcset=\"https:\/\/contextoanalisisperiodistico.com\/wp-content\/uploads\/2025\/06\/img-20250604-wa01339189186178761836473-1024x684.jpg 1024w, https:\/\/contextoanalisisperiodistico.com\/wp-content\/uploads\/2025\/06\/img-20250604-wa01339189186178761836473-300x200.jpg 300w, https:\/\/contextoanalisisperiodistico.com\/wp-content\/uploads\/2025\/06\/img-20250604-wa01339189186178761836473-768x513.jpg 768w, https:\/\/contextoanalisisperiodistico.com\/wp-content\/uploads\/2025\/06\/img-20250604-wa01339189186178761836473.jpg 1450w\" sizes=\"(max-width: 1024px) 100vw, 1024px\" \/><\/figure>\n\n\n\n<figure class=\"wp-block-image\"><img loading=\"lazy\" decoding=\"async\" width=\"1024\" height=\"672\" src=\"https:\/\/contextoanalisisperiodistico.com\/wp-content\/uploads\/2025\/06\/img-20250604-wa01324098987855741469732-1024x672.jpg\" alt=\"\" class=\"wp-image-42186\" srcset=\"https:\/\/contextoanalisisperiodistico.com\/wp-content\/uploads\/2025\/06\/img-20250604-wa01324098987855741469732-1024x672.jpg 1024w, https:\/\/contextoanalisisperiodistico.com\/wp-content\/uploads\/2025\/06\/img-20250604-wa01324098987855741469732-300x197.jpg 300w, https:\/\/contextoanalisisperiodistico.com\/wp-content\/uploads\/2025\/06\/img-20250604-wa01324098987855741469732-768x504.jpg 768w, https:\/\/contextoanalisisperiodistico.com\/wp-content\/uploads\/2025\/06\/img-20250604-wa01324098987855741469732-1536x1008.jpg 1536w, https:\/\/contextoanalisisperiodistico.com\/wp-content\/uploads\/2025\/06\/img-20250604-wa01324098987855741469732.jpg 1552w\" sizes=\"(max-width: 1024px) 100vw, 1024px\" \/><\/figure>\n\n\n\n<figure class=\"wp-block-image\"><img decoding=\"async\" src=\"file:\/\/\/data\/user\/0\/org.wordpress.android\/cache\/img-20250604-wa01317737691300550244154.jpg\" alt=\"\" class=\"wp-image-21332\"\/><\/figure>\n\n\n\n<figure class=\"wp-block-image\"><img loading=\"lazy\" decoding=\"async\" width=\"1024\" height=\"684\" src=\"https:\/\/contextoanalisisperiodistico.com\/wp-content\/uploads\/2025\/06\/img-20250604-wa01372614969994520965635-1024x684.jpg\" alt=\"\" class=\"wp-image-42189\" srcset=\"https:\/\/contextoanalisisperiodistico.com\/wp-content\/uploads\/2025\/06\/img-20250604-wa01372614969994520965635-1024x684.jpg 1024w, https:\/\/contextoanalisisperiodistico.com\/wp-content\/uploads\/2025\/06\/img-20250604-wa01372614969994520965635-300x200.jpg 300w, https:\/\/contextoanalisisperiodistico.com\/wp-content\/uploads\/2025\/06\/img-20250604-wa01372614969994520965635-768x513.jpg 768w, https:\/\/contextoanalisisperiodistico.com\/wp-content\/uploads\/2025\/06\/img-20250604-wa01372614969994520965635-1536x1027.jpg 1536w, https:\/\/contextoanalisisperiodistico.com\/wp-content\/uploads\/2025\/06\/img-20250604-wa01372614969994520965635.jpg 1616w\" sizes=\"(max-width: 1024px) 100vw, 1024px\" \/><\/figure>\n\n\n\n<p>Oaxaca de Ju\u00e1rez, Oax., 4 de junio de 2025.-Con el objetivo de construir un gobierno cada vez m\u00e1s cercano y sensible a las necesidades de su gente, el presidente municipal Ray Chagoya encabez\u00f3 el primer di\u00e1logo vecinal en territorio, que tuvo lugar en la agencia municipal de Trinidad de Viguera.<\/p>\n\n\n\n<p>Este encuentro forma parte de una nueva etapa de atenci\u00f3n directa a las comunidades, donde se estrechan los lazos con las y los ciudadanos para escuchar de frente, atender demandas y acercar servicios integrales que mejoren la calidad de vida en las agencias municipales.<\/p>\n\n\n\n<p>Servicios y atenci\u00f3n directa para todas y todos<\/p>\n\n\n\n<p>Durante la jornada, se brind\u00f3 atenci\u00f3n personalizada en temas prioritarios como obras p\u00fablicas, alumbrado, mantenimiento de vialidades, as\u00ed como programas dirigidos a grupos vulnerables.<\/p>\n\n\n\n<p>Adem\u00e1s, las y los asistentes pudieron acceder a servicios m\u00e9dicos gratuitos, como toma de presi\u00f3n arterial y toma de glucosa, as\u00ed como asesor\u00edas en distintas \u00e1reas gracias a la participaci\u00f3n de las direcciones de Turismo, Cultura y Servicios Vecinales.<\/p>\n\n\n\n<p>Con este ejercicio de di\u00e1logo comunitario, el gobierno municipal reafirma su compromiso con una administraci\u00f3n que escucha, cumple y trabaja desde el territorio, en coordinaci\u00f3n con todas las \u00e1reas operativas del Ayuntamiento.<\/p>\n\n\n\n<p>El presidente Ray Chagoya destac\u00f3 que estos encuentros continuar\u00e1n en otras agencias y colonias, como parte de una estrategia integral para atender rezagos, dar soluciones reales y construir una capital m\u00e1s segura, justa y participativa.<\/p>\n","protected":false},"excerpt":{"rendered":"<p>Oaxaca de Ju\u00e1rez, Oax., 4 de junio de 2025.-Con el objetivo de construir un gobierno&#8230;<\/p>\n","protected":false},"author":4,"featured_media":42182,"comment_status":"","ping_status":"open","sticky":false,"template":"","format":"standard","meta":{"footnotes":""},"categories":[9],"tags":[178,235,234,45],"jetpack_sharing_enabled":true,"featured_image_urls":{"full":["https:\/\/contextoanalisisperiodistico.com\/wp-content\/uploads\/2025\/06\/IMG-20250604-WA0130.jpg",1616,1080,false],"thumbnail":["https:\/\/contextoanalisisperiodistico.com\/wp-content\/uploads\/2025\/06\/IMG-20250604-WA0130-150x150.jpg",150,150,true],"medium":["https:\/\/contextoanalisisperiodistico.com\/wp-content\/uploads\/2025\/06\/IMG-20250604-WA0130-300x200.jpg",300,200,true],"medium_large":["https:\/\/contextoanalisisperiodistico.com\/wp-content\/uploads\/2025\/06\/IMG-20250604-WA0130-768x513.jpg",640,428,true],"large":["https:\/\/contextoanalisisperiodistico.com\/wp-content\/uploads\/2025\/06\/IMG-20250604-WA0130-1024x684.jpg",640,428,true],"1536x1536":["https:\/\/contextoanalisisperiodistico.com\/wp-content\/uploads\/2025\/06\/IMG-20250604-WA0130-1536x1027.jpg",1536,1027,true],"2048x2048":["https:\/\/contextoanalisisperiodistico.com\/wp-content\/uploads\/2025\/06\/IMG-20250604-WA0130.jpg",1616,1080,false],"covernews-slider-full":["https:\/\/contextoanalisisperiodistico.com\/wp-content\/uploads\/2025\/06\/IMG-20250604-WA0130-1115x715.jpg",1115,715,true],"covernews-slider-center":["https:\/\/contextoanalisisperiodistico.com\/wp-content\/uploads\/2025\/06\/IMG-20250604-WA0130-800x500.jpg",800,500,true],"covernews-featured":["https:\/\/contextoanalisisperiodistico.com\/wp-content\/uploads\/2025\/06\/IMG-20250604-WA0130-1024x684.jpg",1024,684,true],"covernews-medium":["https:\/\/contextoanalisisperiodistico.com\/wp-content\/uploads\/2025\/06\/IMG-20250604-WA0130-540x340.jpg",540,340,true],"covernews-medium-square":["https:\/\/contextoanalisisperiodistico.com\/wp-content\/uploads\/2025\/06\/IMG-20250604-WA0130-400x250.jpg",400,250,true]},"author_info":{"display_name":"Mario Gir\u00f3n","author_link":"https:\/\/contextoanalisisperiodistico.com\/index.php\/author\/director\/"},"category_info":"<a href=\"https:\/\/contextoanalisisperiodistico.com\/index.php\/category\/politica\/\" rel=\"category tag\">Pol\u00edtica<\/a>","tag_info":"Pol\u00edtica","comment_count":"0","jetpack_featured_media_url":"https:\/\/contextoanalisisperiodistico.com\/wp-content\/uploads\/2025\/06\/IMG-20250604-WA0130.jpg","_links":{"self":[{"href":"https:\/\/contextoanalisisperiodistico.com\/index.php\/wp-json\/wp\/v2\/posts\/42190"}],"collection":[{"href":"https:\/\/contextoanalisisperiodistico.com\/index.php\/wp-json\/wp\/v2\/posts"}],"about":[{"href":"https:\/\/contextoanalisisperiodistico.com\/index.php\/wp-json\/wp\/v2\/types\/post"}],"author":[{"embeddable":true,"href":"https:\/\/contextoanalisisperiodistico.com\/index.php\/wp-json\/wp\/v2\/users\/4"}],"replies":[{"embeddable":true,"href":"https:\/\/contextoanalisisperiodistico.com\/index.php\/wp-json\/wp\/v2\/comments?post=42190"}],"version-history":[{"count":0,"href":"https:\/\/contextoanalisisperiodistico.com\/index.php\/wp-json\/wp\/v2\/posts\/42190\/revisions"}],"wp:featuredmedia":[{"embeddable":true,"href":"https:\/\/contextoanalisisperiodistico.com\/index.php\/wp-json\/wp\/v2\/media\/42182"}],"wp:attachment":[{"href":"https:\/\/contextoanalisisperiodistico.com\/index.php\/wp-json\/wp\/v2\/media?parent=42190"}],"wp:term":[{"taxonomy":"category","embeddable":true,"href":"https:\/\/contextoanalisisperiodistico.com\/index.php\/wp-json\/wp\/v2\/categories?post=42190"},{"taxonomy":"post_tag","embeddable":true,"href":"https:\/\/contextoanalisisperiodistico.com\/index.php\/wp-json\/wp\/v2\/tags?post=42190"}],"curies":[{"name":"wp","href":"https:\/\/api.w.org\/{rel}","templated":true}]}}