{"id":42181,"date":"2025-06-04T15:55:44","date_gmt":"2025-06-04T21:55:44","guid":{"rendered":"https:\/\/contextoanalisisperiodistico.com\/index.php\/2025\/06\/04\/destina-gobernador-de-oaxaca-10-mdp-para-la-pavimentacion-de-santo-domingo-armenta\/"},"modified":"2025-06-04T15:55:44","modified_gmt":"2025-06-04T21:55:44","slug":"destina-gobernador-de-oaxaca-10-mdp-para-la-pavimentacion-de-santo-domingo-armenta","status":"publish","type":"post","link":"https:\/\/contextoanalisisperiodistico.com\/index.php\/2025\/06\/04\/destina-gobernador-de-oaxaca-10-mdp-para-la-pavimentacion-de-santo-domingo-armenta\/","title":{"rendered":"Destina Gobernador de Oaxaca 10 mdp para la pavimentaci\u00f3n de Santo Domingo Armenta"},"content":{"rendered":"<div id=\"fb-root\"><\/div>\n\n<p>\u2022 Iniciar\u00e1 la construcci\u00f3n del camino que comunica a la localidad Callej\u00f3n de R\u00f3mulo con la cabecera municipal<\/p>\n\n\n\n<figure class=\"wp-block-image size-large\"><img fetchpriority=\"high\" decoding=\"async\" width=\"1024\" height=\"682\" src=\"https:\/\/contextoanalisisperiodistico.com\/wp-content\/uploads\/2025\/06\/img-20250604-wa01405011400577622591468-1024x682.jpg\" alt=\"\" class=\"wp-image-42178\" srcset=\"https:\/\/contextoanalisisperiodistico.com\/wp-content\/uploads\/2025\/06\/img-20250604-wa01405011400577622591468-1024x682.jpg 1024w, https:\/\/contextoanalisisperiodistico.com\/wp-content\/uploads\/2025\/06\/img-20250604-wa01405011400577622591468-300x200.jpg 300w, https:\/\/contextoanalisisperiodistico.com\/wp-content\/uploads\/2025\/06\/img-20250604-wa01405011400577622591468-768x512.jpg 768w, https:\/\/contextoanalisisperiodistico.com\/wp-content\/uploads\/2025\/06\/img-20250604-wa01405011400577622591468.jpg 1280w\" sizes=\"(max-width: 1024px) 100vw, 1024px\" \/><\/figure>\n\n\n\n<figure class=\"wp-block-image\"><img decoding=\"async\" width=\"1024\" height=\"682\" src=\"https:\/\/contextoanalisisperiodistico.com\/wp-content\/uploads\/2025\/06\/img-20250604-wa01424979325874527944914-1024x682.jpg\" alt=\"\" class=\"wp-image-42177\" srcset=\"https:\/\/contextoanalisisperiodistico.com\/wp-content\/uploads\/2025\/06\/img-20250604-wa01424979325874527944914-1024x682.jpg 1024w, https:\/\/contextoanalisisperiodistico.com\/wp-content\/uploads\/2025\/06\/img-20250604-wa01424979325874527944914-300x200.jpg 300w, https:\/\/contextoanalisisperiodistico.com\/wp-content\/uploads\/2025\/06\/img-20250604-wa01424979325874527944914-768x512.jpg 768w, https:\/\/contextoanalisisperiodistico.com\/wp-content\/uploads\/2025\/06\/img-20250604-wa01424979325874527944914.jpg 1280w\" sizes=\"(max-width: 1024px) 100vw, 1024px\" \/><\/figure>\n\n\n\n<figure class=\"wp-block-image\"><img decoding=\"async\" width=\"1024\" height=\"682\" src=\"https:\/\/contextoanalisisperiodistico.com\/wp-content\/uploads\/2025\/06\/img-20250604-wa01453067384622571615097-1024x682.jpg\" alt=\"\" class=\"wp-image-42180\" srcset=\"https:\/\/contextoanalisisperiodistico.com\/wp-content\/uploads\/2025\/06\/img-20250604-wa01453067384622571615097-1024x682.jpg 1024w, https:\/\/contextoanalisisperiodistico.com\/wp-content\/uploads\/2025\/06\/img-20250604-wa01453067384622571615097-300x200.jpg 300w, https:\/\/contextoanalisisperiodistico.com\/wp-content\/uploads\/2025\/06\/img-20250604-wa01453067384622571615097-768x512.jpg 768w, https:\/\/contextoanalisisperiodistico.com\/wp-content\/uploads\/2025\/06\/img-20250604-wa01453067384622571615097.jpg 1280w\" sizes=\"(max-width: 1024px) 100vw, 1024px\" \/><\/figure>\n\n\n\n<figure class=\"wp-block-image\"><img loading=\"lazy\" decoding=\"async\" width=\"1024\" height=\"682\" src=\"https:\/\/contextoanalisisperiodistico.com\/wp-content\/uploads\/2025\/06\/img-20250604-wa01418590092910456484382-1024x682.jpg\" alt=\"\" class=\"wp-image-42179\" srcset=\"https:\/\/contextoanalisisperiodistico.com\/wp-content\/uploads\/2025\/06\/img-20250604-wa01418590092910456484382-1024x682.jpg 1024w, https:\/\/contextoanalisisperiodistico.com\/wp-content\/uploads\/2025\/06\/img-20250604-wa01418590092910456484382-300x200.jpg 300w, https:\/\/contextoanalisisperiodistico.com\/wp-content\/uploads\/2025\/06\/img-20250604-wa01418590092910456484382-768x512.jpg 768w, https:\/\/contextoanalisisperiodistico.com\/wp-content\/uploads\/2025\/06\/img-20250604-wa01418590092910456484382.jpg 1280w\" sizes=\"(max-width: 1024px) 100vw, 1024px\" \/><\/figure>\n\n\n\n<p>\u2022 Por segunda ocasi\u00f3n llega a esta demarcaci\u00f3n de la Costa la estrategia Trabajo que Transforma tu Municipio<br \/>Santo Domingo Armenta, Oax. 4 de junio de 2025.- En su segunda visita a este municipio de la regi\u00f3n Costa, el Gobernador Salom\u00f3n Jara Cruz anunci\u00f3 que para impulsar el desarrollo econ\u00f3mico y la conectividad de la poblaci\u00f3n, aplicar\u00e1 10 millones de pesos para la pavimentaci\u00f3n, de la primera etapa, del camino que conecta a la localidad de Callej\u00f3n de R\u00f3mulo con la cabecera municipal.<\/p>\n\n\n\n<p>En su encuentro con las y los habitantes del coraz\u00f3n del pueblo afromexicano, el Mandatario estatal inform\u00f3 sobre las acciones y programas que implementa la Primavera Oaxaque\u00f1a a trav\u00e9s de la estrategia Trabajo que Transforma tu Municipio.<\/p>\n\n\n\n<p>\u201cNo ser\u00e1 la \u00faltima vez, voy a regresar a Santo Domingo Armenta, no nos importan las diferencias, lo \u00fanico que le importa a nuestro gobierno es sacar adelante a nuestros pueblos\u201d, mencion\u00f3.<\/p>\n\n\n\n<p>De esta manera dio a conocer que:<\/p>\n\n\n\n<p>\u2022 Con un total de 2 millones 440 mil 415 pesos, la Secretar\u00eda de Fomento Agroalimentario (Sefader) beneficia a 105 personas productoras con el programa Abasto Seguro de Ma\u00edz; adem\u00e1s otorg\u00f3 seis sementales y realiza inseminaciones artificiales.<\/p>\n\n\n\n<p>\u2022 En beneficio de 510 familias, el Sistema Estatal para el Desarrollo Integral de la Familia (DIF) aplicar\u00e1 1 mill\u00f3n 287 mil 337 pesos en los programas alimentarios.<\/p>\n\n\n\n<p>\u2022 En atenci\u00f3n a ocho escuelas de nivel b\u00e1sico, el Instituto Estatal de Educaci\u00f3n P\u00fablica de Oaxaca (IEEPO) aplicar\u00e1 1 mill\u00f3n 45 mil pesos para la dotaci\u00f3n de computadoras, impresoras, proyectores, pizarrones, lotes de mobiliario, equipo de oficina, deportivo y de aseo.<\/p>\n\n\n\n<p>\u2022 La Secretar\u00eda de las Mujeres instal\u00f3 un \u201cCentro LIBRE\u201d encaminado a prevenir la violencia de g\u00e9nero y proteger los derechos de las oaxaque\u00f1as, para lo cual se destinan 728 mil pesos.<\/p>\n\n\n\n<p>\u2022 A trav\u00e9s del programa La Cl\u00ednica es Nuestra se asignaron 400 mil pesos para el mantenimiento y remodelaci\u00f3n de un Centro de Salud de un n\u00facleo b\u00e1sico.<\/p>\n\n\n\n<p>\u2022 El Instituto Oaxaque\u00f1o Constructor de Infraestructura Educativa (Iocied) iniciar\u00e1 la edificaci\u00f3n de tres aulas en una primaria, telesecundaria y en el Instituto de Estudios de Bachillerato de Oaxaca (IEBO) plantel 154, el cual adem\u00e1s recibi\u00f3 25 pupitres.<\/p>\n\n\n\n<p>\u2022 Una vez se valide el proyecto para la construcci\u00f3n de una unidad deportiva, que tiene un costo total de 4 millones de pesos; esta obra se realizar\u00e1 en coinversi\u00f3n del 50 por ciento con el ayuntamiento.<\/p>\n\n\n\n<p>\u2022 Tambi\u00e9n se brindar\u00e1 apoyo en la validaci\u00f3n del proyecto para la rehabilitaci\u00f3n de un puente afectado tras el paso del hurac\u00e1n John en 2024.<\/p>\n\n\n\n<p>-0-<\/p>\n\n\n\n<p><\/p>\n\n\n\n<p><\/p>\n","protected":false},"excerpt":{"rendered":"<p>\u2022 Iniciar\u00e1 la construcci\u00f3n del camino que comunica a la localidad Callej\u00f3n de R\u00f3mulo con&#8230;<\/p>\n","protected":false},"author":4,"featured_media":42176,"comment_status":"","ping_status":"open","sticky":false,"template":"","format":"standard","meta":{"footnotes":""},"categories":[9],"tags":[],"jetpack_sharing_enabled":true,"featured_image_urls":{"full":["https:\/\/contextoanalisisperiodistico.com\/wp-content\/uploads\/2025\/06\/IMG-20250604-WA0143.jpg",931,765,false],"thumbnail":["https:\/\/contextoanalisisperiodistico.com\/wp-content\/uploads\/2025\/06\/IMG-20250604-WA0143-150x150.jpg",150,150,true],"medium":["https:\/\/contextoanalisisperiodistico.com\/wp-content\/uploads\/2025\/06\/IMG-20250604-WA0143-300x247.jpg",300,247,true],"medium_large":["https:\/\/contextoanalisisperiodistico.com\/wp-content\/uploads\/2025\/06\/IMG-20250604-WA0143-768x631.jpg",640,526,true],"large":["https:\/\/contextoanalisisperiodistico.com\/wp-content\/uploads\/2025\/06\/IMG-20250604-WA0143.jpg",640,526,false],"1536x1536":["https:\/\/contextoanalisisperiodistico.com\/wp-content\/uploads\/2025\/06\/IMG-20250604-WA0143.jpg",931,765,false],"2048x2048":["https:\/\/contextoanalisisperiodistico.com\/wp-content\/uploads\/2025\/06\/IMG-20250604-WA0143.jpg",931,765,false],"covernews-slider-full":["https:\/\/contextoanalisisperiodistico.com\/wp-content\/uploads\/2025\/06\/IMG-20250604-WA0143-931x715.jpg",931,715,true],"covernews-slider-center":["https:\/\/contextoanalisisperiodistico.com\/wp-content\/uploads\/2025\/06\/IMG-20250604-WA0143-800x500.jpg",800,500,true],"covernews-featured":["https:\/\/contextoanalisisperiodistico.com\/wp-content\/uploads\/2025\/06\/IMG-20250604-WA0143.jpg",931,765,false],"covernews-medium":["https:\/\/contextoanalisisperiodistico.com\/wp-content\/uploads\/2025\/06\/IMG-20250604-WA0143-540x340.jpg",540,340,true],"covernews-medium-square":["https:\/\/contextoanalisisperiodistico.com\/wp-content\/uploads\/2025\/06\/IMG-20250604-WA0143-400x250.jpg",400,250,true]},"author_info":{"display_name":"Mario Gir\u00f3n","author_link":"https:\/\/contextoanalisisperiodistico.com\/index.php\/author\/director\/"},"category_info":"<a href=\"https:\/\/contextoanalisisperiodistico.com\/index.php\/category\/politica\/\" rel=\"category tag\">Pol\u00edtica<\/a>","tag_info":"Pol\u00edtica","comment_count":"0","jetpack_featured_media_url":"https:\/\/contextoanalisisperiodistico.com\/wp-content\/uploads\/2025\/06\/IMG-20250604-WA0143.jpg","_links":{"self":[{"href":"https:\/\/contextoanalisisperiodistico.com\/index.php\/wp-json\/wp\/v2\/posts\/42181"}],"collection":[{"href":"https:\/\/contextoanalisisperiodistico.com\/index.php\/wp-json\/wp\/v2\/posts"}],"about":[{"href":"https:\/\/contextoanalisisperiodistico.com\/index.php\/wp-json\/wp\/v2\/types\/post"}],"author":[{"embeddable":true,"href":"https:\/\/contextoanalisisperiodistico.com\/index.php\/wp-json\/wp\/v2\/users\/4"}],"replies":[{"embeddable":true,"href":"https:\/\/contextoanalisisperiodistico.com\/index.php\/wp-json\/wp\/v2\/comments?post=42181"}],"version-history":[{"count":0,"href":"https:\/\/contextoanalisisperiodistico.com\/index.php\/wp-json\/wp\/v2\/posts\/42181\/revisions"}],"wp:featuredmedia":[{"embeddable":true,"href":"https:\/\/contextoanalisisperiodistico.com\/index.php\/wp-json\/wp\/v2\/media\/42176"}],"wp:attachment":[{"href":"https:\/\/contextoanalisisperiodistico.com\/index.php\/wp-json\/wp\/v2\/media?parent=42181"}],"wp:term":[{"taxonomy":"category","embeddable":true,"href":"https:\/\/contextoanalisisperiodistico.com\/index.php\/wp-json\/wp\/v2\/categories?post=42181"},{"taxonomy":"post_tag","embeddable":true,"href":"https:\/\/contextoanalisisperiodistico.com\/index.php\/wp-json\/wp\/v2\/tags?post=42181"}],"curies":[{"name":"wp","href":"https:\/\/api.w.org\/{rel}","templated":true}]}}