{"id":42175,"date":"2025-06-04T15:53:28","date_gmt":"2025-06-04T21:53:28","guid":{"rendered":"https:\/\/contextoanalisisperiodistico.com\/index.php\/2025\/06\/04\/define-sector-salud-estrategias-ante-temporada-de-lluvias-2025\/"},"modified":"2025-06-04T15:53:28","modified_gmt":"2025-06-04T21:53:28","slug":"define-sector-salud-estrategias-ante-temporada-de-lluvias-2025","status":"publish","type":"post","link":"https:\/\/contextoanalisisperiodistico.com\/index.php\/2025\/06\/04\/define-sector-salud-estrategias-ante-temporada-de-lluvias-2025\/","title":{"rendered":"Define sector Salud estrategias ante temporada de lluvias 2025"},"content":{"rendered":"<div id=\"fb-root\"><\/div>\n\n<p>\u2022 Se present\u00f3 el Plan Estatal de Preparaci\u00f3n y Respuesta por Temporada de Lluvias y Ciclones Tropicales 2025<\/p>\n\n\n\n<figure class=\"wp-block-image size-large\"><img fetchpriority=\"high\" decoding=\"async\" width=\"900\" height=\"600\" src=\"https:\/\/contextoanalisisperiodistico.com\/wp-content\/uploads\/2025\/06\/img-20250604-wa01515604693395731377471.jpg\" alt=\"\" class=\"wp-image-42173\" srcset=\"https:\/\/contextoanalisisperiodistico.com\/wp-content\/uploads\/2025\/06\/img-20250604-wa01515604693395731377471.jpg 900w, https:\/\/contextoanalisisperiodistico.com\/wp-content\/uploads\/2025\/06\/img-20250604-wa01515604693395731377471-300x200.jpg 300w, https:\/\/contextoanalisisperiodistico.com\/wp-content\/uploads\/2025\/06\/img-20250604-wa01515604693395731377471-768x512.jpg 768w\" sizes=\"(max-width: 900px) 100vw, 900px\" \/><\/figure>\n\n\n\n<figure class=\"wp-block-image\"><img decoding=\"async\" width=\"300\" height=\"200\" src=\"https:\/\/contextoanalisisperiodistico.com\/wp-content\/uploads\/2025\/06\/img-20250604-wa01497476245183063184825-300x200.jpg\" alt=\"\" class=\"wp-image-42171\" srcset=\"https:\/\/contextoanalisisperiodistico.com\/wp-content\/uploads\/2025\/06\/img-20250604-wa01497476245183063184825-300x200.jpg 300w, https:\/\/contextoanalisisperiodistico.com\/wp-content\/uploads\/2025\/06\/img-20250604-wa01497476245183063184825-768x512.jpg 768w, https:\/\/contextoanalisisperiodistico.com\/wp-content\/uploads\/2025\/06\/img-20250604-wa01497476245183063184825.jpg 900w\" sizes=\"(max-width: 300px) 100vw, 300px\" \/><\/figure>\n\n\n\n<figure class=\"wp-block-image\"><img decoding=\"async\" width=\"300\" height=\"200\" src=\"https:\/\/contextoanalisisperiodistico.com\/wp-content\/uploads\/2025\/06\/img-20250604-wa015298395765004030765-300x200.jpg\" alt=\"\" class=\"wp-image-42174\" srcset=\"https:\/\/contextoanalisisperiodistico.com\/wp-content\/uploads\/2025\/06\/img-20250604-wa015298395765004030765-300x200.jpg 300w, https:\/\/contextoanalisisperiodistico.com\/wp-content\/uploads\/2025\/06\/img-20250604-wa015298395765004030765-768x512.jpg 768w, https:\/\/contextoanalisisperiodistico.com\/wp-content\/uploads\/2025\/06\/img-20250604-wa015298395765004030765.jpg 900w\" sizes=\"(max-width: 300px) 100vw, 300px\" \/><\/figure>\n\n\n\n<figure class=\"wp-block-image\"><img loading=\"lazy\" decoding=\"async\" width=\"300\" height=\"200\" src=\"https:\/\/contextoanalisisperiodistico.com\/wp-content\/uploads\/2025\/06\/img-20250604-wa01507414273783383814885-300x200.jpg\" alt=\"\" class=\"wp-image-42172\" srcset=\"https:\/\/contextoanalisisperiodistico.com\/wp-content\/uploads\/2025\/06\/img-20250604-wa01507414273783383814885-300x200.jpg 300w, https:\/\/contextoanalisisperiodistico.com\/wp-content\/uploads\/2025\/06\/img-20250604-wa01507414273783383814885-768x512.jpg 768w, https:\/\/contextoanalisisperiodistico.com\/wp-content\/uploads\/2025\/06\/img-20250604-wa01507414273783383814885.jpg 900w\" sizes=\"(max-width: 300px) 100vw, 300px\" \/><\/figure>\n\n\n\n<p>Oaxaca de Ju\u00e1rez, Oax. 4 de junio de 2025.- Con el prop\u00f3sito de fortalecer la capacidad de respuesta frente a los efectos de los fen\u00f3menos hidrometeorol\u00f3gicos, Servicios de Salud de Oaxaca (SSO) present\u00f3 el Plan Estatal de Preparaci\u00f3n y Respuesta por Temporada de Lluvias y Ciclones Tropicales 2025, durante la tercera reuni\u00f3n extraordinaria del Comit\u00e9 Estatal para la Seguridad en Salud (CESS).<\/p>\n\n\n\n<p>Dicho plan tiene como objetivo establecer lineamientos y acciones concretas para mitigar riesgos, proteger la salud p\u00fablica y salvaguardar la vida de las y los oaxaque\u00f1os.<\/p>\n\n\n\n<p>En este encuentro en el que participaron representantes de diversas dependencias estatales y federales, se intercambiaron experiencias, se revisaron protocolos y se definieron tareas conjuntas que permitir\u00e1n actuar de forma anticipada, oportuna, organizada e integral ante posibles emergencias y desastres naturales.<\/p>\n\n\n\n<p>Adem\u00e1s, se destac\u00f3 la importancia de la prevenci\u00f3n de enfermedades gastrointestinales, respiratorias y transmitidas por vector, as\u00ed como de los da\u00f1os a la red de agua potable, saneamiento ambiental y la activaci\u00f3n de mecanismos de alerta y atenci\u00f3n inmediata a la poblaci\u00f3n afectada.<\/p>\n\n\n\n<p>Las principales acciones estrat\u00e9gicas acordadas son: la instalaci\u00f3n oportuna del Comando Operativo para la Seguridad en Salud en zonas afectadas, la elaboraci\u00f3n de un diagn\u00f3stico situacional con base en informaci\u00f3n de Protecci\u00f3n Civil, antecedentes epidemiol\u00f3gicos y recorridos en \u00e1reas impactadas, la evaluaci\u00f3n de da\u00f1os y necesidades en salud.<\/p>\n\n\n\n<p>As\u00ed como, la activaci\u00f3n de unidades Centinela para el monitoreo de morbilidad y mortalidad, la apertura y coordinaci\u00f3n de refugios temporales con atenci\u00f3n m\u00e9dica y vigilancia epidemiol\u00f3gica.<\/p>\n\n\n\n<p>SSO reafirm\u00f3 que este plan busca fortalecer la gesti\u00f3n integral de riesgos y la capacidad de respuesta ante huracanes y tormentas tropicales, fen\u00f3menos que, aunque traen beneficios h\u00eddricos, tambi\u00e9n representan amenazas considerables para la infraestructura, el entorno y la salud de las comunidades.<\/p>\n\n\n\n<p>Asimismo, la dependencia reconoci\u00f3 el compromiso y trabajo coordinado de las instituciones del sector Salud, cuya colaboraci\u00f3n es fundamental para garantizar una respuesta efectiva en situaciones de emergencia. Estas reuniones permiten compartir buenas pr\u00e1cticas, unificar criterios de actuaci\u00f3n y consolidar una red interinstitucional firme.<\/p>\n\n\n\n<p>-0-<\/p>\n","protected":false},"excerpt":{"rendered":"<p>\u2022 Se present\u00f3 el Plan Estatal de Preparaci\u00f3n y Respuesta por Temporada de Lluvias y&#8230;<\/p>\n","protected":false},"author":4,"featured_media":42170,"comment_status":"","ping_status":"open","sticky":false,"template":"","format":"standard","meta":{"footnotes":""},"categories":[92],"tags":[],"jetpack_sharing_enabled":true,"featured_image_urls":{"full":["https:\/\/contextoanalisisperiodistico.com\/wp-content\/uploads\/2025\/06\/IMG-20250604-WA0146.jpg",900,600,false],"thumbnail":["https:\/\/contextoanalisisperiodistico.com\/wp-content\/uploads\/2025\/06\/IMG-20250604-WA0146-150x150.jpg",150,150,true],"medium":["https:\/\/contextoanalisisperiodistico.com\/wp-content\/uploads\/2025\/06\/IMG-20250604-WA0146-300x200.jpg",300,200,true],"medium_large":["https:\/\/contextoanalisisperiodistico.com\/wp-content\/uploads\/2025\/06\/IMG-20250604-WA0146-768x512.jpg",640,427,true],"large":["https:\/\/contextoanalisisperiodistico.com\/wp-content\/uploads\/2025\/06\/IMG-20250604-WA0146.jpg",640,427,false],"1536x1536":["https:\/\/contextoanalisisperiodistico.com\/wp-content\/uploads\/2025\/06\/IMG-20250604-WA0146.jpg",900,600,false],"2048x2048":["https:\/\/contextoanalisisperiodistico.com\/wp-content\/uploads\/2025\/06\/IMG-20250604-WA0146.jpg",900,600,false],"covernews-slider-full":["https:\/\/contextoanalisisperiodistico.com\/wp-content\/uploads\/2025\/06\/IMG-20250604-WA0146.jpg",900,600,false],"covernews-slider-center":["https:\/\/contextoanalisisperiodistico.com\/wp-content\/uploads\/2025\/06\/IMG-20250604-WA0146-800x500.jpg",800,500,true],"covernews-featured":["https:\/\/contextoanalisisperiodistico.com\/wp-content\/uploads\/2025\/06\/IMG-20250604-WA0146.jpg",900,600,false],"covernews-medium":["https:\/\/contextoanalisisperiodistico.com\/wp-content\/uploads\/2025\/06\/IMG-20250604-WA0146-540x340.jpg",540,340,true],"covernews-medium-square":["https:\/\/contextoanalisisperiodistico.com\/wp-content\/uploads\/2025\/06\/IMG-20250604-WA0146-400x250.jpg",400,250,true]},"author_info":{"display_name":"Mario Gir\u00f3n","author_link":"https:\/\/contextoanalisisperiodistico.com\/index.php\/author\/director\/"},"category_info":"<a href=\"https:\/\/contextoanalisisperiodistico.com\/index.php\/category\/salud\/\" rel=\"category tag\">Salud<\/a>","tag_info":"Salud","comment_count":"0","jetpack_featured_media_url":"https:\/\/contextoanalisisperiodistico.com\/wp-content\/uploads\/2025\/06\/IMG-20250604-WA0146.jpg","_links":{"self":[{"href":"https:\/\/contextoanalisisperiodistico.com\/index.php\/wp-json\/wp\/v2\/posts\/42175"}],"collection":[{"href":"https:\/\/contextoanalisisperiodistico.com\/index.php\/wp-json\/wp\/v2\/posts"}],"about":[{"href":"https:\/\/contextoanalisisperiodistico.com\/index.php\/wp-json\/wp\/v2\/types\/post"}],"author":[{"embeddable":true,"href":"https:\/\/contextoanalisisperiodistico.com\/index.php\/wp-json\/wp\/v2\/users\/4"}],"replies":[{"embeddable":true,"href":"https:\/\/contextoanalisisperiodistico.com\/index.php\/wp-json\/wp\/v2\/comments?post=42175"}],"version-history":[{"count":0,"href":"https:\/\/contextoanalisisperiodistico.com\/index.php\/wp-json\/wp\/v2\/posts\/42175\/revisions"}],"wp:featuredmedia":[{"embeddable":true,"href":"https:\/\/contextoanalisisperiodistico.com\/index.php\/wp-json\/wp\/v2\/media\/42170"}],"wp:attachment":[{"href":"https:\/\/contextoanalisisperiodistico.com\/index.php\/wp-json\/wp\/v2\/media?parent=42175"}],"wp:term":[{"taxonomy":"category","embeddable":true,"href":"https:\/\/contextoanalisisperiodistico.com\/index.php\/wp-json\/wp\/v2\/categories?post=42175"},{"taxonomy":"post_tag","embeddable":true,"href":"https:\/\/contextoanalisisperiodistico.com\/index.php\/wp-json\/wp\/v2\/tags?post=42175"}],"curies":[{"name":"wp","href":"https:\/\/api.w.org\/{rel}","templated":true}]}}