{"id":42169,"date":"2025-06-04T15:47:54","date_gmt":"2025-06-04T21:47:54","guid":{"rendered":"https:\/\/contextoanalisisperiodistico.com\/index.php\/2025\/06\/04\/reciben-alumnas-del-cobao-certificacion-profesional-en-soportes-tecnologicos\/"},"modified":"2025-06-04T15:47:54","modified_gmt":"2025-06-04T21:47:54","slug":"reciben-alumnas-del-cobao-certificacion-profesional-en-soportes-tecnologicos","status":"publish","type":"post","link":"https:\/\/contextoanalisisperiodistico.com\/index.php\/2025\/06\/04\/reciben-alumnas-del-cobao-certificacion-profesional-en-soportes-tecnologicos\/","title":{"rendered":"Reciben alumnas del Cobao Certificaci\u00f3n Profesional en Soportes Tecnol\u00f3gicos"},"content":{"rendered":"<div id=\"fb-root\"><\/div>\n\n<p>\u2022 Mediante el programa \u201cConectadas Sureste\u201d, que respalda Google.org, se impulsa el crecimiento de las adolescentes<\/p>\n\n\n\n<p>Oaxaca de Ju\u00e1rez, Oax. 4 de junio de 2025.- El Colegio de Bachilleres del Estado de Oaxaca (Cobao), en coordinaci\u00f3n con la International Youth Foundation (IYF), entreg\u00f3 Certificados Profesionales en Soporte Tecnol\u00f3gico a alumnas destacadas, quienes concluyeron satisfactoriamente un curso de capacitaci\u00f3n en sistemas y herramientas digitales.<\/p>\n\n\n\n<p>Esta acci\u00f3n forma parte del programa integral \u201cConectadas Sureste\u201d, el cual tiene como objetivo empoderar a las adolescentes en el \u00e1mbito digital, y es respaldado por Google.org, rama filantr\u00f3pica de la compa\u00f1\u00eda Google.<\/p>\n\n\n\n<p>Durante la ceremonia, la titular del Cobao, Ang\u00e9lica Garc\u00eda P\u00e9rez destac\u00f3 la importancia de este tipo de iniciativas para el desarrollo profesional de las juventudes oaxaque\u00f1as; en este sentido, se comprometi\u00f3 a seguir trabajando para garantizar la calidad educativa en la entidad.<\/p>\n\n\n\n<p>\u201cLa tecnolog\u00eda avanza r\u00e1pidamente y es fundamental que nuestras estudiantes cuenten con las competencias necesarias para incursionar y destacar en este campo. Este programa es una muestra de lo que se puede lograr con alianzas estrat\u00e9gicas y compromiso social\u201d, mencion\u00f3.<\/p>\n\n\n\n<p>En un encuentro, al que asisti\u00f3 el titular de la Secretar\u00eda de Desarrollo Econ\u00f3mico, Ra\u00fal Ruiz Robles; representantes de la IYF otorgaron a las estudiantes capacitadas los certificados con validez profesional, los cuales les permite acceder a mejores oportunidades para su desarrollo acad\u00e9mico y profesional.<\/p>\n\n\n\n<p>A nombre de las alumnas, Liz Zoraida Ram\u00edrez Ram\u00edrez, del plantel 61 San Bartolo, asegur\u00f3 que este programa le permiti\u00f3 reforzar los fundamentos de redes, sistemas operativos y hardware.<\/p>\n\n\n\n<p>\u201cAgradezco esta oportunidad de aprendizaje en la resoluci\u00f3n de nuevos desaf\u00edos, la optimizaci\u00f3n de sistemas y el aprovechamiento de herramientas digitales\u201d, refiri\u00f3.<\/p>\n\n\n\n<p>Tambi\u00e9n fueron reconocidas las estudiantes, Cielo Yesenia Ch\u00e1vez Vega, Tannia Ram\u00edrez Castellanos, Galilea Gisell Valdivia Carrizosa y Dulce Viviana Vel\u00e1zquez P\u00e9rez; todas del plantel 61.<\/p>\n\n\n\n<p>-0-<\/p>\n","protected":false},"excerpt":{"rendered":"<p>\u2022 Mediante el programa \u201cConectadas Sureste\u201d, que respalda Google.org, se impulsa el crecimiento de las&#8230;<\/p>\n","protected":false},"author":4,"featured_media":42168,"comment_status":"","ping_status":"open","sticky":false,"template":"","format":"standard","meta":{"footnotes":""},"categories":[3],"tags":[],"jetpack_sharing_enabled":true,"featured_image_urls":{"full":["https:\/\/contextoanalisisperiodistico.com\/wp-content\/uploads\/2025\/06\/IMG-20250604-WA0106.jpg",723,529,false],"thumbnail":["https:\/\/contextoanalisisperiodistico.com\/wp-content\/uploads\/2025\/06\/IMG-20250604-WA0106-150x150.jpg",150,150,true],"medium":["https:\/\/contextoanalisisperiodistico.com\/wp-content\/uploads\/2025\/06\/IMG-20250604-WA0106-300x220.jpg",300,220,true],"medium_large":["https:\/\/contextoanalisisperiodistico.com\/wp-content\/uploads\/2025\/06\/IMG-20250604-WA0106.jpg",640,468,false],"large":["https:\/\/contextoanalisisperiodistico.com\/wp-content\/uploads\/2025\/06\/IMG-20250604-WA0106.jpg",640,468,false],"1536x1536":["https:\/\/contextoanalisisperiodistico.com\/wp-content\/uploads\/2025\/06\/IMG-20250604-WA0106.jpg",723,529,false],"2048x2048":["https:\/\/contextoanalisisperiodistico.com\/wp-content\/uploads\/2025\/06\/IMG-20250604-WA0106.jpg",723,529,false],"covernews-slider-full":["https:\/\/contextoanalisisperiodistico.com\/wp-content\/uploads\/2025\/06\/IMG-20250604-WA0106.jpg",723,529,false],"covernews-slider-center":["https:\/\/contextoanalisisperiodistico.com\/wp-content\/uploads\/2025\/06\/IMG-20250604-WA0106-723x500.jpg",723,500,true],"covernews-featured":["https:\/\/contextoanalisisperiodistico.com\/wp-content\/uploads\/2025\/06\/IMG-20250604-WA0106.jpg",723,529,false],"covernews-medium":["https:\/\/contextoanalisisperiodistico.com\/wp-content\/uploads\/2025\/06\/IMG-20250604-WA0106-540x340.jpg",540,340,true],"covernews-medium-square":["https:\/\/contextoanalisisperiodistico.com\/wp-content\/uploads\/2025\/06\/IMG-20250604-WA0106-400x250.jpg",400,250,true]},"author_info":{"display_name":"Mario Gir\u00f3n","author_link":"https:\/\/contextoanalisisperiodistico.com\/index.php\/author\/director\/"},"category_info":"<a href=\"https:\/\/contextoanalisisperiodistico.com\/index.php\/category\/ciudad\/\" rel=\"category tag\">Ciudad<\/a>","tag_info":"Ciudad","comment_count":"0","jetpack_featured_media_url":"https:\/\/contextoanalisisperiodistico.com\/wp-content\/uploads\/2025\/06\/IMG-20250604-WA0106.jpg","_links":{"self":[{"href":"https:\/\/contextoanalisisperiodistico.com\/index.php\/wp-json\/wp\/v2\/posts\/42169"}],"collection":[{"href":"https:\/\/contextoanalisisperiodistico.com\/index.php\/wp-json\/wp\/v2\/posts"}],"about":[{"href":"https:\/\/contextoanalisisperiodistico.com\/index.php\/wp-json\/wp\/v2\/types\/post"}],"author":[{"embeddable":true,"href":"https:\/\/contextoanalisisperiodistico.com\/index.php\/wp-json\/wp\/v2\/users\/4"}],"replies":[{"embeddable":true,"href":"https:\/\/contextoanalisisperiodistico.com\/index.php\/wp-json\/wp\/v2\/comments?post=42169"}],"version-history":[{"count":0,"href":"https:\/\/contextoanalisisperiodistico.com\/index.php\/wp-json\/wp\/v2\/posts\/42169\/revisions"}],"wp:featuredmedia":[{"embeddable":true,"href":"https:\/\/contextoanalisisperiodistico.com\/index.php\/wp-json\/wp\/v2\/media\/42168"}],"wp:attachment":[{"href":"https:\/\/contextoanalisisperiodistico.com\/index.php\/wp-json\/wp\/v2\/media?parent=42169"}],"wp:term":[{"taxonomy":"category","embeddable":true,"href":"https:\/\/contextoanalisisperiodistico.com\/index.php\/wp-json\/wp\/v2\/categories?post=42169"},{"taxonomy":"post_tag","embeddable":true,"href":"https:\/\/contextoanalisisperiodistico.com\/index.php\/wp-json\/wp\/v2\/tags?post=42169"}],"curies":[{"name":"wp","href":"https:\/\/api.w.org\/{rel}","templated":true}]}}