{"id":42163,"date":"2025-06-03T15:17:26","date_gmt":"2025-06-03T21:17:26","guid":{"rendered":"https:\/\/contextoanalisisperiodistico.com\/index.php\/2025\/06\/03\/tache-al-bache-coordinacion-entre-oaxaca-de-juarez-y-gobierno-estatal-que-da-resultados\/"},"modified":"2025-06-03T15:17:26","modified_gmt":"2025-06-03T21:17:26","slug":"tache-al-bache-coordinacion-entre-oaxaca-de-juarez-y-gobierno-estatal-que-da-resultados","status":"publish","type":"post","link":"https:\/\/contextoanalisisperiodistico.com\/index.php\/2025\/06\/03\/tache-al-bache-coordinacion-entre-oaxaca-de-juarez-y-gobierno-estatal-que-da-resultados\/","title":{"rendered":"\u00abTache al Bache\u00bb: coordinaci\u00f3n entre Oaxaca de Ju\u00e1rez y Gobierno Estatal que da resultados"},"content":{"rendered":"<div id=\"fb-root\"><\/div>\n\n<ul class=\"wp-block-list\">\n<li>Avanza la rehabilitaci\u00f3n de vialidades y se refuerzan acciones de desazolve para prevenir inundaciones<\/li>\n<\/ul>\n\n\n\n\n\n<figure class=\"wp-block-image size-large\"><img fetchpriority=\"high\" decoding=\"async\" width=\"1024\" height=\"683\" src=\"https:\/\/contextoanalisisperiodistico.com\/wp-content\/uploads\/2025\/06\/img-20250603-wa0122624530567452912353-1024x683.jpg\" alt=\"\" class=\"wp-image-42159\" srcset=\"https:\/\/contextoanalisisperiodistico.com\/wp-content\/uploads\/2025\/06\/img-20250603-wa0122624530567452912353-1024x683.jpg 1024w, https:\/\/contextoanalisisperiodistico.com\/wp-content\/uploads\/2025\/06\/img-20250603-wa0122624530567452912353-300x200.jpg 300w, https:\/\/contextoanalisisperiodistico.com\/wp-content\/uploads\/2025\/06\/img-20250603-wa0122624530567452912353-768x512.jpg 768w, https:\/\/contextoanalisisperiodistico.com\/wp-content\/uploads\/2025\/06\/img-20250603-wa0122624530567452912353-1536x1025.jpg 1536w, https:\/\/contextoanalisisperiodistico.com\/wp-content\/uploads\/2025\/06\/img-20250603-wa0122624530567452912353.jpg 2000w\" sizes=\"(max-width: 1024px) 100vw, 1024px\" \/><\/figure>\n\n\n\n<figure class=\"wp-block-image\"><img decoding=\"async\" width=\"1024\" height=\"683\" src=\"https:\/\/contextoanalisisperiodistico.com\/wp-content\/uploads\/2025\/06\/img-20250603-wa01204870437564509895497-1024x683.jpg\" alt=\"\" class=\"wp-image-42160\" srcset=\"https:\/\/contextoanalisisperiodistico.com\/wp-content\/uploads\/2025\/06\/img-20250603-wa01204870437564509895497-1024x683.jpg 1024w, https:\/\/contextoanalisisperiodistico.com\/wp-content\/uploads\/2025\/06\/img-20250603-wa01204870437564509895497-300x200.jpg 300w, https:\/\/contextoanalisisperiodistico.com\/wp-content\/uploads\/2025\/06\/img-20250603-wa01204870437564509895497-768x512.jpg 768w, https:\/\/contextoanalisisperiodistico.com\/wp-content\/uploads\/2025\/06\/img-20250603-wa01204870437564509895497-1536x1025.jpg 1536w, https:\/\/contextoanalisisperiodistico.com\/wp-content\/uploads\/2025\/06\/img-20250603-wa01204870437564509895497.jpg 2000w\" sizes=\"(max-width: 1024px) 100vw, 1024px\" \/><\/figure>\n\n\n\n<figure class=\"wp-block-video\"><\/figure>\n\n\n\n<figure class=\"wp-block-video\"><video controls src=\"https:\/\/contextoanalisisperiodistico.com\/wp-content\/uploads\/2025\/06\/VID-20250603-WA0116.mp4\"><\/video><\/figure>\n\n\n\n<p>Oaxaca de Ju\u00e1rez, Oax. 3 de junio 2025.- En el marco del programa emergente \u00abTache al Bache\u00bb, el Presidente Ray Chagoya inform\u00f3 en conferencia de prensa avances significativos en la rehabilitaci\u00f3n de calles y avenidas, resultado de la coordinaci\u00f3n efectiva con el Gobierno del Estado.<\/p>\n\n\n\n<p>Como parte de esta estrategia, se ha logrado el reencarpetamiento de 11 avenidas principales, mejorando la movilidad en la capital oaxaque\u00f1a. Adem\u00e1s, se han intervenido 45 calles prioritarias, de las cuales 27 se localizan en el Centro Hist\u00f3rico y 18 en la zona norte del municipio.<\/p>\n\n\n\n<p>A estas acciones de mejoramiento vial se suma un plan integral de desazolve de la red pluvial, con trabajos preventivos en puntos cr\u00edticos para reducir el riesgo de encharcamientos e inundaciones durante la temporada de lluvias. Estas labores se realizan con equipo especializado y en coordinaci\u00f3n con los Comit\u00e9s de Protecci\u00f3n Civil locales.<\/p>\n\n\n\n<p>El gobierno municipal tambi\u00e9n ha priorizado la limpieza de rejillas, alcantarillas y canales pluviales, como parte de una pol\u00edtica de prevenci\u00f3n y protecci\u00f3n a la salud p\u00fablica. La participaci\u00f3n de vecinas y vecinos ha sido clave en estas acciones que reafirman el compromiso colectivo con una capital m\u00e1s segura y resiliente.<\/p>\n\n\n\n<p>El presidente municipal Ray Chagoya subray\u00f3 que se continuar\u00e1 trabajando de forma coordinada, con paso firme y visi\u00f3n de futuro, para consolidar una ciudad ordenada, funcional y al servicio de su gente.<\/p>\n","protected":false},"excerpt":{"rendered":"<p>Oaxaca de Ju\u00e1rez, Oax. 3 de junio 2025.- En el marco del programa emergente \u00abTache&#8230;<\/p>\n","protected":false},"author":4,"featured_media":42157,"comment_status":"","ping_status":"open","sticky":false,"template":"","format":"standard","meta":{"footnotes":""},"categories":[9],"tags":[178,235,234,45],"jetpack_sharing_enabled":true,"featured_image_urls":{"full":["https:\/\/contextoanalisisperiodistico.com\/wp-content\/uploads\/2025\/06\/IMG-20250603-WA0118-scaled.jpg",2560,1706,false],"thumbnail":["https:\/\/contextoanalisisperiodistico.com\/wp-content\/uploads\/2025\/06\/IMG-20250603-WA0118-150x150.jpg",150,150,true],"medium":["https:\/\/contextoanalisisperiodistico.com\/wp-content\/uploads\/2025\/06\/IMG-20250603-WA0118-300x200.jpg",300,200,true],"medium_large":["https:\/\/contextoanalisisperiodistico.com\/wp-content\/uploads\/2025\/06\/IMG-20250603-WA0118-768x512.jpg",640,427,true],"large":["https:\/\/contextoanalisisperiodistico.com\/wp-content\/uploads\/2025\/06\/IMG-20250603-WA0118-1024x683.jpg",640,427,true],"1536x1536":["https:\/\/contextoanalisisperiodistico.com\/wp-content\/uploads\/2025\/06\/IMG-20250603-WA0118-1536x1024.jpg",1536,1024,true],"2048x2048":["https:\/\/contextoanalisisperiodistico.com\/wp-content\/uploads\/2025\/06\/IMG-20250603-WA0118-2048x1365.jpg",2048,1365,true],"covernews-slider-full":["https:\/\/contextoanalisisperiodistico.com\/wp-content\/uploads\/2025\/06\/IMG-20250603-WA0118-scaled.jpg",1073,715,false],"covernews-slider-center":["https:\/\/contextoanalisisperiodistico.com\/wp-content\/uploads\/2025\/06\/IMG-20250603-WA0118-scaled.jpg",750,500,false],"covernews-featured":["https:\/\/contextoanalisisperiodistico.com\/wp-content\/uploads\/2025\/06\/IMG-20250603-WA0118-scaled.jpg",1024,682,false],"covernews-medium":["https:\/\/contextoanalisisperiodistico.com\/wp-content\/uploads\/2025\/06\/IMG-20250603-WA0118-scaled.jpg",510,340,false],"covernews-medium-square":["https:\/\/contextoanalisisperiodistico.com\/wp-content\/uploads\/2025\/06\/IMG-20250603-WA0118-scaled.jpg",375,250,false]},"author_info":{"display_name":"Mario Gir\u00f3n","author_link":"https:\/\/contextoanalisisperiodistico.com\/index.php\/author\/director\/"},"category_info":"<a href=\"https:\/\/contextoanalisisperiodistico.com\/index.php\/category\/politica\/\" rel=\"category tag\">Pol\u00edtica<\/a>","tag_info":"Pol\u00edtica","comment_count":"0","jetpack_featured_media_url":"https:\/\/contextoanalisisperiodistico.com\/wp-content\/uploads\/2025\/06\/IMG-20250603-WA0118-scaled.jpg","_links":{"self":[{"href":"https:\/\/contextoanalisisperiodistico.com\/index.php\/wp-json\/wp\/v2\/posts\/42163"}],"collection":[{"href":"https:\/\/contextoanalisisperiodistico.com\/index.php\/wp-json\/wp\/v2\/posts"}],"about":[{"href":"https:\/\/contextoanalisisperiodistico.com\/index.php\/wp-json\/wp\/v2\/types\/post"}],"author":[{"embeddable":true,"href":"https:\/\/contextoanalisisperiodistico.com\/index.php\/wp-json\/wp\/v2\/users\/4"}],"replies":[{"embeddable":true,"href":"https:\/\/contextoanalisisperiodistico.com\/index.php\/wp-json\/wp\/v2\/comments?post=42163"}],"version-history":[{"count":0,"href":"https:\/\/contextoanalisisperiodistico.com\/index.php\/wp-json\/wp\/v2\/posts\/42163\/revisions"}],"wp:featuredmedia":[{"embeddable":true,"href":"https:\/\/contextoanalisisperiodistico.com\/index.php\/wp-json\/wp\/v2\/media\/42157"}],"wp:attachment":[{"href":"https:\/\/contextoanalisisperiodistico.com\/index.php\/wp-json\/wp\/v2\/media?parent=42163"}],"wp:term":[{"taxonomy":"category","embeddable":true,"href":"https:\/\/contextoanalisisperiodistico.com\/index.php\/wp-json\/wp\/v2\/categories?post=42163"},{"taxonomy":"post_tag","embeddable":true,"href":"https:\/\/contextoanalisisperiodistico.com\/index.php\/wp-json\/wp\/v2\/tags?post=42163"}],"curies":[{"name":"wp","href":"https:\/\/api.w.org\/{rel}","templated":true}]}}