{"id":42162,"date":"2025-06-03T14:20:05","date_gmt":"2025-06-03T20:20:05","guid":{"rendered":"https:\/\/contextoanalisisperiodistico.com\/index.php\/2025\/06\/03\/proponen-jornada-de-reforestacion-adopta-un-arbol-en-el-centro-historico-de-oaxaca-de-juarez\/"},"modified":"2025-06-03T14:20:05","modified_gmt":"2025-06-03T20:20:05","slug":"proponen-jornada-de-reforestacion-adopta-un-arbol-en-el-centro-historico-de-oaxaca-de-juarez","status":"publish","type":"post","link":"https:\/\/contextoanalisisperiodistico.com\/index.php\/2025\/06\/03\/proponen-jornada-de-reforestacion-adopta-un-arbol-en-el-centro-historico-de-oaxaca-de-juarez\/","title":{"rendered":"Proponen jornada de reforestaci\u00f3n \u201cAdopta un \u00c1rbol\u201d en el Centro Hist\u00f3rico de Oaxaca de Ju\u00e1rez"},"content":{"rendered":"<div id=\"fb-root\"><\/div>\n\n<p>Oaxaca de Ju\u00e1rez, Oax. \u2013 Esta ma\u00f1ana, en Sesi\u00f3n de Cabildo, el regidor de Centro Hist\u00f3rico y Patrimonio Mundial, Antonio \u00c1lvarez Mart\u00ednez, propuso iniciar una jornada de reforestaci\u00f3n en el Centro Hist\u00f3rico de la ciudad, en el marco de la pr\u00f3xima temporada de lluvias y con un enfoque de recarga h\u00eddrica y preservaci\u00f3n ambiental.<\/p>\n\n\n\n<p>La iniciativa, que se denominar\u00eda \u201cAdopta un \u00c1rbol\u201d, busca establecer un compromiso conjunto entre el gobierno municipal y la ciudadan\u00eda para asegurar la conservaci\u00f3n de los \u00e1rboles plantados, todos ellos especies nativas de la regi\u00f3n que, por sus caracter\u00edsticas, favorecen la recarga de los mantos fre\u00e1ticos.<\/p>\n\n\n\n<p>\u201cEl gobierno municipal de Oaxaca de Ju\u00e1rez debe contribuir activamente en el dise\u00f1o de pol\u00edticas p\u00fablicas que disminuyan los devastadores efectos del cambio clim\u00e1tico. Por ello, sociedad y gobierno deben emprender acciones sustanciales y contundentes con enfoque ambiental\u201d, destac\u00f3 \u00c1lvarez Mart\u00ednez.<\/p>\n\n\n\n<p>El regidor tambi\u00e9n subray\u00f3 que la infraestructura urbana del Centro Hist\u00f3rico no ha sido dise\u00f1ada con criterios ambientales, lo cual limita el desarrollo pleno de las especies arb\u00f3reas. Afirm\u00f3 que esta acci\u00f3n representa una apuesta de alto valor ambiental y bajo costo econ\u00f3mico, constituyendo una inversi\u00f3n directa al bienestar com\u00fan.<\/p>\n\n\n\n<p>La propuesta se enmarca en las conmemoraciones del D\u00eda Mundial del Medio Ambiente, celebrado cada 5 de junio desde 1973 por el Programa de las Naciones Unidas para el Medio Ambiente (PNUMA), y busca sumar a Oaxaca de Ju\u00e1rez a los esfuerzos globales por enfrentar el cambio clim\u00e1tico desde lo local.<\/p>\n\n\n\n<figure class=\"wp-block-video\"><\/figure>\n\n\n\n<figure class=\"wp-block-video\"><video controls src=\"https:\/\/contextoanalisisperiodistico.com\/wp-content\/uploads\/2025\/06\/VID20250603095633.mp4\"><\/video><\/figure>\n","protected":false},"excerpt":{"rendered":"<p>Oaxaca de Ju\u00e1rez, Oax. \u2013 Esta ma\u00f1ana, en Sesi\u00f3n de Cabildo, el regidor de Centro&#8230;<\/p>\n","protected":false},"author":4,"featured_media":42156,"comment_status":"","ping_status":"open","sticky":false,"template":"","format":"standard","meta":{"footnotes":""},"categories":[9],"tags":[],"jetpack_sharing_enabled":true,"featured_image_urls":{"full":["https:\/\/contextoanalisisperiodistico.com\/wp-content\/uploads\/2025\/06\/Screenshot_2025-06-03-13-44-37-64_6012fa4d4ddec268fc5c7112cbb265e7.jpg",653,773,false],"thumbnail":["https:\/\/contextoanalisisperiodistico.com\/wp-content\/uploads\/2025\/06\/Screenshot_2025-06-03-13-44-37-64_6012fa4d4ddec268fc5c7112cbb265e7-150x150.jpg",150,150,true],"medium":["https:\/\/contextoanalisisperiodistico.com\/wp-content\/uploads\/2025\/06\/Screenshot_2025-06-03-13-44-37-64_6012fa4d4ddec268fc5c7112cbb265e7-253x300.jpg",253,300,true],"medium_large":["https:\/\/contextoanalisisperiodistico.com\/wp-content\/uploads\/2025\/06\/Screenshot_2025-06-03-13-44-37-64_6012fa4d4ddec268fc5c7112cbb265e7.jpg",640,758,false],"large":["https:\/\/contextoanalisisperiodistico.com\/wp-content\/uploads\/2025\/06\/Screenshot_2025-06-03-13-44-37-64_6012fa4d4ddec268fc5c7112cbb265e7.jpg",640,758,false],"1536x1536":["https:\/\/contextoanalisisperiodistico.com\/wp-content\/uploads\/2025\/06\/Screenshot_2025-06-03-13-44-37-64_6012fa4d4ddec268fc5c7112cbb265e7.jpg",653,773,false],"2048x2048":["https:\/\/contextoanalisisperiodistico.com\/wp-content\/uploads\/2025\/06\/Screenshot_2025-06-03-13-44-37-64_6012fa4d4ddec268fc5c7112cbb265e7.jpg",653,773,false],"covernews-slider-full":["https:\/\/contextoanalisisperiodistico.com\/wp-content\/uploads\/2025\/06\/Screenshot_2025-06-03-13-44-37-64_6012fa4d4ddec268fc5c7112cbb265e7-653x715.jpg",653,715,true],"covernews-slider-center":["https:\/\/contextoanalisisperiodistico.com\/wp-content\/uploads\/2025\/06\/Screenshot_2025-06-03-13-44-37-64_6012fa4d4ddec268fc5c7112cbb265e7-653x500.jpg",653,500,true],"covernews-featured":["https:\/\/contextoanalisisperiodistico.com\/wp-content\/uploads\/2025\/06\/Screenshot_2025-06-03-13-44-37-64_6012fa4d4ddec268fc5c7112cbb265e7.jpg",653,773,false],"covernews-medium":["https:\/\/contextoanalisisperiodistico.com\/wp-content\/uploads\/2025\/06\/Screenshot_2025-06-03-13-44-37-64_6012fa4d4ddec268fc5c7112cbb265e7-540x340.jpg",540,340,true],"covernews-medium-square":["https:\/\/contextoanalisisperiodistico.com\/wp-content\/uploads\/2025\/06\/Screenshot_2025-06-03-13-44-37-64_6012fa4d4ddec268fc5c7112cbb265e7-400x250.jpg",400,250,true]},"author_info":{"display_name":"Mario Gir\u00f3n","author_link":"https:\/\/contextoanalisisperiodistico.com\/index.php\/author\/director\/"},"category_info":"<a href=\"https:\/\/contextoanalisisperiodistico.com\/index.php\/category\/politica\/\" rel=\"category tag\">Pol\u00edtica<\/a>","tag_info":"Pol\u00edtica","comment_count":"0","jetpack_featured_media_url":"https:\/\/contextoanalisisperiodistico.com\/wp-content\/uploads\/2025\/06\/Screenshot_2025-06-03-13-44-37-64_6012fa4d4ddec268fc5c7112cbb265e7.jpg","_links":{"self":[{"href":"https:\/\/contextoanalisisperiodistico.com\/index.php\/wp-json\/wp\/v2\/posts\/42162"}],"collection":[{"href":"https:\/\/contextoanalisisperiodistico.com\/index.php\/wp-json\/wp\/v2\/posts"}],"about":[{"href":"https:\/\/contextoanalisisperiodistico.com\/index.php\/wp-json\/wp\/v2\/types\/post"}],"author":[{"embeddable":true,"href":"https:\/\/contextoanalisisperiodistico.com\/index.php\/wp-json\/wp\/v2\/users\/4"}],"replies":[{"embeddable":true,"href":"https:\/\/contextoanalisisperiodistico.com\/index.php\/wp-json\/wp\/v2\/comments?post=42162"}],"version-history":[{"count":0,"href":"https:\/\/contextoanalisisperiodistico.com\/index.php\/wp-json\/wp\/v2\/posts\/42162\/revisions"}],"wp:featuredmedia":[{"embeddable":true,"href":"https:\/\/contextoanalisisperiodistico.com\/index.php\/wp-json\/wp\/v2\/media\/42156"}],"wp:attachment":[{"href":"https:\/\/contextoanalisisperiodistico.com\/index.php\/wp-json\/wp\/v2\/media?parent=42162"}],"wp:term":[{"taxonomy":"category","embeddable":true,"href":"https:\/\/contextoanalisisperiodistico.com\/index.php\/wp-json\/wp\/v2\/categories?post=42162"},{"taxonomy":"post_tag","embeddable":true,"href":"https:\/\/contextoanalisisperiodistico.com\/index.php\/wp-json\/wp\/v2\/tags?post=42162"}],"curies":[{"name":"wp","href":"https:\/\/api.w.org\/{rel}","templated":true}]}}