{"id":42152,"date":"2025-06-03T13:09:23","date_gmt":"2025-06-03T19:09:23","guid":{"rendered":"https:\/\/contextoanalisisperiodistico.com\/index.php\/2025\/06\/03\/destaca-oaxaca-por-su-alta-participacion-en-la-eleccion-del-poder-judicial-salomon-jara\/"},"modified":"2025-06-03T13:13:57","modified_gmt":"2025-06-03T19:13:57","slug":"destaca-oaxaca-por-su-alta-participacion-en-la-eleccion-del-poder-judicial-salomon-jara","status":"publish","type":"post","link":"https:\/\/contextoanalisisperiodistico.com\/index.php\/2025\/06\/03\/destaca-oaxaca-por-su-alta-participacion-en-la-eleccion-del-poder-judicial-salomon-jara\/","title":{"rendered":"Destaca Oaxaca por alta participaci\u00f3n en elecci\u00f3n del Poder Judicial: Salom\u00f3n Jara"},"content":{"rendered":"<div id=\"fb-root\"><\/div>\n\n<p>\u2022 El Gobernante resalt\u00f3 que, a diferencia de otros estados, la entidad no tuvo jornada electoral simult\u00e1nea<\/p>\n\n\n\n<p>\u2022 Tambi\u00e9n, se congratul\u00f3 de que el oaxaque\u00f1o Hugo Aguilar Ortiz encabece la votaci\u00f3n, hasta este momento, en la elecci\u00f3n de personas ministras de la Suprema Corte de Justicia de la Naci\u00f3n<\/p>\n\n\n\n<p>Oaxaca de Ju\u00e1rez, Oax. 3 de junio de 2025.- El Gobernador Salom\u00f3n Jara Cruz celebr\u00f3 que Oaxaca sea el estado, sin elecci\u00f3n concurrente, con la mayor participaci\u00f3n ciudadana del pa\u00eds en los comicios para elegir a integrantes del Poder Judicial, realizados el pasado 1 de junio.<\/p>\n\n\n\n<p>\u201cEl pueblo hizo valer su voluntad y form\u00f3 parte de esta transformaci\u00f3n que se vive en M\u00e9xico. Oaxaca juega un papel importante y tiene una participaci\u00f3n superior al 15 por ciento\u201d, expres\u00f3.<\/p>\n\n\n\n<p>Durante su conferencia de prensa matutina, Jara Cruz resalt\u00f3 que, a diferencia de otros estados, la entidad no tuvo jornada electoral simult\u00e1nea, un hecho meritorio de las y los oaxaque\u00f1os que ejercieron su derecho al voto en este proceso hist\u00f3rico en el que por primera vez se eligieron a personas ministras, magistradas y jueces.<\/p>\n\n\n\n<p>A\u00f1adi\u00f3 que a pesar de quienes intentan descalificar este ejercicio electoral, la Organizaci\u00f3n de los Estados Americanos (OEA) declar\u00f3 que los comicios se efectuaron de manera correcta y ejemplar, sin incidencias graves.<\/p>\n\n\n\n<p>Asimismo, el Mandatario estatal destac\u00f3 que aun cuando no hubo las suficientes casillas en todo el pa\u00eds, 13 millones de personas decidieron participar en esta transformaci\u00f3n.<\/p>\n\n\n\n<p>\u201cCasi el 50 por ciento de casillas no se instalaron en el pa\u00eds por falta de recursos econ\u00f3micos. En Oaxaca fueron casi la mitad de ellas, y con ese 50 tuvimos un 15 por ciento de participaci\u00f3n; estos problemas no impidieron que el pueblo saliera a votar\u201d, recalc\u00f3.<\/p>\n\n\n\n<p>Por otro lado, el titular del Poder Ejecutivo Estatal se congratul\u00f3 de que el oaxaque\u00f1o Hugo Aguilar Ortiz encabece la votaci\u00f3n, hasta este momento, en la elecci\u00f3n de personas ministras de la Suprema Corte de Justicia de la Naci\u00f3n.<\/p>\n\n\n\n<p>\u201cEs una persona que ha trabajado mucho y tiene un gran compromiso con los pueblos originarios; \u00e9l viene desde abajo, nunca ha sido un funcionario de \u00e9lite, y si resulta electo, Oaxaca se pone en alto\u201d, manifest\u00f3.<br \/>-0-<\/p>\n","protected":false},"excerpt":{"rendered":"<p>\u2022 El Gobernante resalt\u00f3 que, a diferencia de otros estados, la entidad no tuvo jornada&#8230;<\/p>\n","protected":false},"author":4,"featured_media":42151,"comment_status":"closed","ping_status":"open","sticky":false,"template":"","format":"standard","meta":{"footnotes":""},"categories":[9],"tags":[],"jetpack_sharing_enabled":true,"featured_image_urls":{"full":["https:\/\/contextoanalisisperiodistico.com\/wp-content\/uploads\/2025\/06\/IMG-20250603-WA0097.jpg",1280,853,false],"thumbnail":["https:\/\/contextoanalisisperiodistico.com\/wp-content\/uploads\/2025\/06\/IMG-20250603-WA0097-150x150.jpg",150,150,true],"medium":["https:\/\/contextoanalisisperiodistico.com\/wp-content\/uploads\/2025\/06\/IMG-20250603-WA0097-300x200.jpg",300,200,true],"medium_large":["https:\/\/contextoanalisisperiodistico.com\/wp-content\/uploads\/2025\/06\/IMG-20250603-WA0097-768x512.jpg",640,427,true],"large":["https:\/\/contextoanalisisperiodistico.com\/wp-content\/uploads\/2025\/06\/IMG-20250603-WA0097-1024x682.jpg",640,426,true],"1536x1536":["https:\/\/contextoanalisisperiodistico.com\/wp-content\/uploads\/2025\/06\/IMG-20250603-WA0097.jpg",1280,853,false],"2048x2048":["https:\/\/contextoanalisisperiodistico.com\/wp-content\/uploads\/2025\/06\/IMG-20250603-WA0097.jpg",1280,853,false],"covernews-slider-full":["https:\/\/contextoanalisisperiodistico.com\/wp-content\/uploads\/2025\/06\/IMG-20250603-WA0097-1115x715.jpg",1115,715,true],"covernews-slider-center":["https:\/\/contextoanalisisperiodistico.com\/wp-content\/uploads\/2025\/06\/IMG-20250603-WA0097-800x500.jpg",800,500,true],"covernews-featured":["https:\/\/contextoanalisisperiodistico.com\/wp-content\/uploads\/2025\/06\/IMG-20250603-WA0097-1024x682.jpg",1024,682,true],"covernews-medium":["https:\/\/contextoanalisisperiodistico.com\/wp-content\/uploads\/2025\/06\/IMG-20250603-WA0097-540x340.jpg",540,340,true],"covernews-medium-square":["https:\/\/contextoanalisisperiodistico.com\/wp-content\/uploads\/2025\/06\/IMG-20250603-WA0097-400x250.jpg",400,250,true]},"author_info":{"display_name":"Mario Gir\u00f3n","author_link":"https:\/\/contextoanalisisperiodistico.com\/index.php\/author\/director\/"},"category_info":"<a href=\"https:\/\/contextoanalisisperiodistico.com\/index.php\/category\/politica\/\" rel=\"category tag\">Pol\u00edtica<\/a>","tag_info":"Pol\u00edtica","comment_count":"0","jetpack_featured_media_url":"https:\/\/contextoanalisisperiodistico.com\/wp-content\/uploads\/2025\/06\/IMG-20250603-WA0097.jpg","_links":{"self":[{"href":"https:\/\/contextoanalisisperiodistico.com\/index.php\/wp-json\/wp\/v2\/posts\/42152"}],"collection":[{"href":"https:\/\/contextoanalisisperiodistico.com\/index.php\/wp-json\/wp\/v2\/posts"}],"about":[{"href":"https:\/\/contextoanalisisperiodistico.com\/index.php\/wp-json\/wp\/v2\/types\/post"}],"author":[{"embeddable":true,"href":"https:\/\/contextoanalisisperiodistico.com\/index.php\/wp-json\/wp\/v2\/users\/4"}],"replies":[{"embeddable":true,"href":"https:\/\/contextoanalisisperiodistico.com\/index.php\/wp-json\/wp\/v2\/comments?post=42152"}],"version-history":[{"count":2,"href":"https:\/\/contextoanalisisperiodistico.com\/index.php\/wp-json\/wp\/v2\/posts\/42152\/revisions"}],"predecessor-version":[{"id":42154,"href":"https:\/\/contextoanalisisperiodistico.com\/index.php\/wp-json\/wp\/v2\/posts\/42152\/revisions\/42154"}],"wp:featuredmedia":[{"embeddable":true,"href":"https:\/\/contextoanalisisperiodistico.com\/index.php\/wp-json\/wp\/v2\/media\/42151"}],"wp:attachment":[{"href":"https:\/\/contextoanalisisperiodistico.com\/index.php\/wp-json\/wp\/v2\/media?parent=42152"}],"wp:term":[{"taxonomy":"category","embeddable":true,"href":"https:\/\/contextoanalisisperiodistico.com\/index.php\/wp-json\/wp\/v2\/categories?post=42152"},{"taxonomy":"post_tag","embeddable":true,"href":"https:\/\/contextoanalisisperiodistico.com\/index.php\/wp-json\/wp\/v2\/tags?post=42152"}],"curies":[{"name":"wp","href":"https:\/\/api.w.org\/{rel}","templated":true}]}}