{"id":42093,"date":"2025-05-31T18:09:12","date_gmt":"2025-06-01T00:09:12","guid":{"rendered":"https:\/\/contextoanalisisperiodistico.com\/index.php\/2025\/05\/31\/policia-municipal-detiene-a-tres-personas-por-el-presunto-delito-de-robo\/"},"modified":"2025-05-31T18:09:12","modified_gmt":"2025-06-01T00:09:12","slug":"policia-municipal-detiene-a-tres-personas-por-el-presunto-delito-de-robo","status":"publish","type":"post","link":"https:\/\/contextoanalisisperiodistico.com\/index.php\/2025\/05\/31\/policia-municipal-detiene-a-tres-personas-por-el-presunto-delito-de-robo\/","title":{"rendered":"Polic\u00eda Municipal detiene a tres personas por el presunto delito de robo"},"content":{"rendered":"<div id=\"fb-root\"><\/div>\n\n<ul class=\"wp-block-list\">\n<li>Se trata de tres hombres originarios de la CDMX<\/li>\n\n\n\n<li>Usaron de distractor una presunta ri\u00f1a para robar la cartera y tel\u00e9fono celular de una madre de familia<\/li>\n\n\n\n<li>Con tecnolog\u00eda de seguimiento en tiempo real se logr\u00f3 ubicar a los presuntos responsables<\/li>\n<\/ul>\n\n\n\n<figure class=\"wp-block-image size-large\"><img fetchpriority=\"high\" decoding=\"async\" width=\"548\" height=\"537\" src=\"https:\/\/contextoanalisisperiodistico.com\/wp-content\/uploads\/2025\/05\/img-20250531-wa01304518668765389599697.jpg\" alt=\"\" class=\"wp-image-42090\" srcset=\"https:\/\/contextoanalisisperiodistico.com\/wp-content\/uploads\/2025\/05\/img-20250531-wa01304518668765389599697.jpg 548w, https:\/\/contextoanalisisperiodistico.com\/wp-content\/uploads\/2025\/05\/img-20250531-wa01304518668765389599697-300x294.jpg 300w\" sizes=\"(max-width: 548px) 100vw, 548px\" \/><\/figure>\n\n\n\n<figure class=\"wp-block-image\"><img decoding=\"async\" width=\"300\" height=\"280\" src=\"https:\/\/contextoanalisisperiodistico.com\/wp-content\/uploads\/2025\/05\/img-20250531-wa01297486029470960360491-300x280.jpg\" alt=\"\" class=\"wp-image-42092\" srcset=\"https:\/\/contextoanalisisperiodistico.com\/wp-content\/uploads\/2025\/05\/img-20250531-wa01297486029470960360491-300x280.jpg 300w, https:\/\/contextoanalisisperiodistico.com\/wp-content\/uploads\/2025\/05\/img-20250531-wa01297486029470960360491.jpg 583w\" sizes=\"(max-width: 300px) 100vw, 300px\" \/><\/figure>\n\n\n\n<figure class=\"wp-block-image\"><img decoding=\"async\" width=\"300\" height=\"251\" src=\"https:\/\/contextoanalisisperiodistico.com\/wp-content\/uploads\/2025\/05\/img-20250531-wa01316337057626397216075-300x251.jpg\" alt=\"\" class=\"wp-image-42091\" srcset=\"https:\/\/contextoanalisisperiodistico.com\/wp-content\/uploads\/2025\/05\/img-20250531-wa01316337057626397216075-300x251.jpg 300w, https:\/\/contextoanalisisperiodistico.com\/wp-content\/uploads\/2025\/05\/img-20250531-wa01316337057626397216075.jpg 624w\" sizes=\"(max-width: 300px) 100vw, 300px\" \/><\/figure>\n\n\n\n<p>Oaxaca de Ju\u00e1rez, Oax., 31 de mayo de 2025.- Personal de la Secretar\u00eda de Seguridad Vecinal efectu\u00f3 la detenci\u00f3n de tres personas al ser se\u00f1aladas como presuntas responsables del delito de robo.<\/p>\n\n\n\n<p>La intervenci\u00f3n ocurri\u00f3 el viernes a las 17:35 horas, luego que el Mando Coordinado Metropolitano, a trav\u00e9s del C-4 alert\u00f3 a elementos de la Direcci\u00f3n de Proximidad Social para brindar un auxilio en una tienda de autoservicio ubicada en Eduardo Mata y Huerto Los Olivos.<\/p>\n\n\n\n<p>Ah\u00ed contactaron con un hombre y su madre, quienes dijeron que momentos antes, mientras hac\u00edan fila en una de las cajas de la tienda de autoservicio, tres sujetos que estaban detr\u00e1s de su madre, supuestamente comenzaron a discutir y empujarse, mientras que, durante la distracci\u00f3n, uno de ellos sac\u00f3 del bolso de la mujer su cartera y tel\u00e9fono celular, para luego salir de la tienda.<\/p>\n\n\n\n<p>Una vez en el estacionamiento observaron que abordaron una camioneta color gris con placas de Tlaxcala, por lo cual comenzaron a rastrear el tel\u00e9fono v\u00eda GPS.<\/p>\n\n\n\n<p>Al mismo tiempo, la parte afectada solicit\u00f3 el apoyo al C-4, por lo que junto con los elementos de seguridad, se implement\u00f3 un protocolo de seguimiento en tiempo real del veh\u00edculo sospechoso, el cual avanz\u00f3 por Avenida Universidad hacia Plaza del Valle, luego retorn\u00f3 hacia el crucero de Cinco Se\u00f1ores y finalmente se detuvo en la prolongaci\u00f3n de La Noria.<\/p>\n\n\n\n<p>Los elementos llegaron al lugar y el ofendido se\u00f1al\u00f3 a los sujetos que ya se encontraban en un local de venta de celulares, como quienes hab\u00edan robado el tel\u00e9fono a su madre, el cual, uno de ellos portaba en la mano derecha.<\/p>\n\n\n\n<p>A petici\u00f3n de la ofendida, procedieron a la detenci\u00f3n de las tres personas, quienes dijeron llamarse Cristian E R. E., de 34 a\u00f1os de edad; Daniel A. I. G., de 37 a\u00f1os de edad y Luis M. A. G., de 39 a\u00f1os de edad; todos originarios y vecinos de Ciudad de M\u00e9xico; as\u00ed tambi\u00e9n procedieron al aseguramiento de la camioneta marca Dodge tipo Journey color gris, con placas de circulaci\u00f3n del estado de Tlaxcala.<\/p>\n\n\n\n<p>Los detenidos y el veh\u00edculo quedaron a disposici\u00f3n de la Fiscal\u00eda General del Estado para determinar su situaci\u00f3n jur\u00eddica.<\/p>\n","protected":false},"excerpt":{"rendered":"<p>Oaxaca de Ju\u00e1rez, Oax., 31 de mayo de 2025.- Personal de la Secretar\u00eda de Seguridad&#8230;<\/p>\n","protected":false},"author":4,"featured_media":42089,"comment_status":"","ping_status":"open","sticky":false,"template":"","format":"standard","meta":{"footnotes":""},"categories":[10],"tags":[178,235,234,45],"jetpack_sharing_enabled":true,"featured_image_urls":{"full":["https:\/\/contextoanalisisperiodistico.com\/wp-content\/uploads\/2025\/05\/IMG-20250531-WA0132.jpg",735,440,false],"thumbnail":["https:\/\/contextoanalisisperiodistico.com\/wp-content\/uploads\/2025\/05\/IMG-20250531-WA0132-150x150.jpg",150,150,true],"medium":["https:\/\/contextoanalisisperiodistico.com\/wp-content\/uploads\/2025\/05\/IMG-20250531-WA0132-300x180.jpg",300,180,true],"medium_large":["https:\/\/contextoanalisisperiodistico.com\/wp-content\/uploads\/2025\/05\/IMG-20250531-WA0132.jpg",640,383,false],"large":["https:\/\/contextoanalisisperiodistico.com\/wp-content\/uploads\/2025\/05\/IMG-20250531-WA0132.jpg",640,383,false],"1536x1536":["https:\/\/contextoanalisisperiodistico.com\/wp-content\/uploads\/2025\/05\/IMG-20250531-WA0132.jpg",735,440,false],"2048x2048":["https:\/\/contextoanalisisperiodistico.com\/wp-content\/uploads\/2025\/05\/IMG-20250531-WA0132.jpg",735,440,false],"covernews-slider-full":["https:\/\/contextoanalisisperiodistico.com\/wp-content\/uploads\/2025\/05\/IMG-20250531-WA0132.jpg",735,440,false],"covernews-slider-center":["https:\/\/contextoanalisisperiodistico.com\/wp-content\/uploads\/2025\/05\/IMG-20250531-WA0132.jpg",735,440,false],"covernews-featured":["https:\/\/contextoanalisisperiodistico.com\/wp-content\/uploads\/2025\/05\/IMG-20250531-WA0132.jpg",735,440,false],"covernews-medium":["https:\/\/contextoanalisisperiodistico.com\/wp-content\/uploads\/2025\/05\/IMG-20250531-WA0132-540x340.jpg",540,340,true],"covernews-medium-square":["https:\/\/contextoanalisisperiodistico.com\/wp-content\/uploads\/2025\/05\/IMG-20250531-WA0132-400x250.jpg",400,250,true]},"author_info":{"display_name":"Mario Gir\u00f3n","author_link":"https:\/\/contextoanalisisperiodistico.com\/index.php\/author\/director\/"},"category_info":"<a href=\"https:\/\/contextoanalisisperiodistico.com\/index.php\/category\/seguridad\/\" rel=\"category tag\">Seguridad<\/a>","tag_info":"Seguridad","comment_count":"0","jetpack_featured_media_url":"https:\/\/contextoanalisisperiodistico.com\/wp-content\/uploads\/2025\/05\/IMG-20250531-WA0132.jpg","_links":{"self":[{"href":"https:\/\/contextoanalisisperiodistico.com\/index.php\/wp-json\/wp\/v2\/posts\/42093"}],"collection":[{"href":"https:\/\/contextoanalisisperiodistico.com\/index.php\/wp-json\/wp\/v2\/posts"}],"about":[{"href":"https:\/\/contextoanalisisperiodistico.com\/index.php\/wp-json\/wp\/v2\/types\/post"}],"author":[{"embeddable":true,"href":"https:\/\/contextoanalisisperiodistico.com\/index.php\/wp-json\/wp\/v2\/users\/4"}],"replies":[{"embeddable":true,"href":"https:\/\/contextoanalisisperiodistico.com\/index.php\/wp-json\/wp\/v2\/comments?post=42093"}],"version-history":[{"count":0,"href":"https:\/\/contextoanalisisperiodistico.com\/index.php\/wp-json\/wp\/v2\/posts\/42093\/revisions"}],"wp:featuredmedia":[{"embeddable":true,"href":"https:\/\/contextoanalisisperiodistico.com\/index.php\/wp-json\/wp\/v2\/media\/42089"}],"wp:attachment":[{"href":"https:\/\/contextoanalisisperiodistico.com\/index.php\/wp-json\/wp\/v2\/media?parent=42093"}],"wp:term":[{"taxonomy":"category","embeddable":true,"href":"https:\/\/contextoanalisisperiodistico.com\/index.php\/wp-json\/wp\/v2\/categories?post=42093"},{"taxonomy":"post_tag","embeddable":true,"href":"https:\/\/contextoanalisisperiodistico.com\/index.php\/wp-json\/wp\/v2\/tags?post=42093"}],"curies":[{"name":"wp","href":"https:\/\/api.w.org\/{rel}","templated":true}]}}