{"id":42087,"date":"2025-05-31T14:01:27","date_gmt":"2025-05-31T20:01:27","guid":{"rendered":"https:\/\/contextoanalisisperiodistico.com\/index.php\/2025\/05\/31\/fortalece-gobierno-municipal-de-oaxaca-de-juarez-capacitacion-en-materia-de-proteccion-civil\/"},"modified":"2025-05-31T14:31:33","modified_gmt":"2025-05-31T20:31:33","slug":"fortalece-gobierno-municipal-de-oaxaca-de-juarez-capacitacion-en-materia-de-proteccion-civil","status":"publish","type":"post","link":"https:\/\/contextoanalisisperiodistico.com\/index.php\/2025\/05\/31\/fortalece-gobierno-municipal-de-oaxaca-de-juarez-capacitacion-en-materia-de-proteccion-civil\/","title":{"rendered":"Fortalece el gobierno municipal citadino capacitaci\u00f3n en&nbsp; Protecci\u00f3n Civil"},"content":{"rendered":"<div id=\"fb-root\"><\/div>\n\n<ul class=\"wp-block-list\">\n<li>Se realizar\u00e1n cursos gratuitos sobre manejo de extintores y primeros auxilios los d\u00edas 18, 19 y 20 de junio<\/li>\n\n\n\n<li>Podran participar propietarios y personal operativo de establecimientos comerciales que hayan cumplido con el pago de continuidad de operaciones<\/li>\n<\/ul>\n\n\n\n<p>Oaxaca de Ju\u00e1rez, Oax., 31 de mayo de 2025.- Con el objetivo de fortalecer la seguridad desde la prevenci\u00f3n, y por instrucci\u00f3n del presidente municipal Raymundo Chagoya Villanueva, la Direcci\u00f3n de Protecci\u00f3n Civil de Oaxaca de Ju\u00e1rez llevar\u00e1 a cabo una nueva jornada de capacitaciones gratuitas dirigidas a propietarios y personal operativode establecimientos comerciales que hayan cumplido con el pago de continuidad de operaciones del a\u00f1o 2025.<\/p>\n\n\n\n<p>Estas acciones forman parte de una estrategia integral para preparar a la poblaci\u00f3n ante emergencias, reforzando el conocimiento t\u00e9cnico en temas clave de protecci\u00f3n civil.<\/p>\n\n\n\n<p>El calendario de cursos que se realizar\u00e1n en el Centro Cultural Reforma ubicado en la esquina de Sabinos y Emilio Carranza de la colonia Reforma, es el siguiente:<br \/>\u2022 18 de junio: Uso y manejo de extintores<br \/>\u2022 19 de junio: Primeros auxilios \u2013 Sesi\u00f3n 1<br \/>\u2022 20 de junio: Primeros auxilios \u2013 Sesi\u00f3n 2<\/p>\n\n\n\n<p>Desde el gobierno municipal se promueve una visi\u00f3n de seguridad que parte del trabajo preventivo, la corresponsabilidad y la cercan\u00eda con la gente. La Direcci\u00f3n de Protecci\u00f3n Civil reiter\u00f3 la invitaci\u00f3n a participar, recordando que la mejor herramienta frente a una emergencia es una comunidad informada y capacitada.<\/p>\n","protected":false},"excerpt":{"rendered":"<p>Oaxaca de Ju\u00e1rez, Oax., 31 de mayo de 2025.- Con el objetivo de fortalecer la&#8230;<\/p>\n","protected":false},"author":4,"featured_media":42086,"comment_status":"closed","ping_status":"open","sticky":false,"template":"","format":"standard","meta":{"footnotes":""},"categories":[3],"tags":[178,235,234,45],"jetpack_sharing_enabled":true,"featured_image_urls":{"full":["https:\/\/contextoanalisisperiodistico.com\/wp-content\/uploads\/2025\/05\/IMG-20250531-WA0106-1.jpg",1026,1440,false],"thumbnail":["https:\/\/contextoanalisisperiodistico.com\/wp-content\/uploads\/2025\/05\/IMG-20250531-WA0106-1-150x150.jpg",150,150,true],"medium":["https:\/\/contextoanalisisperiodistico.com\/wp-content\/uploads\/2025\/05\/IMG-20250531-WA0106-1-214x300.jpg",214,300,true],"medium_large":["https:\/\/contextoanalisisperiodistico.com\/wp-content\/uploads\/2025\/05\/IMG-20250531-WA0106-1-768x1078.jpg",640,898,true],"large":["https:\/\/contextoanalisisperiodistico.com\/wp-content\/uploads\/2025\/05\/IMG-20250531-WA0106-1-730x1024.jpg",640,898,true],"1536x1536":["https:\/\/contextoanalisisperiodistico.com\/wp-content\/uploads\/2025\/05\/IMG-20250531-WA0106-1.jpg",1026,1440,false],"2048x2048":["https:\/\/contextoanalisisperiodistico.com\/wp-content\/uploads\/2025\/05\/IMG-20250531-WA0106-1.jpg",1026,1440,false],"covernews-slider-full":["https:\/\/contextoanalisisperiodistico.com\/wp-content\/uploads\/2025\/05\/IMG-20250531-WA0106-1-1026x715.jpg",1026,715,true],"covernews-slider-center":["https:\/\/contextoanalisisperiodistico.com\/wp-content\/uploads\/2025\/05\/IMG-20250531-WA0106-1-800x500.jpg",800,500,true],"covernews-featured":["https:\/\/contextoanalisisperiodistico.com\/wp-content\/uploads\/2025\/05\/IMG-20250531-WA0106-1-1024x1437.jpg",1024,1437,true],"covernews-medium":["https:\/\/contextoanalisisperiodistico.com\/wp-content\/uploads\/2025\/05\/IMG-20250531-WA0106-1-540x340.jpg",540,340,true],"covernews-medium-square":["https:\/\/contextoanalisisperiodistico.com\/wp-content\/uploads\/2025\/05\/IMG-20250531-WA0106-1-400x250.jpg",400,250,true]},"author_info":{"display_name":"Mario Gir\u00f3n","author_link":"https:\/\/contextoanalisisperiodistico.com\/index.php\/author\/director\/"},"category_info":"<a href=\"https:\/\/contextoanalisisperiodistico.com\/index.php\/category\/ciudad\/\" rel=\"category tag\">Ciudad<\/a>","tag_info":"Ciudad","comment_count":"0","jetpack_featured_media_url":"https:\/\/contextoanalisisperiodistico.com\/wp-content\/uploads\/2025\/05\/IMG-20250531-WA0106-1.jpg","_links":{"self":[{"href":"https:\/\/contextoanalisisperiodistico.com\/index.php\/wp-json\/wp\/v2\/posts\/42087"}],"collection":[{"href":"https:\/\/contextoanalisisperiodistico.com\/index.php\/wp-json\/wp\/v2\/posts"}],"about":[{"href":"https:\/\/contextoanalisisperiodistico.com\/index.php\/wp-json\/wp\/v2\/types\/post"}],"author":[{"embeddable":true,"href":"https:\/\/contextoanalisisperiodistico.com\/index.php\/wp-json\/wp\/v2\/users\/4"}],"replies":[{"embeddable":true,"href":"https:\/\/contextoanalisisperiodistico.com\/index.php\/wp-json\/wp\/v2\/comments?post=42087"}],"version-history":[{"count":1,"href":"https:\/\/contextoanalisisperiodistico.com\/index.php\/wp-json\/wp\/v2\/posts\/42087\/revisions"}],"predecessor-version":[{"id":42088,"href":"https:\/\/contextoanalisisperiodistico.com\/index.php\/wp-json\/wp\/v2\/posts\/42087\/revisions\/42088"}],"wp:featuredmedia":[{"embeddable":true,"href":"https:\/\/contextoanalisisperiodistico.com\/index.php\/wp-json\/wp\/v2\/media\/42086"}],"wp:attachment":[{"href":"https:\/\/contextoanalisisperiodistico.com\/index.php\/wp-json\/wp\/v2\/media?parent=42087"}],"wp:term":[{"taxonomy":"category","embeddable":true,"href":"https:\/\/contextoanalisisperiodistico.com\/index.php\/wp-json\/wp\/v2\/categories?post=42087"},{"taxonomy":"post_tag","embeddable":true,"href":"https:\/\/contextoanalisisperiodistico.com\/index.php\/wp-json\/wp\/v2\/tags?post=42087"}],"curies":[{"name":"wp","href":"https:\/\/api.w.org\/{rel}","templated":true}]}}