{"id":42081,"date":"2025-05-30T20:37:10","date_gmt":"2025-05-31T02:37:10","guid":{"rendered":"https:\/\/contextoanalisisperiodistico.com\/index.php\/2025\/05\/30\/policia-municipal-detiene-a-una-persona-por-el-presunto-delito-de-robo-3\/"},"modified":"2025-05-30T20:37:10","modified_gmt":"2025-05-31T02:37:10","slug":"policia-municipal-detiene-a-una-persona-por-el-presunto-delito-de-robo-3","status":"publish","type":"post","link":"https:\/\/contextoanalisisperiodistico.com\/index.php\/2025\/05\/30\/policia-municipal-detiene-a-una-persona-por-el-presunto-delito-de-robo-3\/","title":{"rendered":"Polic\u00eda Municipal detiene a una persona por el presunto delito de robo"},"content":{"rendered":"<div id=\"fb-root\"><\/div>\n\n<p>Oaxaca de Ju\u00e1rez, Oax., 30 de mayo de 2025.- Personal de la Secretar\u00eda de Seguridad Vecinal efectu\u00f3 la detenci\u00f3n de una persona al ser se\u00f1alada como presunta responsable del delito de robo.<\/p>\n\n\n\n<p>Este viernes a las 13:25 horas, elementos de la Direcci\u00f3n de Proximidad Social aplicaban un operativo de prevenci\u00f3n y disuasi\u00f3n en la zona del Mercado de Abasto.<\/p>\n\n\n\n<p>Al encontrarse en Perif\u00e9rico y Diagonal de Mercaderes, una mujer les solicit\u00f3 apoyo y se\u00f1al\u00f3 a un sujeto que corr\u00eda, como el mismo que momentos antes le hab\u00eda arrebatado su bolso de mano.<\/p>\n\n\n\n<p>La ofendida se\u00f1al\u00f3 al presunto responsable, quien fue abordado metros adelante, mismo que portaba un bolso color caf\u00e9 en la mano derecha, el cual reconoci\u00f3 como de su propiedad, donde guardaba varias tarjetas bancarias.<\/p>\n\n\n\n<p>Ante el se\u00f1alamiento directo de la mujer, realizaron la detenci\u00f3n de quien dijo llamarse Jes\u00fas P. R. S., de 39 a\u00f1os de edad.<\/p>\n\n\n\n<p>Comerciantes de la zona acusaron al detenido de dedicarse al robo como carterista, conocido como \u201cEl Chicanito\u201d.<\/p>\n\n\n\n<p>El detenido y los objetos asegurados quedaron a disposici\u00f3n de la Fiscal\u00eda General del Estado quien determinar\u00e1 la situaci\u00f3n jur\u00eddica.<\/p>\n","protected":false},"excerpt":{"rendered":"<p>Oaxaca de Ju\u00e1rez, Oax., 30 de mayo de 2025.- Personal de la Secretar\u00eda de Seguridad&#8230;<\/p>\n","protected":false},"author":4,"featured_media":42080,"comment_status":"","ping_status":"open","sticky":false,"template":"","format":"standard","meta":{"footnotes":""},"categories":[10],"tags":[178,235,234,45],"jetpack_sharing_enabled":true,"featured_image_urls":{"full":["https:\/\/contextoanalisisperiodistico.com\/wp-content\/uploads\/2025\/05\/IMG-20250530-WA0231.jpg",780,1040,false],"thumbnail":["https:\/\/contextoanalisisperiodistico.com\/wp-content\/uploads\/2025\/05\/IMG-20250530-WA0231-150x150.jpg",150,150,true],"medium":["https:\/\/contextoanalisisperiodistico.com\/wp-content\/uploads\/2025\/05\/IMG-20250530-WA0231-225x300.jpg",225,300,true],"medium_large":["https:\/\/contextoanalisisperiodistico.com\/wp-content\/uploads\/2025\/05\/IMG-20250530-WA0231-768x1024.jpg",640,853,true],"large":["https:\/\/contextoanalisisperiodistico.com\/wp-content\/uploads\/2025\/05\/IMG-20250530-WA0231-768x1024.jpg",640,853,true],"1536x1536":["https:\/\/contextoanalisisperiodistico.com\/wp-content\/uploads\/2025\/05\/IMG-20250530-WA0231.jpg",780,1040,false],"2048x2048":["https:\/\/contextoanalisisperiodistico.com\/wp-content\/uploads\/2025\/05\/IMG-20250530-WA0231.jpg",780,1040,false],"covernews-slider-full":["https:\/\/contextoanalisisperiodistico.com\/wp-content\/uploads\/2025\/05\/IMG-20250530-WA0231-780x715.jpg",780,715,true],"covernews-slider-center":["https:\/\/contextoanalisisperiodistico.com\/wp-content\/uploads\/2025\/05\/IMG-20250530-WA0231-780x500.jpg",780,500,true],"covernews-featured":["https:\/\/contextoanalisisperiodistico.com\/wp-content\/uploads\/2025\/05\/IMG-20250530-WA0231.jpg",780,1040,false],"covernews-medium":["https:\/\/contextoanalisisperiodistico.com\/wp-content\/uploads\/2025\/05\/IMG-20250530-WA0231-540x340.jpg",540,340,true],"covernews-medium-square":["https:\/\/contextoanalisisperiodistico.com\/wp-content\/uploads\/2025\/05\/IMG-20250530-WA0231-400x250.jpg",400,250,true]},"author_info":{"display_name":"Mario Gir\u00f3n","author_link":"https:\/\/contextoanalisisperiodistico.com\/index.php\/author\/director\/"},"category_info":"<a href=\"https:\/\/contextoanalisisperiodistico.com\/index.php\/category\/seguridad\/\" rel=\"category tag\">Seguridad<\/a>","tag_info":"Seguridad","comment_count":"0","jetpack_featured_media_url":"https:\/\/contextoanalisisperiodistico.com\/wp-content\/uploads\/2025\/05\/IMG-20250530-WA0231.jpg","_links":{"self":[{"href":"https:\/\/contextoanalisisperiodistico.com\/index.php\/wp-json\/wp\/v2\/posts\/42081"}],"collection":[{"href":"https:\/\/contextoanalisisperiodistico.com\/index.php\/wp-json\/wp\/v2\/posts"}],"about":[{"href":"https:\/\/contextoanalisisperiodistico.com\/index.php\/wp-json\/wp\/v2\/types\/post"}],"author":[{"embeddable":true,"href":"https:\/\/contextoanalisisperiodistico.com\/index.php\/wp-json\/wp\/v2\/users\/4"}],"replies":[{"embeddable":true,"href":"https:\/\/contextoanalisisperiodistico.com\/index.php\/wp-json\/wp\/v2\/comments?post=42081"}],"version-history":[{"count":0,"href":"https:\/\/contextoanalisisperiodistico.com\/index.php\/wp-json\/wp\/v2\/posts\/42081\/revisions"}],"wp:featuredmedia":[{"embeddable":true,"href":"https:\/\/contextoanalisisperiodistico.com\/index.php\/wp-json\/wp\/v2\/media\/42080"}],"wp:attachment":[{"href":"https:\/\/contextoanalisisperiodistico.com\/index.php\/wp-json\/wp\/v2\/media?parent=42081"}],"wp:term":[{"taxonomy":"category","embeddable":true,"href":"https:\/\/contextoanalisisperiodistico.com\/index.php\/wp-json\/wp\/v2\/categories?post=42081"},{"taxonomy":"post_tag","embeddable":true,"href":"https:\/\/contextoanalisisperiodistico.com\/index.php\/wp-json\/wp\/v2\/tags?post=42081"}],"curies":[{"name":"wp","href":"https:\/\/api.w.org\/{rel}","templated":true}]}}