{"id":42079,"date":"2025-05-30T16:44:32","date_gmt":"2025-05-30T22:44:32","guid":{"rendered":"https:\/\/contextoanalisisperiodistico.com\/index.php\/2025\/05\/30\/realiza-sspc-558-acciones-estrategicas-en-beneficio-de-las-familias-oaxaquenas\/"},"modified":"2025-05-30T16:44:32","modified_gmt":"2025-05-30T22:44:32","slug":"realiza-sspc-558-acciones-estrategicas-en-beneficio-de-las-familias-oaxaquenas","status":"publish","type":"post","link":"https:\/\/contextoanalisisperiodistico.com\/index.php\/2025\/05\/30\/realiza-sspc-558-acciones-estrategicas-en-beneficio-de-las-familias-oaxaquenas\/","title":{"rendered":"Realiza SSPC 558 acciones estrat\u00e9gicas en beneficio de las familias oaxaque\u00f1as"},"content":{"rendered":"<div id=\"fb-root\"><\/div>\n\n<p>\u2022 Se trata de 270 operativos y 268 recorridos de seguridad, en los que 131 personas fueron aseguradas<\/p>\n\n\n\n<figure class=\"wp-block-image size-large\"><img fetchpriority=\"high\" decoding=\"async\" width=\"1024\" height=\"682\" src=\"https:\/\/contextoanalisisperiodistico.com\/wp-content\/uploads\/2025\/05\/img-20250530-wa01915575230860907326001-1024x682.jpg\" alt=\"\" class=\"wp-image-42078\" srcset=\"https:\/\/contextoanalisisperiodistico.com\/wp-content\/uploads\/2025\/05\/img-20250530-wa01915575230860907326001-1024x682.jpg 1024w, https:\/\/contextoanalisisperiodistico.com\/wp-content\/uploads\/2025\/05\/img-20250530-wa01915575230860907326001-300x200.jpg 300w, https:\/\/contextoanalisisperiodistico.com\/wp-content\/uploads\/2025\/05\/img-20250530-wa01915575230860907326001-768x512.jpg 768w, https:\/\/contextoanalisisperiodistico.com\/wp-content\/uploads\/2025\/05\/img-20250530-wa01915575230860907326001.jpg 1280w\" sizes=\"(max-width: 1024px) 100vw, 1024px\" \/><\/figure>\n\n\n\n<p>Oaxaca de Ju\u00e1rez, Oax. 30 de mayo de 2025.- La Secretar\u00eda de Seguridad y Protecci\u00f3n Ciudadana (SSPC) realiz\u00f3, del 22 al 28 de mayo, 558 acciones estrat\u00e9gicas que comprendieron 270 operativos y 268 recorridos de seguridad, para fortalecer la prevenci\u00f3n y vigilancia en las ocho regiones de la entidad.<\/p>\n\n\n\n<p>Como resultado de lo anterior se aseguraron: 131 personas por la presunci\u00f3n de delitos del fuero federal, fuero com\u00fan y faltas administrativas; 192 veh\u00edculos de los cuales 15 contaban con reporte de robo; 15 armas de fuego, 19 cargadores y 303 municiones; as\u00ed como, 331 mil 610 pesos en efectivo, dos b\u00e1sculas grameras, una pipa de cristal, una navaja y una pistola de juguete.<\/p>\n\n\n\n<p>En materia penitenciaria se inform\u00f3 que se facilitaron 78 audiencias virtuales en colaboraci\u00f3n con el Tribunal Superior de Justicia del Estado de Oaxaca; mientras que se registraron 3 mil 647 participaciones en actividades laborales, mil 664 en actividades deportivas, mil 265 consultas brindadas en materia de salud.<\/p>\n\n\n\n<p>Adem\u00e1s, 690 Personas Privadas de su Libertad (PPL) se encuentran inscritas en diferentes niveles educativos y 260 fueron beneficiadas con 23 cursos y talleres.<\/p>\n\n\n\n<p>De manera complementaria, se llevaron a cabo 75 revisiones y tres decomisos consistentes en el retiro de 71 sustancias y objetos prohibidos de los Centros Penitenciarios.<\/p>\n\n\n\n<p>-0-<\/p>\n","protected":false},"excerpt":{"rendered":"<p>\u2022 Se trata de 270 operativos y 268 recorridos de seguridad, en los que 131&#8230;<\/p>\n","protected":false},"author":4,"featured_media":42077,"comment_status":"","ping_status":"open","sticky":false,"template":"","format":"standard","meta":{"footnotes":""},"categories":[10],"tags":[],"jetpack_sharing_enabled":true,"featured_image_urls":{"full":["https:\/\/contextoanalisisperiodistico.com\/wp-content\/uploads\/2025\/05\/IMG-20250530-WA0192.jpg",1280,853,false],"thumbnail":["https:\/\/contextoanalisisperiodistico.com\/wp-content\/uploads\/2025\/05\/IMG-20250530-WA0192-150x150.jpg",150,150,true],"medium":["https:\/\/contextoanalisisperiodistico.com\/wp-content\/uploads\/2025\/05\/IMG-20250530-WA0192-300x200.jpg",300,200,true],"medium_large":["https:\/\/contextoanalisisperiodistico.com\/wp-content\/uploads\/2025\/05\/IMG-20250530-WA0192-768x512.jpg",640,427,true],"large":["https:\/\/contextoanalisisperiodistico.com\/wp-content\/uploads\/2025\/05\/IMG-20250530-WA0192-1024x682.jpg",640,426,true],"1536x1536":["https:\/\/contextoanalisisperiodistico.com\/wp-content\/uploads\/2025\/05\/IMG-20250530-WA0192.jpg",1280,853,false],"2048x2048":["https:\/\/contextoanalisisperiodistico.com\/wp-content\/uploads\/2025\/05\/IMG-20250530-WA0192.jpg",1280,853,false],"covernews-slider-full":["https:\/\/contextoanalisisperiodistico.com\/wp-content\/uploads\/2025\/05\/IMG-20250530-WA0192-1115x715.jpg",1115,715,true],"covernews-slider-center":["https:\/\/contextoanalisisperiodistico.com\/wp-content\/uploads\/2025\/05\/IMG-20250530-WA0192-800x500.jpg",800,500,true],"covernews-featured":["https:\/\/contextoanalisisperiodistico.com\/wp-content\/uploads\/2025\/05\/IMG-20250530-WA0192-1024x682.jpg",1024,682,true],"covernews-medium":["https:\/\/contextoanalisisperiodistico.com\/wp-content\/uploads\/2025\/05\/IMG-20250530-WA0192-540x340.jpg",540,340,true],"covernews-medium-square":["https:\/\/contextoanalisisperiodistico.com\/wp-content\/uploads\/2025\/05\/IMG-20250530-WA0192-400x250.jpg",400,250,true]},"author_info":{"display_name":"Mario Gir\u00f3n","author_link":"https:\/\/contextoanalisisperiodistico.com\/index.php\/author\/director\/"},"category_info":"<a href=\"https:\/\/contextoanalisisperiodistico.com\/index.php\/category\/seguridad\/\" rel=\"category tag\">Seguridad<\/a>","tag_info":"Seguridad","comment_count":"0","jetpack_featured_media_url":"https:\/\/contextoanalisisperiodistico.com\/wp-content\/uploads\/2025\/05\/IMG-20250530-WA0192.jpg","_links":{"self":[{"href":"https:\/\/contextoanalisisperiodistico.com\/index.php\/wp-json\/wp\/v2\/posts\/42079"}],"collection":[{"href":"https:\/\/contextoanalisisperiodistico.com\/index.php\/wp-json\/wp\/v2\/posts"}],"about":[{"href":"https:\/\/contextoanalisisperiodistico.com\/index.php\/wp-json\/wp\/v2\/types\/post"}],"author":[{"embeddable":true,"href":"https:\/\/contextoanalisisperiodistico.com\/index.php\/wp-json\/wp\/v2\/users\/4"}],"replies":[{"embeddable":true,"href":"https:\/\/contextoanalisisperiodistico.com\/index.php\/wp-json\/wp\/v2\/comments?post=42079"}],"version-history":[{"count":0,"href":"https:\/\/contextoanalisisperiodistico.com\/index.php\/wp-json\/wp\/v2\/posts\/42079\/revisions"}],"wp:featuredmedia":[{"embeddable":true,"href":"https:\/\/contextoanalisisperiodistico.com\/index.php\/wp-json\/wp\/v2\/media\/42077"}],"wp:attachment":[{"href":"https:\/\/contextoanalisisperiodistico.com\/index.php\/wp-json\/wp\/v2\/media?parent=42079"}],"wp:term":[{"taxonomy":"category","embeddable":true,"href":"https:\/\/contextoanalisisperiodistico.com\/index.php\/wp-json\/wp\/v2\/categories?post=42079"},{"taxonomy":"post_tag","embeddable":true,"href":"https:\/\/contextoanalisisperiodistico.com\/index.php\/wp-json\/wp\/v2\/tags?post=42079"}],"curies":[{"name":"wp","href":"https:\/\/api.w.org\/{rel}","templated":true}]}}