{"id":42068,"date":"2025-05-30T15:23:52","date_gmt":"2025-05-30T21:23:52","guid":{"rendered":"https:\/\/contextoanalisisperiodistico.com\/index.php\/2025\/05\/30\/medicina-occidental-y-tradicional-binomio-esencial-para-una-salud-publica-intercultural-en-el-istmo\/"},"modified":"2025-05-30T15:23:52","modified_gmt":"2025-05-30T21:23:52","slug":"medicina-occidental-y-tradicional-binomio-esencial-para-una-salud-publica-intercultural-en-el-istmo","status":"publish","type":"post","link":"https:\/\/contextoanalisisperiodistico.com\/index.php\/2025\/05\/30\/medicina-occidental-y-tradicional-binomio-esencial-para-una-salud-publica-intercultural-en-el-istmo\/","title":{"rendered":"Medicina occidental y tradicional: binomio esencial para una salud p\u00fablica intercultural en el Istmo"},"content":{"rendered":"<div id=\"fb-root\"><\/div>\n\n<p>\u2022 La atenci\u00f3n materna se fortalece con 345 comadronas en comunidades rurales, con respeto a los saberes ancestrales<\/p>\n\n\n\n<figure class=\"wp-block-image size-large\"><img fetchpriority=\"high\" decoding=\"async\" width=\"800\" height=\"533\" src=\"https:\/\/contextoanalisisperiodistico.com\/wp-content\/uploads\/2025\/05\/img-20250530-wa01622866838751416582845.jpg\" alt=\"\" class=\"wp-image-42066\" srcset=\"https:\/\/contextoanalisisperiodistico.com\/wp-content\/uploads\/2025\/05\/img-20250530-wa01622866838751416582845.jpg 800w, https:\/\/contextoanalisisperiodistico.com\/wp-content\/uploads\/2025\/05\/img-20250530-wa01622866838751416582845-300x200.jpg 300w, https:\/\/contextoanalisisperiodistico.com\/wp-content\/uploads\/2025\/05\/img-20250530-wa01622866838751416582845-768x512.jpg 768w\" sizes=\"(max-width: 800px) 100vw, 800px\" \/><\/figure>\n\n\n\n<figure class=\"wp-block-image\"><img decoding=\"async\" width=\"300\" height=\"225\" src=\"https:\/\/contextoanalisisperiodistico.com\/wp-content\/uploads\/2025\/05\/img-20250530-wa01595315323157278426772-300x225.jpg\" alt=\"\" class=\"wp-image-42065\" srcset=\"https:\/\/contextoanalisisperiodistico.com\/wp-content\/uploads\/2025\/05\/img-20250530-wa01595315323157278426772-300x225.jpg 300w, https:\/\/contextoanalisisperiodistico.com\/wp-content\/uploads\/2025\/05\/img-20250530-wa01595315323157278426772-768x576.jpg 768w, https:\/\/contextoanalisisperiodistico.com\/wp-content\/uploads\/2025\/05\/img-20250530-wa01595315323157278426772.jpg 800w\" sizes=\"(max-width: 300px) 100vw, 300px\" \/><\/figure>\n\n\n\n<figure class=\"wp-block-image\"><img decoding=\"async\" width=\"300\" height=\"182\" src=\"https:\/\/contextoanalisisperiodistico.com\/wp-content\/uploads\/2025\/05\/img-20250530-wa0160752029629377709817-300x182.jpg\" alt=\"\" class=\"wp-image-42067\" srcset=\"https:\/\/contextoanalisisperiodistico.com\/wp-content\/uploads\/2025\/05\/img-20250530-wa0160752029629377709817-300x182.jpg 300w, https:\/\/contextoanalisisperiodistico.com\/wp-content\/uploads\/2025\/05\/img-20250530-wa0160752029629377709817-768x466.jpg 768w, https:\/\/contextoanalisisperiodistico.com\/wp-content\/uploads\/2025\/05\/img-20250530-wa0160752029629377709817.jpg 800w\" sizes=\"(max-width: 300px) 100vw, 300px\" \/><\/figure>\n\n\n\n<p>Heroica Ciudad de Juchit\u00e1n de Zaragoza, Oax. 29 de mayo de 2025.- En las comunidades del Istmo de Tehuantepec, donde la cultura y la identidad se entretejen, la salud p\u00fablica ha encontrado un camino poderoso: el di\u00e1logo entre la medicina occidental y la sabidur\u00eda ancestral de las parteras tradicionales.<\/p>\n\n\n\n<p>As\u00ed lo demuestra el trabajo incansable de Amanda Toledo P\u00e9rez, enfermera con m\u00e1s de 34 a\u00f1os de servicio, quien desde hace 15 a\u00f1os lidera el programa de Parteras Tradicionales y Tamiz Neonatal en la Jurisdicci\u00f3n Sanitaria 2 Istmo de Servicios de Salud de Oaxaca (SSO).<\/p>\n\n\n\n<p>A lo largo de su trayectoria, Amanda ha promovido un modelo de atenci\u00f3n materna e infantil que reconoce, respeta y fortalece el rol fundamental de las comadronas en sus comunidades.<\/p>\n\n\n\n<p>\u201cEl intercambio de saberes entre la medicina institucional y la tradicional es clave para garantizar una atenci\u00f3n culturalmente sensible, humana y segura\u201d, destaca Toledo P\u00e9rez, madre de dos hijos y formadora de generaciones de mujeres sabias que hoy asisten partos, detectan se\u00f1ales de alerta y salvan vidas en las regiones m\u00e1s apartadas.<\/p>\n\n\n\n<p>Actualmente, el Istmo cuenta con un censo activo de 345 comadronas, originarias de municipios como San Mateo del Mar, Santa Mar\u00eda Xadani, Guevea de Humboldt, Santa Mar\u00eda Guienagati, San Pedro Huamelula y otras localidades, quienes participan en encuentros comunitarios de aprendizaje compartido.<\/p>\n\n\n\n<p>En estos espacios se abordan temas clave como planificaci\u00f3n familiar, control prenatal, atenci\u00f3n del parto y prevenci\u00f3n de riesgos, bajo un enfoque que articula el respeto por la cosmovisi\u00f3n ind\u00edgena con la actualizaci\u00f3n m\u00e9dica.<\/p>\n\n\n\n<p>La labor de estas guardianas de vida ha trascendido fronteras. Amanda y varias parteras tradicionales del Istmo han compartido su experiencia en foros internacionales en Canad\u00e1, Colombia, Per\u00fa y Holanda; donde su modelo ha sido reconocido como una buena pr\u00e1ctica de salud intercultural.<\/p>\n\n\n\n<p>Desde los Servicios de Salud de Oaxaca (SSO) se reconoce la contribuci\u00f3n invaluable de las parteras tradicionales en la protecci\u00f3n de la salud materna e infantil. Su labor fortalece la red m\u00e9dica, como un componente esencial para alcanzar una atenci\u00f3n intercultural, digna y con pertinencia comunitaria.<\/p>\n\n\n\n<p>\u201cLos di\u00e1logos de saberes no imponen, proponen. Son espacios donde las soluciones nacen de las voces de las propias comunidades\u201d, subraya Amanda, convencida de que el respeto mutuo y la construcci\u00f3n colectiva son el camino para reducir la mortalidad materna y fortalecer el tejido social.<\/p>\n\n\n\n<p>Hoy, el binomio entre la medicina occidental y la tradicional no es una aspiraci\u00f3n futura, sino una realidad viva y transformadora que florece en el coraz\u00f3n del Istmo.<\/p>\n\n\n\n<p>-0-<\/p>\n","protected":false},"excerpt":{"rendered":"<p>\u2022 La atenci\u00f3n materna se fortalece con 345 comadronas en comunidades rurales, con respeto a&#8230;<\/p>\n","protected":false},"author":4,"featured_media":42064,"comment_status":"","ping_status":"open","sticky":false,"template":"","format":"standard","meta":{"footnotes":""},"categories":[92],"tags":[],"jetpack_sharing_enabled":true,"featured_image_urls":{"full":["https:\/\/contextoanalisisperiodistico.com\/wp-content\/uploads\/2025\/05\/IMG-20250530-WA0161.jpg",800,533,false],"thumbnail":["https:\/\/contextoanalisisperiodistico.com\/wp-content\/uploads\/2025\/05\/IMG-20250530-WA0161-150x150.jpg",150,150,true],"medium":["https:\/\/contextoanalisisperiodistico.com\/wp-content\/uploads\/2025\/05\/IMG-20250530-WA0161-300x200.jpg",300,200,true],"medium_large":["https:\/\/contextoanalisisperiodistico.com\/wp-content\/uploads\/2025\/05\/IMG-20250530-WA0161-768x512.jpg",640,427,true],"large":["https:\/\/contextoanalisisperiodistico.com\/wp-content\/uploads\/2025\/05\/IMG-20250530-WA0161.jpg",640,426,false],"1536x1536":["https:\/\/contextoanalisisperiodistico.com\/wp-content\/uploads\/2025\/05\/IMG-20250530-WA0161.jpg",800,533,false],"2048x2048":["https:\/\/contextoanalisisperiodistico.com\/wp-content\/uploads\/2025\/05\/IMG-20250530-WA0161.jpg",800,533,false],"covernews-slider-full":["https:\/\/contextoanalisisperiodistico.com\/wp-content\/uploads\/2025\/05\/IMG-20250530-WA0161.jpg",800,533,false],"covernews-slider-center":["https:\/\/contextoanalisisperiodistico.com\/wp-content\/uploads\/2025\/05\/IMG-20250530-WA0161-800x500.jpg",800,500,true],"covernews-featured":["https:\/\/contextoanalisisperiodistico.com\/wp-content\/uploads\/2025\/05\/IMG-20250530-WA0161.jpg",800,533,false],"covernews-medium":["https:\/\/contextoanalisisperiodistico.com\/wp-content\/uploads\/2025\/05\/IMG-20250530-WA0161-540x340.jpg",540,340,true],"covernews-medium-square":["https:\/\/contextoanalisisperiodistico.com\/wp-content\/uploads\/2025\/05\/IMG-20250530-WA0161-400x250.jpg",400,250,true]},"author_info":{"display_name":"Mario Gir\u00f3n","author_link":"https:\/\/contextoanalisisperiodistico.com\/index.php\/author\/director\/"},"category_info":"<a href=\"https:\/\/contextoanalisisperiodistico.com\/index.php\/category\/salud\/\" rel=\"category tag\">Salud<\/a>","tag_info":"Salud","comment_count":"0","jetpack_featured_media_url":"https:\/\/contextoanalisisperiodistico.com\/wp-content\/uploads\/2025\/05\/IMG-20250530-WA0161.jpg","_links":{"self":[{"href":"https:\/\/contextoanalisisperiodistico.com\/index.php\/wp-json\/wp\/v2\/posts\/42068"}],"collection":[{"href":"https:\/\/contextoanalisisperiodistico.com\/index.php\/wp-json\/wp\/v2\/posts"}],"about":[{"href":"https:\/\/contextoanalisisperiodistico.com\/index.php\/wp-json\/wp\/v2\/types\/post"}],"author":[{"embeddable":true,"href":"https:\/\/contextoanalisisperiodistico.com\/index.php\/wp-json\/wp\/v2\/users\/4"}],"replies":[{"embeddable":true,"href":"https:\/\/contextoanalisisperiodistico.com\/index.php\/wp-json\/wp\/v2\/comments?post=42068"}],"version-history":[{"count":0,"href":"https:\/\/contextoanalisisperiodistico.com\/index.php\/wp-json\/wp\/v2\/posts\/42068\/revisions"}],"wp:featuredmedia":[{"embeddable":true,"href":"https:\/\/contextoanalisisperiodistico.com\/index.php\/wp-json\/wp\/v2\/media\/42064"}],"wp:attachment":[{"href":"https:\/\/contextoanalisisperiodistico.com\/index.php\/wp-json\/wp\/v2\/media?parent=42068"}],"wp:term":[{"taxonomy":"category","embeddable":true,"href":"https:\/\/contextoanalisisperiodistico.com\/index.php\/wp-json\/wp\/v2\/categories?post=42068"},{"taxonomy":"post_tag","embeddable":true,"href":"https:\/\/contextoanalisisperiodistico.com\/index.php\/wp-json\/wp\/v2\/tags?post=42068"}],"curies":[{"name":"wp","href":"https:\/\/api.w.org\/{rel}","templated":true}]}}