{"id":42056,"date":"2025-05-30T14:05:19","date_gmt":"2025-05-30T20:05:19","guid":{"rendered":"https:\/\/contextoanalisisperiodistico.com\/index.php\/2025\/05\/30\/impulsan-inclusion-invitan-a-personal-de-sso-al-taller-de-lsm\/"},"modified":"2025-05-30T14:05:19","modified_gmt":"2025-05-30T20:05:19","slug":"impulsan-inclusion-invitan-a-personal-de-sso-al-taller-de-lsm","status":"publish","type":"post","link":"https:\/\/contextoanalisisperiodistico.com\/index.php\/2025\/05\/30\/impulsan-inclusion-invitan-a-personal-de-sso-al-taller-de-lsm\/","title":{"rendered":"Impulsan inclusi\u00f3n, invitan a personal de SSO al taller de LSM"},"content":{"rendered":"<div id=\"fb-root\"><\/div>\n\n<p>\u2022 Del 2 al 13 de junio de manera presencial, se brindar\u00e1 capacitaci\u00f3n b\u00e1sica para mejorar la atenci\u00f3n a personas sordas<\/p>\n\n\n\n<p>\u2022 Informes al n\u00famero 951 476 8068 o enviar un correo a prosabiss@gmail.com para su registro<\/p>\n\n\n\n<p>Oaxaca de Ju\u00e1rez, Oax. 30 de mayo de 2025.- A fin de construir un sistema de salud m\u00e1s incluyente, humano y accesible, el Programa de Bienestar y Salud de la Direcci\u00f3n de Innovaci\u00f3n y Calidad invita al personal de Servicios de Salud de Oaxaca (SSO) a participar en el taller Lengua de Se\u00f1as Mexicana (LSM), que se llevar\u00e1 a cabo del 2 al 13 de junio, de 11:30 a 13:30 horas, en modalidad presencial.<\/p>\n\n\n\n<p>Esta capacitaci\u00f3n busca brindar herramientas b\u00e1sicas de comunicaci\u00f3n en LSM para que el personal m\u00e9dico, administrativo y operativo pueda ofrecer una atenci\u00f3n m\u00e1s emp\u00e1tica y eficaz a personas sordas. La actividad cuenta con cupo limitado, por lo que se invita a las y los interesados solicitar informes al n\u00famero 951 476 8068 o enviar un correo a prosabiss@gmail.com para su registro.<\/p>\n\n\n\n<p>En el marco de la actual administraci\u00f3n del Gobernador Salom\u00f3n Jara Cruz y del titular de los SSO, Efr\u00e9n Emmanuel Jarqu\u00edn Gonz\u00e1lez, se ha puesto en marcha una estrategia integral para fortalecer la calidad en los servicios de salud, priorizando la inclusi\u00f3n y el respeto a la diversidad ling\u00fc\u00edstica y cultural.<\/p>\n\n\n\n<p>La Lengua de Se\u00f1as Mexicana, reconocida oficialmente como nacional y patrimonio ling\u00fc\u00edstico de M\u00e9xico, no solo permite a las personas sordas expresarse y comunicarse con plenitud, sino que tambi\u00e9n representa un puente de empat\u00eda, entendimiento y equidad.<\/p>\n\n\n\n<p>Adem\u00e1s de mejorar la atenci\u00f3n a personas con discapacidad auditiva, aprender LSM ofrece m\u00faltiples beneficios ya que estimula la inteligencia, mejora la memoria, ampl\u00eda el campo visual y fortalece la coordinaci\u00f3n f\u00edsica y mental.<\/p>\n\n\n\n<p>Este taller es m\u00e1s que una capacitaci\u00f3n, es una invitaci\u00f3n a romper barreras y a formar parte del cambio hacia un sistema de salud verdaderamente incluyente, asegur\u00f3 la dependencia.<\/p>\n\n\n\n<p>-0-<\/p>\n","protected":false},"excerpt":{"rendered":"<p>\u2022 Del 2 al 13 de junio de manera presencial, se brindar\u00e1 capacitaci\u00f3n b\u00e1sica para&#8230;<\/p>\n","protected":false},"author":4,"featured_media":42055,"comment_status":"","ping_status":"open","sticky":false,"template":"","format":"standard","meta":{"footnotes":""},"categories":[92],"tags":[],"jetpack_sharing_enabled":true,"featured_image_urls":{"full":["https:\/\/contextoanalisisperiodistico.com\/wp-content\/uploads\/2025\/05\/IMG-20250530-WA0114.jpg",900,697,false],"thumbnail":["https:\/\/contextoanalisisperiodistico.com\/wp-content\/uploads\/2025\/05\/IMG-20250530-WA0114-150x150.jpg",150,150,true],"medium":["https:\/\/contextoanalisisperiodistico.com\/wp-content\/uploads\/2025\/05\/IMG-20250530-WA0114-300x232.jpg",300,232,true],"medium_large":["https:\/\/contextoanalisisperiodistico.com\/wp-content\/uploads\/2025\/05\/IMG-20250530-WA0114-768x595.jpg",640,496,true],"large":["https:\/\/contextoanalisisperiodistico.com\/wp-content\/uploads\/2025\/05\/IMG-20250530-WA0114.jpg",640,496,false],"1536x1536":["https:\/\/contextoanalisisperiodistico.com\/wp-content\/uploads\/2025\/05\/IMG-20250530-WA0114.jpg",900,697,false],"2048x2048":["https:\/\/contextoanalisisperiodistico.com\/wp-content\/uploads\/2025\/05\/IMG-20250530-WA0114.jpg",900,697,false],"covernews-slider-full":["https:\/\/contextoanalisisperiodistico.com\/wp-content\/uploads\/2025\/05\/IMG-20250530-WA0114.jpg",900,697,false],"covernews-slider-center":["https:\/\/contextoanalisisperiodistico.com\/wp-content\/uploads\/2025\/05\/IMG-20250530-WA0114-800x500.jpg",800,500,true],"covernews-featured":["https:\/\/contextoanalisisperiodistico.com\/wp-content\/uploads\/2025\/05\/IMG-20250530-WA0114.jpg",900,697,false],"covernews-medium":["https:\/\/contextoanalisisperiodistico.com\/wp-content\/uploads\/2025\/05\/IMG-20250530-WA0114-540x340.jpg",540,340,true],"covernews-medium-square":["https:\/\/contextoanalisisperiodistico.com\/wp-content\/uploads\/2025\/05\/IMG-20250530-WA0114-400x250.jpg",400,250,true]},"author_info":{"display_name":"Mario Gir\u00f3n","author_link":"https:\/\/contextoanalisisperiodistico.com\/index.php\/author\/director\/"},"category_info":"<a href=\"https:\/\/contextoanalisisperiodistico.com\/index.php\/category\/salud\/\" rel=\"category tag\">Salud<\/a>","tag_info":"Salud","comment_count":"0","jetpack_featured_media_url":"https:\/\/contextoanalisisperiodistico.com\/wp-content\/uploads\/2025\/05\/IMG-20250530-WA0114.jpg","_links":{"self":[{"href":"https:\/\/contextoanalisisperiodistico.com\/index.php\/wp-json\/wp\/v2\/posts\/42056"}],"collection":[{"href":"https:\/\/contextoanalisisperiodistico.com\/index.php\/wp-json\/wp\/v2\/posts"}],"about":[{"href":"https:\/\/contextoanalisisperiodistico.com\/index.php\/wp-json\/wp\/v2\/types\/post"}],"author":[{"embeddable":true,"href":"https:\/\/contextoanalisisperiodistico.com\/index.php\/wp-json\/wp\/v2\/users\/4"}],"replies":[{"embeddable":true,"href":"https:\/\/contextoanalisisperiodistico.com\/index.php\/wp-json\/wp\/v2\/comments?post=42056"}],"version-history":[{"count":0,"href":"https:\/\/contextoanalisisperiodistico.com\/index.php\/wp-json\/wp\/v2\/posts\/42056\/revisions"}],"wp:featuredmedia":[{"embeddable":true,"href":"https:\/\/contextoanalisisperiodistico.com\/index.php\/wp-json\/wp\/v2\/media\/42055"}],"wp:attachment":[{"href":"https:\/\/contextoanalisisperiodistico.com\/index.php\/wp-json\/wp\/v2\/media?parent=42056"}],"wp:term":[{"taxonomy":"category","embeddable":true,"href":"https:\/\/contextoanalisisperiodistico.com\/index.php\/wp-json\/wp\/v2\/categories?post=42056"},{"taxonomy":"post_tag","embeddable":true,"href":"https:\/\/contextoanalisisperiodistico.com\/index.php\/wp-json\/wp\/v2\/tags?post=42056"}],"curies":[{"name":"wp","href":"https:\/\/api.w.org\/{rel}","templated":true}]}}