{"id":42053,"date":"2025-05-30T14:02:08","date_gmt":"2025-05-30T20:02:08","guid":{"rendered":"https:\/\/contextoanalisisperiodistico.com\/index.php\/2025\/05\/30\/oaxaca-de-juarez-epicentro-del-dialogo-por-un-cafe-con-justicia-social\/"},"modified":"2025-05-30T14:02:08","modified_gmt":"2025-05-30T20:02:08","slug":"oaxaca-de-juarez-epicentro-del-dialogo-por-un-cafe-con-justicia-social","status":"publish","type":"post","link":"https:\/\/contextoanalisisperiodistico.com\/index.php\/2025\/05\/30\/oaxaca-de-juarez-epicentro-del-dialogo-por-un-cafe-con-justicia-social\/","title":{"rendered":"Oaxaca de Ju\u00e1rez, epicentro del di\u00e1logo por un caf\u00e9 con justicia social"},"content":{"rendered":"<div id=\"fb-root\"><\/div>\n\n<ul class=\"wp-block-list\">\n<li>Junto al Gobernador Salom\u00f3n Jara Cruz, Ray Chagoya participa en la Convenci\u00f3n del Caf\u00e9 Oaxaque\u00f1o 2025 para fortalecer la econom\u00eda del campo con trato directo y precio justo<\/li>\n<\/ul>\n\n\n\n<figure class=\"wp-block-image size-large\"><img fetchpriority=\"high\" decoding=\"async\" width=\"1024\" height=\"683\" src=\"https:\/\/contextoanalisisperiodistico.com\/wp-content\/uploads\/2025\/05\/img-20250530-wa01247081820075396093224-1024x683.jpg\" alt=\"\" class=\"wp-image-42050\" srcset=\"https:\/\/contextoanalisisperiodistico.com\/wp-content\/uploads\/2025\/05\/img-20250530-wa01247081820075396093224-1024x683.jpg 1024w, https:\/\/contextoanalisisperiodistico.com\/wp-content\/uploads\/2025\/05\/img-20250530-wa01247081820075396093224-300x200.jpg 300w, https:\/\/contextoanalisisperiodistico.com\/wp-content\/uploads\/2025\/05\/img-20250530-wa01247081820075396093224-768x512.jpg 768w, https:\/\/contextoanalisisperiodistico.com\/wp-content\/uploads\/2025\/05\/img-20250530-wa01247081820075396093224-1536x1025.jpg 1536w, https:\/\/contextoanalisisperiodistico.com\/wp-content\/uploads\/2025\/05\/img-20250530-wa01247081820075396093224.jpg 2000w\" sizes=\"(max-width: 1024px) 100vw, 1024px\" \/><\/figure>\n\n\n\n<figure class=\"wp-block-image\"><img decoding=\"async\" width=\"1024\" height=\"684\" src=\"https:\/\/contextoanalisisperiodistico.com\/wp-content\/uploads\/2025\/05\/img-20250530-wa01231455975283025975213-1024x684.jpg\" alt=\"\" class=\"wp-image-42051\" srcset=\"https:\/\/contextoanalisisperiodistico.com\/wp-content\/uploads\/2025\/05\/img-20250530-wa01231455975283025975213-1024x684.jpg 1024w, https:\/\/contextoanalisisperiodistico.com\/wp-content\/uploads\/2025\/05\/img-20250530-wa01231455975283025975213-300x200.jpg 300w, https:\/\/contextoanalisisperiodistico.com\/wp-content\/uploads\/2025\/05\/img-20250530-wa01231455975283025975213-768x513.jpg 768w, https:\/\/contextoanalisisperiodistico.com\/wp-content\/uploads\/2025\/05\/img-20250530-wa01231455975283025975213-1536x1025.jpg 1536w, https:\/\/contextoanalisisperiodistico.com\/wp-content\/uploads\/2025\/05\/img-20250530-wa01231455975283025975213.jpg 1600w\" sizes=\"(max-width: 1024px) 100vw, 1024px\" \/><\/figure>\n\n\n\n<figure class=\"wp-block-image\"><img decoding=\"async\" width=\"1024\" height=\"683\" src=\"https:\/\/contextoanalisisperiodistico.com\/wp-content\/uploads\/2025\/05\/img-20250530-wa01252075871447647475664-1024x683.jpg\" alt=\"\" class=\"wp-image-42052\" srcset=\"https:\/\/contextoanalisisperiodistico.com\/wp-content\/uploads\/2025\/05\/img-20250530-wa01252075871447647475664-1024x683.jpg 1024w, https:\/\/contextoanalisisperiodistico.com\/wp-content\/uploads\/2025\/05\/img-20250530-wa01252075871447647475664-300x200.jpg 300w, https:\/\/contextoanalisisperiodistico.com\/wp-content\/uploads\/2025\/05\/img-20250530-wa01252075871447647475664-768x512.jpg 768w, https:\/\/contextoanalisisperiodistico.com\/wp-content\/uploads\/2025\/05\/img-20250530-wa01252075871447647475664-1536x1025.jpg 1536w, https:\/\/contextoanalisisperiodistico.com\/wp-content\/uploads\/2025\/05\/img-20250530-wa01252075871447647475664.jpg 2000w\" sizes=\"(max-width: 1024px) 100vw, 1024px\" \/><\/figure>\n\n\n\n<p>Oaxaca de Ju\u00e1rez. 30 de mayo de 2025.- El presidente municipal de Oaxaca de Ju\u00e1rez, Ray Chagoya, particip\u00f3 este viernes en la Convenci\u00f3n del Caf\u00e9 Oaxaque\u00f1o 2025 \u201cTrato Directo y Precio Justo\u201d, celebrada en la Plaza de la Danza y organizada por la Secretar\u00eda de Fomento Agroalimentario y Desarrollo Rural del Estado (SEFADER).<\/p>\n\n\n\n<p>En este encuentro, que cont\u00f3 con la presencia del gobernador del estado, Salom\u00f3n Jara Cruz y Julio Berdegu\u00e9 Sacrist\u00e1n, Secretario de Agricultura y Desarrollo Rural del Gobierno de M\u00e9xico, se reconoci\u00f3 el valor estrat\u00e9gico del caf\u00e9 como producto que da identidad a Oaxaca y representa una fuente de sustento para miles de familias en las comunidades.<\/p>\n\n\n\n<p>Durante su intervenci\u00f3n, Ray Chagoya subray\u00f3 que el caf\u00e9 oaxaque\u00f1o no es solo un producto de exportaci\u00f3n, sino una biograf\u00eda colectiva, una historia tejida desde la tierra por quienes han hecho del cultivo una herencia cultural. \u201cDetr\u00e1s de cada grano hay una historia de trabajo, de conocimiento transmitido y de esfuerzo que debe ser reconocido\u201d, expres\u00f3.<\/p>\n\n\n\n<p>El edil capitalino reafirm\u00f3 el respaldo del gobierno municipal a las pol\u00edticas p\u00fablicas que impulsen relaciones m\u00e1s justas entre productores y consumidores, y sostuvo que Oaxaca puede y debe construir una econom\u00eda del caf\u00e9 basada en el respeto al trabajo rural y al valor cultural de sus productos.<\/p>\n\n\n\n<p>La convenci\u00f3n convoc\u00f3 a productoras, productores, cooperativas, comercializadores y representantes de los tres niveles de gobierno con el objetivo de abrir nuevos canales de di\u00e1logo y fortalecer una cadena de valor m\u00e1s equitativa.<\/p>\n\n\n\n<p>Con este tipo de encuentros, Oaxaca de Ju\u00e1rez se consolida como un punto de encuentro entre el campo y la ciudad, donde se tejen acuerdos para transformar desde el territorio y con la fuerza de sus comunidades.<\/p>\n","protected":false},"excerpt":{"rendered":"<p>Oaxaca de Ju\u00e1rez. 30 de mayo de 2025.- El presidente municipal de Oaxaca de Ju\u00e1rez,&#8230;<\/p>\n","protected":false},"author":4,"featured_media":42049,"comment_status":"","ping_status":"open","sticky":false,"template":"","format":"standard","meta":{"footnotes":""},"categories":[9],"tags":[178,235,234,45],"jetpack_sharing_enabled":true,"featured_image_urls":{"full":["https:\/\/contextoanalisisperiodistico.com\/wp-content\/uploads\/2025\/05\/IMG-20250530-WA0126.jpg",2560,1801,false],"thumbnail":["https:\/\/contextoanalisisperiodistico.com\/wp-content\/uploads\/2025\/05\/IMG-20250530-WA0126-150x150.jpg",150,150,true],"medium":["https:\/\/contextoanalisisperiodistico.com\/wp-content\/uploads\/2025\/05\/IMG-20250530-WA0126-300x211.jpg",300,211,true],"medium_large":["https:\/\/contextoanalisisperiodistico.com\/wp-content\/uploads\/2025\/05\/IMG-20250530-WA0126-768x540.jpg",640,450,true],"large":["https:\/\/contextoanalisisperiodistico.com\/wp-content\/uploads\/2025\/05\/IMG-20250530-WA0126-1024x720.jpg",640,450,true],"1536x1536":["https:\/\/contextoanalisisperiodistico.com\/wp-content\/uploads\/2025\/05\/IMG-20250530-WA0126-1536x1081.jpg",1536,1081,true],"2048x2048":["https:\/\/contextoanalisisperiodistico.com\/wp-content\/uploads\/2025\/05\/IMG-20250530-WA0126-2048x1441.jpg",2048,1441,true],"covernews-slider-full":["https:\/\/contextoanalisisperiodistico.com\/wp-content\/uploads\/2025\/05\/IMG-20250530-WA0126-1115x715.jpg",1115,715,true],"covernews-slider-center":["https:\/\/contextoanalisisperiodistico.com\/wp-content\/uploads\/2025\/05\/IMG-20250530-WA0126-800x500.jpg",800,500,true],"covernews-featured":["https:\/\/contextoanalisisperiodistico.com\/wp-content\/uploads\/2025\/05\/IMG-20250530-WA0126-1024x720.jpg",1024,720,true],"covernews-medium":["https:\/\/contextoanalisisperiodistico.com\/wp-content\/uploads\/2025\/05\/IMG-20250530-WA0126-540x340.jpg",540,340,true],"covernews-medium-square":["https:\/\/contextoanalisisperiodistico.com\/wp-content\/uploads\/2025\/05\/IMG-20250530-WA0126-400x250.jpg",400,250,true]},"author_info":{"display_name":"Mario Gir\u00f3n","author_link":"https:\/\/contextoanalisisperiodistico.com\/index.php\/author\/director\/"},"category_info":"<a href=\"https:\/\/contextoanalisisperiodistico.com\/index.php\/category\/politica\/\" rel=\"category tag\">Pol\u00edtica<\/a>","tag_info":"Pol\u00edtica","comment_count":"0","jetpack_featured_media_url":"https:\/\/contextoanalisisperiodistico.com\/wp-content\/uploads\/2025\/05\/IMG-20250530-WA0126.jpg","_links":{"self":[{"href":"https:\/\/contextoanalisisperiodistico.com\/index.php\/wp-json\/wp\/v2\/posts\/42053"}],"collection":[{"href":"https:\/\/contextoanalisisperiodistico.com\/index.php\/wp-json\/wp\/v2\/posts"}],"about":[{"href":"https:\/\/contextoanalisisperiodistico.com\/index.php\/wp-json\/wp\/v2\/types\/post"}],"author":[{"embeddable":true,"href":"https:\/\/contextoanalisisperiodistico.com\/index.php\/wp-json\/wp\/v2\/users\/4"}],"replies":[{"embeddable":true,"href":"https:\/\/contextoanalisisperiodistico.com\/index.php\/wp-json\/wp\/v2\/comments?post=42053"}],"version-history":[{"count":0,"href":"https:\/\/contextoanalisisperiodistico.com\/index.php\/wp-json\/wp\/v2\/posts\/42053\/revisions"}],"wp:featuredmedia":[{"embeddable":true,"href":"https:\/\/contextoanalisisperiodistico.com\/index.php\/wp-json\/wp\/v2\/media\/42049"}],"wp:attachment":[{"href":"https:\/\/contextoanalisisperiodistico.com\/index.php\/wp-json\/wp\/v2\/media?parent=42053"}],"wp:term":[{"taxonomy":"category","embeddable":true,"href":"https:\/\/contextoanalisisperiodistico.com\/index.php\/wp-json\/wp\/v2\/categories?post=42053"},{"taxonomy":"post_tag","embeddable":true,"href":"https:\/\/contextoanalisisperiodistico.com\/index.php\/wp-json\/wp\/v2\/tags?post=42053"}],"curies":[{"name":"wp","href":"https:\/\/api.w.org\/{rel}","templated":true}]}}