{"id":42047,"date":"2025-05-30T05:54:12","date_gmt":"2025-05-30T11:54:12","guid":{"rendered":"https:\/\/contextoanalisisperiodistico.com\/index.php\/2025\/05\/30\/policia-municipal-detiene-a-dos-personas-por-presunto-delito-de-lesiones\/"},"modified":"2025-05-30T05:54:12","modified_gmt":"2025-05-30T11:54:12","slug":"policia-municipal-detiene-a-dos-personas-por-presunto-delito-de-lesiones","status":"publish","type":"post","link":"https:\/\/contextoanalisisperiodistico.com\/index.php\/2025\/05\/30\/policia-municipal-detiene-a-dos-personas-por-presunto-delito-de-lesiones\/","title":{"rendered":"Polic\u00eda Municipal detiene a dos personas por presunto delito de lesiones"},"content":{"rendered":"<div id=\"fb-root\"><\/div>\n\n<p>Oaxaca de Ju\u00e1rez, Oax., 29 de mayo de 2025.- Personal de la Secretar\u00eda de Seguridad Vecinal realiz\u00f3 la detenci\u00f3n de dos personas al ser se\u00f1aladas como presuntas responsables del delito de lesiones.<\/p>\n\n\n\n<p>El mi\u00e9rcoles a las 20:00 horas, elementos de la Direcci\u00f3n de Proximidad Social realizaban labores de prevenci\u00f3n del delito en beneficio de las vecinas y vecinos de Oaxaca de Ju\u00e1rez en la zona del Mercado de Abasto.<\/p>\n\n\n\n<p>Al circular en el Perif\u00e9rico, frente a la pluma 2, una mujer que lloraba y presentaba crisis nerviosa, les solicit\u00f3 apoyo al indicar que, momentos antes, dos sujetos la hab\u00edan golpeado.<\/p>\n\n\n\n<p>Dijo que los hechos ocurrieron en el Pasillo de Contingencias y los presuntos responsables estaban retenidos por un grupo de personas en dicho lugar.<\/p>\n\n\n\n<p>Ante el se\u00f1alamiento directo de la afectada, procedieron a la detenci\u00f3n de quienes dijeron llamarse Irvin E. C. R., de 32 a\u00f1os de edad, y Jes\u00fas C. R., de 34 a\u00f1os de edad, mismos que quedaron a disposici\u00f3n de la Fiscal\u00eda General del Estado para determinar su situaci\u00f3n jur\u00eddica.<\/p>\n\n\n\n<p><\/p>\n\n\n\n<p><\/p>\n\n\n\n<figure class=\"wp-block-image size-large\"><img fetchpriority=\"high\" decoding=\"async\" width=\"605\" height=\"480\" src=\"https:\/\/contextoanalisisperiodistico.com\/wp-content\/uploads\/2025\/05\/img-20250529-wa01817215477723152673979.jpg\" alt=\"\" class=\"wp-image-42046\" srcset=\"https:\/\/contextoanalisisperiodistico.com\/wp-content\/uploads\/2025\/05\/img-20250529-wa01817215477723152673979.jpg 605w, https:\/\/contextoanalisisperiodistico.com\/wp-content\/uploads\/2025\/05\/img-20250529-wa01817215477723152673979-300x238.jpg 300w\" sizes=\"(max-width: 605px) 100vw, 605px\" \/><\/figure>\n","protected":false},"excerpt":{"rendered":"<p>Oaxaca de Ju\u00e1rez, Oax., 29 de mayo de 2025.- Personal de la Secretar\u00eda de Seguridad&#8230;<\/p>\n","protected":false},"author":4,"featured_media":42045,"comment_status":"","ping_status":"open","sticky":false,"template":"","format":"standard","meta":{"footnotes":""},"categories":[10],"tags":[178,235,234,45],"jetpack_sharing_enabled":true,"featured_image_urls":{"full":["https:\/\/contextoanalisisperiodistico.com\/wp-content\/uploads\/2025\/05\/IMG-20250529-WA0180.jpg",603,553,false],"thumbnail":["https:\/\/contextoanalisisperiodistico.com\/wp-content\/uploads\/2025\/05\/IMG-20250529-WA0180-150x150.jpg",150,150,true],"medium":["https:\/\/contextoanalisisperiodistico.com\/wp-content\/uploads\/2025\/05\/IMG-20250529-WA0180-300x275.jpg",300,275,true],"medium_large":["https:\/\/contextoanalisisperiodistico.com\/wp-content\/uploads\/2025\/05\/IMG-20250529-WA0180.jpg",603,553,false],"large":["https:\/\/contextoanalisisperiodistico.com\/wp-content\/uploads\/2025\/05\/IMG-20250529-WA0180.jpg",603,553,false],"1536x1536":["https:\/\/contextoanalisisperiodistico.com\/wp-content\/uploads\/2025\/05\/IMG-20250529-WA0180.jpg",603,553,false],"2048x2048":["https:\/\/contextoanalisisperiodistico.com\/wp-content\/uploads\/2025\/05\/IMG-20250529-WA0180.jpg",603,553,false],"covernews-slider-full":["https:\/\/contextoanalisisperiodistico.com\/wp-content\/uploads\/2025\/05\/IMG-20250529-WA0180.jpg",603,553,false],"covernews-slider-center":["https:\/\/contextoanalisisperiodistico.com\/wp-content\/uploads\/2025\/05\/IMG-20250529-WA0180-603x500.jpg",603,500,true],"covernews-featured":["https:\/\/contextoanalisisperiodistico.com\/wp-content\/uploads\/2025\/05\/IMG-20250529-WA0180.jpg",603,553,false],"covernews-medium":["https:\/\/contextoanalisisperiodistico.com\/wp-content\/uploads\/2025\/05\/IMG-20250529-WA0180-540x340.jpg",540,340,true],"covernews-medium-square":["https:\/\/contextoanalisisperiodistico.com\/wp-content\/uploads\/2025\/05\/IMG-20250529-WA0180-400x250.jpg",400,250,true]},"author_info":{"display_name":"Mario Gir\u00f3n","author_link":"https:\/\/contextoanalisisperiodistico.com\/index.php\/author\/director\/"},"category_info":"<a href=\"https:\/\/contextoanalisisperiodistico.com\/index.php\/category\/seguridad\/\" rel=\"category tag\">Seguridad<\/a>","tag_info":"Seguridad","comment_count":"0","jetpack_featured_media_url":"https:\/\/contextoanalisisperiodistico.com\/wp-content\/uploads\/2025\/05\/IMG-20250529-WA0180.jpg","_links":{"self":[{"href":"https:\/\/contextoanalisisperiodistico.com\/index.php\/wp-json\/wp\/v2\/posts\/42047"}],"collection":[{"href":"https:\/\/contextoanalisisperiodistico.com\/index.php\/wp-json\/wp\/v2\/posts"}],"about":[{"href":"https:\/\/contextoanalisisperiodistico.com\/index.php\/wp-json\/wp\/v2\/types\/post"}],"author":[{"embeddable":true,"href":"https:\/\/contextoanalisisperiodistico.com\/index.php\/wp-json\/wp\/v2\/users\/4"}],"replies":[{"embeddable":true,"href":"https:\/\/contextoanalisisperiodistico.com\/index.php\/wp-json\/wp\/v2\/comments?post=42047"}],"version-history":[{"count":0,"href":"https:\/\/contextoanalisisperiodistico.com\/index.php\/wp-json\/wp\/v2\/posts\/42047\/revisions"}],"wp:featuredmedia":[{"embeddable":true,"href":"https:\/\/contextoanalisisperiodistico.com\/index.php\/wp-json\/wp\/v2\/media\/42045"}],"wp:attachment":[{"href":"https:\/\/contextoanalisisperiodistico.com\/index.php\/wp-json\/wp\/v2\/media?parent=42047"}],"wp:term":[{"taxonomy":"category","embeddable":true,"href":"https:\/\/contextoanalisisperiodistico.com\/index.php\/wp-json\/wp\/v2\/categories?post=42047"},{"taxonomy":"post_tag","embeddable":true,"href":"https:\/\/contextoanalisisperiodistico.com\/index.php\/wp-json\/wp\/v2\/tags?post=42047"}],"curies":[{"name":"wp","href":"https:\/\/api.w.org\/{rel}","templated":true}]}}