{"id":42038,"date":"2025-05-29T15:46:31","date_gmt":"2025-05-29T21:46:31","guid":{"rendered":"https:\/\/contextoanalisisperiodistico.com\/index.php\/2025\/05\/29\/se-reune-ray-chagoya-con-integrantes-de-la-asociacion-de-periodistas-de-oaxaca\/"},"modified":"2025-05-29T15:46:31","modified_gmt":"2025-05-29T21:46:31","slug":"se-reune-ray-chagoya-con-integrantes-de-la-asociacion-de-periodistas-de-oaxaca","status":"publish","type":"post","link":"https:\/\/contextoanalisisperiodistico.com\/index.php\/2025\/05\/29\/se-reune-ray-chagoya-con-integrantes-de-la-asociacion-de-periodistas-de-oaxaca\/","title":{"rendered":"Se re\u00fane Ray Chagoya con integrantes de la Asociaci\u00f3n de Periodistas de Oaxaca"},"content":{"rendered":"<div id=\"fb-root\"><\/div>\n\n<ul class=\"wp-block-list\">\n<li>Libertad de expresi\u00f3n, acceso a la informaci\u00f3n y respeto al ejercicio period\u00edstico, pilares para una ciudad democr\u00e1tica<\/li>\n<\/ul>\n\n\n\n<p>Oaxaca de Ju\u00e1rez, Oax., 29 de mayo de 2025.\u2013 En el marco del 48 aniversario de la Asociaci\u00f3n de Periodistas de Oaxaca (APO), el presidente municipal de Oaxaca de Ju\u00e1rez, Ray Chagoya, sostuvo un encuentro con integrantes de su mesa directiva, a quienes reconoci\u00f3 por su labor informativa y su compromiso con la sociedad oaxaque\u00f1a.<\/p>\n\n\n\n<p>Durante la reuni\u00f3n, se reafirm\u00f3 la importancia de fortalecer los lazos entre el gobierno municipal y el sector period\u00edstico, con base en el respeto a la libertad de expresi\u00f3n, la transparencia institucional y el derecho ciudadano a estar informado.<\/p>\n\n\n\n<p>El presidente municipal destac\u00f3 que el trabajo period\u00edstico desempe\u00f1a un papel fundamental en la consolidaci\u00f3n de una ciudadan\u00eda cr\u00edtica y participativa, as\u00ed como en la construcci\u00f3n de entornos seguros y democr\u00e1ticos. Asimismo, reconoci\u00f3 los desaf\u00edos que enfrentan las y los periodistas en su labor cotidiana y reiter\u00f3 la disposici\u00f3n del Ayuntamiento para mantener una relaci\u00f3n abierta, respetuosa y colaborativa.<\/p>\n\n\n\n<p>Este acercamiento se enmarca en una pol\u00edtica de di\u00e1logo permanente con todos los sectores sociales, bajo la convicci\u00f3n de que solo a trav\u00e9s del entendimiento y la corresponsabilidad se pueden construir soluciones reales para la capital del estado.<\/p>\n\n\n\n<p>El gobierno de Oaxaca de Ju\u00e1rez reafirma su compromiso de seguir trabajando con pluralidad y respeto por la verdad, promoviendo un entorno de garant\u00edas para el ejercicio period\u00edstico libre y seguro.<\/p>\n","protected":false},"excerpt":{"rendered":"<p>Oaxaca de Ju\u00e1rez, Oax., 29 de mayo de 2025.\u2013 En el marco del 48 aniversario&#8230;<\/p>\n","protected":false},"author":4,"featured_media":42037,"comment_status":"","ping_status":"open","sticky":false,"template":"","format":"standard","meta":{"footnotes":""},"categories":[3],"tags":[178,235,234,45],"jetpack_sharing_enabled":true,"featured_image_urls":{"full":["https:\/\/contextoanalisisperiodistico.com\/wp-content\/uploads\/2025\/05\/IMG-20250529-WA0120-1.jpg",1600,1066,false],"thumbnail":["https:\/\/contextoanalisisperiodistico.com\/wp-content\/uploads\/2025\/05\/IMG-20250529-WA0120-1-150x150.jpg",150,150,true],"medium":["https:\/\/contextoanalisisperiodistico.com\/wp-content\/uploads\/2025\/05\/IMG-20250529-WA0120-1-300x200.jpg",300,200,true],"medium_large":["https:\/\/contextoanalisisperiodistico.com\/wp-content\/uploads\/2025\/05\/IMG-20250529-WA0120-1-768x512.jpg",640,427,true],"large":["https:\/\/contextoanalisisperiodistico.com\/wp-content\/uploads\/2025\/05\/IMG-20250529-WA0120-1-1024x682.jpg",640,426,true],"1536x1536":["https:\/\/contextoanalisisperiodistico.com\/wp-content\/uploads\/2025\/05\/IMG-20250529-WA0120-1-1536x1023.jpg",1536,1023,true],"2048x2048":["https:\/\/contextoanalisisperiodistico.com\/wp-content\/uploads\/2025\/05\/IMG-20250529-WA0120-1.jpg",1600,1066,false],"covernews-slider-full":["https:\/\/contextoanalisisperiodistico.com\/wp-content\/uploads\/2025\/05\/IMG-20250529-WA0120-1-1115x715.jpg",1115,715,true],"covernews-slider-center":["https:\/\/contextoanalisisperiodistico.com\/wp-content\/uploads\/2025\/05\/IMG-20250529-WA0120-1-800x500.jpg",800,500,true],"covernews-featured":["https:\/\/contextoanalisisperiodistico.com\/wp-content\/uploads\/2025\/05\/IMG-20250529-WA0120-1-1024x682.jpg",1024,682,true],"covernews-medium":["https:\/\/contextoanalisisperiodistico.com\/wp-content\/uploads\/2025\/05\/IMG-20250529-WA0120-1-540x340.jpg",540,340,true],"covernews-medium-square":["https:\/\/contextoanalisisperiodistico.com\/wp-content\/uploads\/2025\/05\/IMG-20250529-WA0120-1-400x250.jpg",400,250,true]},"author_info":{"display_name":"Mario Gir\u00f3n","author_link":"https:\/\/contextoanalisisperiodistico.com\/index.php\/author\/director\/"},"category_info":"<a href=\"https:\/\/contextoanalisisperiodistico.com\/index.php\/category\/ciudad\/\" rel=\"category tag\">Ciudad<\/a>","tag_info":"Ciudad","comment_count":"0","jetpack_featured_media_url":"https:\/\/contextoanalisisperiodistico.com\/wp-content\/uploads\/2025\/05\/IMG-20250529-WA0120-1.jpg","_links":{"self":[{"href":"https:\/\/contextoanalisisperiodistico.com\/index.php\/wp-json\/wp\/v2\/posts\/42038"}],"collection":[{"href":"https:\/\/contextoanalisisperiodistico.com\/index.php\/wp-json\/wp\/v2\/posts"}],"about":[{"href":"https:\/\/contextoanalisisperiodistico.com\/index.php\/wp-json\/wp\/v2\/types\/post"}],"author":[{"embeddable":true,"href":"https:\/\/contextoanalisisperiodistico.com\/index.php\/wp-json\/wp\/v2\/users\/4"}],"replies":[{"embeddable":true,"href":"https:\/\/contextoanalisisperiodistico.com\/index.php\/wp-json\/wp\/v2\/comments?post=42038"}],"version-history":[{"count":0,"href":"https:\/\/contextoanalisisperiodistico.com\/index.php\/wp-json\/wp\/v2\/posts\/42038\/revisions"}],"wp:featuredmedia":[{"embeddable":true,"href":"https:\/\/contextoanalisisperiodistico.com\/index.php\/wp-json\/wp\/v2\/media\/42037"}],"wp:attachment":[{"href":"https:\/\/contextoanalisisperiodistico.com\/index.php\/wp-json\/wp\/v2\/media?parent=42038"}],"wp:term":[{"taxonomy":"category","embeddable":true,"href":"https:\/\/contextoanalisisperiodistico.com\/index.php\/wp-json\/wp\/v2\/categories?post=42038"},{"taxonomy":"post_tag","embeddable":true,"href":"https:\/\/contextoanalisisperiodistico.com\/index.php\/wp-json\/wp\/v2\/tags?post=42038"}],"curies":[{"name":"wp","href":"https:\/\/api.w.org\/{rel}","templated":true}]}}