{"id":42031,"date":"2025-05-29T15:11:13","date_gmt":"2025-05-29T21:11:13","guid":{"rendered":"https:\/\/contextoanalisisperiodistico.com\/index.php\/2025\/05\/29\/oaxaca-de-juarez-implementara-ley-seca-y-reforzara-vigilancia-para-la-jornada-del-1-de-junio\/"},"modified":"2025-05-29T15:11:13","modified_gmt":"2025-05-29T21:11:13","slug":"oaxaca-de-juarez-implementara-ley-seca-y-reforzara-vigilancia-para-la-jornada-del-1-de-junio","status":"publish","type":"post","link":"https:\/\/contextoanalisisperiodistico.com\/index.php\/2025\/05\/29\/oaxaca-de-juarez-implementara-ley-seca-y-reforzara-vigilancia-para-la-jornada-del-1-de-junio\/","title":{"rendered":"Oaxaca de Ju\u00e1rez implementar\u00e1 Ley Seca y reforzar\u00e1 vigilancia para la jornada del 1 de junio"},"content":{"rendered":"<div id=\"fb-root\"><\/div>\n\n<ul class=\"wp-block-list\">\n<li>La restricci\u00f3n en venta de alcohol aplicar\u00e1 desde la madrugada del s\u00e1bado hasta el cierre de la jornada electoral<\/li>\n<\/ul>\n\n\n\n<p>Oaxaca de Ju\u00e1rez, Oax., 29 de mayo de 2025.- El Municipio de Oaxaca de Ju\u00e1rez informa que, con motivo de la jornada electoral del pr\u00f3ximo domingo 1 de junio, en la que la ciudadan\u00eda participar\u00e1 en la elecci\u00f3n de ministras, ministros, magistradas, magistrados, juezas y jueces, se implementar\u00e1n medidas para garantizar el orden, la seguridad y el desarrollo pac\u00edfico de este proceso democr\u00e1tico.<\/p>\n\n\n\n<p>Con fundamento en la normatividad vigente, se aplicar\u00e1 Ley Seca en todo el territorio municipal a partir de las 00:00 horas del s\u00e1bado 31 de mayo y hasta las 23:59 horas del domingo 1 de junio. Esta disposici\u00f3n proh\u00edbe la venta y el consumo de bebidas alcoh\u00f3licas durante el periodo se\u00f1alado.<\/p>\n\n\n\n<p>Asimismo, se reforzar\u00e1n los operativos de vigilancia en coordinaci\u00f3n con corporaciones estatales y federales, especialmente en las inmediaciones de las casillas electorales que se instalar\u00e1n en agencias, colonias y fraccionamientos del municipio.<\/p>\n\n\n\n<p>Estas acciones tienen como objetivo preservar un ambiente de tranquilidad, respeto y participaci\u00f3n ciudadana, reafirmando el compromiso del Gobierno Municipal con los principios democr\u00e1ticos y el ejercicio libre del voto.<\/p>\n\n\n\n<p>El presidente municipal, Ray Chagoya, invita a todas las vecinas y vecinos a participar con responsabilidad en esta elecci\u00f3n hist\u00f3rica, ejerciendo su derecho al voto en paz y con libertad.<\/p>\n","protected":false},"excerpt":{"rendered":"<p>Oaxaca de Ju\u00e1rez, Oax., 29 de mayo de 2025.- El Municipio de Oaxaca de Ju\u00e1rez&#8230;<\/p>\n","protected":false},"author":4,"featured_media":42030,"comment_status":"","ping_status":"open","sticky":false,"template":"","format":"standard","meta":{"footnotes":""},"categories":[3],"tags":[178,235,234,45],"jetpack_sharing_enabled":true,"featured_image_urls":{"full":["https:\/\/contextoanalisisperiodistico.com\/wp-content\/uploads\/2025\/05\/IMG-20250529-WA0112.jpg",1024,1280,false],"thumbnail":["https:\/\/contextoanalisisperiodistico.com\/wp-content\/uploads\/2025\/05\/IMG-20250529-WA0112-150x150.jpg",150,150,true],"medium":["https:\/\/contextoanalisisperiodistico.com\/wp-content\/uploads\/2025\/05\/IMG-20250529-WA0112-240x300.jpg",240,300,true],"medium_large":["https:\/\/contextoanalisisperiodistico.com\/wp-content\/uploads\/2025\/05\/IMG-20250529-WA0112-768x960.jpg",640,800,true],"large":["https:\/\/contextoanalisisperiodistico.com\/wp-content\/uploads\/2025\/05\/IMG-20250529-WA0112-819x1024.jpg",640,800,true],"1536x1536":["https:\/\/contextoanalisisperiodistico.com\/wp-content\/uploads\/2025\/05\/IMG-20250529-WA0112.jpg",1024,1280,false],"2048x2048":["https:\/\/contextoanalisisperiodistico.com\/wp-content\/uploads\/2025\/05\/IMG-20250529-WA0112.jpg",1024,1280,false],"covernews-slider-full":["https:\/\/contextoanalisisperiodistico.com\/wp-content\/uploads\/2025\/05\/IMG-20250529-WA0112-1024x715.jpg",1024,715,true],"covernews-slider-center":["https:\/\/contextoanalisisperiodistico.com\/wp-content\/uploads\/2025\/05\/IMG-20250529-WA0112-800x500.jpg",800,500,true],"covernews-featured":["https:\/\/contextoanalisisperiodistico.com\/wp-content\/uploads\/2025\/05\/IMG-20250529-WA0112.jpg",1024,1280,false],"covernews-medium":["https:\/\/contextoanalisisperiodistico.com\/wp-content\/uploads\/2025\/05\/IMG-20250529-WA0112-540x340.jpg",540,340,true],"covernews-medium-square":["https:\/\/contextoanalisisperiodistico.com\/wp-content\/uploads\/2025\/05\/IMG-20250529-WA0112-400x250.jpg",400,250,true]},"author_info":{"display_name":"Mario Gir\u00f3n","author_link":"https:\/\/contextoanalisisperiodistico.com\/index.php\/author\/director\/"},"category_info":"<a href=\"https:\/\/contextoanalisisperiodistico.com\/index.php\/category\/ciudad\/\" rel=\"category tag\">Ciudad<\/a>","tag_info":"Ciudad","comment_count":"0","jetpack_featured_media_url":"https:\/\/contextoanalisisperiodistico.com\/wp-content\/uploads\/2025\/05\/IMG-20250529-WA0112.jpg","_links":{"self":[{"href":"https:\/\/contextoanalisisperiodistico.com\/index.php\/wp-json\/wp\/v2\/posts\/42031"}],"collection":[{"href":"https:\/\/contextoanalisisperiodistico.com\/index.php\/wp-json\/wp\/v2\/posts"}],"about":[{"href":"https:\/\/contextoanalisisperiodistico.com\/index.php\/wp-json\/wp\/v2\/types\/post"}],"author":[{"embeddable":true,"href":"https:\/\/contextoanalisisperiodistico.com\/index.php\/wp-json\/wp\/v2\/users\/4"}],"replies":[{"embeddable":true,"href":"https:\/\/contextoanalisisperiodistico.com\/index.php\/wp-json\/wp\/v2\/comments?post=42031"}],"version-history":[{"count":0,"href":"https:\/\/contextoanalisisperiodistico.com\/index.php\/wp-json\/wp\/v2\/posts\/42031\/revisions"}],"wp:featuredmedia":[{"embeddable":true,"href":"https:\/\/contextoanalisisperiodistico.com\/index.php\/wp-json\/wp\/v2\/media\/42030"}],"wp:attachment":[{"href":"https:\/\/contextoanalisisperiodistico.com\/index.php\/wp-json\/wp\/v2\/media?parent=42031"}],"wp:term":[{"taxonomy":"category","embeddable":true,"href":"https:\/\/contextoanalisisperiodistico.com\/index.php\/wp-json\/wp\/v2\/categories?post=42031"},{"taxonomy":"post_tag","embeddable":true,"href":"https:\/\/contextoanalisisperiodistico.com\/index.php\/wp-json\/wp\/v2\/tags?post=42031"}],"curies":[{"name":"wp","href":"https:\/\/api.w.org\/{rel}","templated":true}]}}