{"id":42017,"date":"2025-05-29T15:06:24","date_gmt":"2025-05-29T21:06:24","guid":{"rendered":"https:\/\/contextoanalisisperiodistico.com\/?p=42017"},"modified":"2025-05-29T15:06:58","modified_gmt":"2025-05-29T21:06:58","slug":"oaxaca-de-juarez-refuerza-seguridad-peatonal-con-rehabilitacion-del-andador-del-sol","status":"publish","type":"post","link":"https:\/\/contextoanalisisperiodistico.com\/index.php\/2025\/05\/29\/oaxaca-de-juarez-refuerza-seguridad-peatonal-con-rehabilitacion-del-andador-del-sol\/","title":{"rendered":"Oaxaca de Ju\u00e1rez refuerza seguridad peatonal con rehabilitaci\u00f3n del Andador del Sol"},"content":{"rendered":"<div id=\"fb-root\"><\/div>\n\n<p>\u2022 Tras colapso estructural se rehabilita esta importante v\u00eda peatonal en Trinidad de las Huertas<\/p>\n\n\n\n<p>Oaxaca de Ju\u00e1rez, Oax., 29 de mayo de 2025.\u2013 Por instrucci\u00f3n del presidente municipal Ray Chagoya, el Ayuntamiento de Oaxaca de Ju\u00e1rez inici\u00f3 trabajos de rehabilitaci\u00f3n en el Andador del Sol, ubicado en la zona de Trinidad de las Huertas, luego del colapso parcial registrado en d\u00edas recientes.<\/p>\n\n\n\n<p>Este paso peatonal, que tambi\u00e9n funciona como canal pluvial, present\u00f3 un colapso en su estructura tras a\u00f1os de deterioro acumulado. La situaci\u00f3n representaba un riesgo directo para quienes transitan a pie por la zona de Trinidad de las Huertas y San Jos\u00e9 La Noria.<\/p>\n\n\n\n<p>La intervenci\u00f3n fue priorizada como una medida de seguridad p\u00fablica, resultado de las mesas de di\u00e1logo con vecinas y vecinos, quienes alertaron de manera oportuna sobre el da\u00f1o.<\/p>\n\n\n\n<p>Las labores son coordinadas por la Secretar\u00eda de Obras P\u00fablicas y Desarrollo Urbano de Oaxaca de Ju\u00e1rez y buscan garantizar un tr\u00e1nsito seguro, prevenir accidentes y fortalecer la infraestructura urbana en una de las zonas m\u00e1s transitadas del sur de la ciudad.<\/p>\n\n\n\n<p>Por su parte, elementos de movilidad establecieron un operativo para agilizar la vialidad en la calle Huerto Los Ciruelos y garantizar la seguridad de los peatones.<\/p>\n\n\n\n<p>Con estas acciones, el gobierno municipal reafirma su compromiso de actuar con responsabilidad, escuchando a la ciudadan\u00eda y atendiendo con prontitud los puntos cr\u00edticos que comprometen la seguridad y el bienestar de las familias oaxaque\u00f1as.<\/p>\n\n\n\n<figure class=\"wp-block-image size-large\"><img fetchpriority=\"high\" decoding=\"async\" width=\"720\" height=\"692\" src=\"https:\/\/contextoanalisisperiodistico.com\/wp-content\/uploads\/2025\/05\/img_20250529_1237484576708258250939181.jpg\" alt=\"\" class=\"wp-image-42019\" srcset=\"https:\/\/contextoanalisisperiodistico.com\/wp-content\/uploads\/2025\/05\/img_20250529_1237484576708258250939181.jpg 720w, https:\/\/contextoanalisisperiodistico.com\/wp-content\/uploads\/2025\/05\/img_20250529_1237484576708258250939181-300x288.jpg 300w\" sizes=\"(max-width: 720px) 100vw, 720px\" \/><\/figure>\n\n\n\n<figure class=\"wp-block-image\"><img decoding=\"async\" width=\"1024\" height=\"767\" src=\"https:\/\/contextoanalisisperiodistico.com\/wp-content\/uploads\/2025\/05\/img-20250529-wa00911773574850234616658-1024x767.jpg\" alt=\"\" class=\"wp-image-42023\" srcset=\"https:\/\/contextoanalisisperiodistico.com\/wp-content\/uploads\/2025\/05\/img-20250529-wa00911773574850234616658-1024x767.jpg 1024w, https:\/\/contextoanalisisperiodistico.com\/wp-content\/uploads\/2025\/05\/img-20250529-wa00911773574850234616658-300x225.jpg 300w, https:\/\/contextoanalisisperiodistico.com\/wp-content\/uploads\/2025\/05\/img-20250529-wa00911773574850234616658-768x575.jpg 768w, https:\/\/contextoanalisisperiodistico.com\/wp-content\/uploads\/2025\/05\/img-20250529-wa00911773574850234616658-1536x1150.jpg 1536w, https:\/\/contextoanalisisperiodistico.com\/wp-content\/uploads\/2025\/05\/img-20250529-wa00911773574850234616658.jpg 2000w\" sizes=\"(max-width: 1024px) 100vw, 1024px\" \/><\/figure>\n\n\n\n<figure class=\"wp-block-image\"><img decoding=\"async\" width=\"1024\" height=\"767\" src=\"https:\/\/contextoanalisisperiodistico.com\/wp-content\/uploads\/2025\/05\/img-20250529-wa00908613581634583823938-1024x767.jpg\" alt=\"\" class=\"wp-image-42021\" srcset=\"https:\/\/contextoanalisisperiodistico.com\/wp-content\/uploads\/2025\/05\/img-20250529-wa00908613581634583823938-1024x767.jpg 1024w, https:\/\/contextoanalisisperiodistico.com\/wp-content\/uploads\/2025\/05\/img-20250529-wa00908613581634583823938-300x225.jpg 300w, https:\/\/contextoanalisisperiodistico.com\/wp-content\/uploads\/2025\/05\/img-20250529-wa00908613581634583823938-768x575.jpg 768w, https:\/\/contextoanalisisperiodistico.com\/wp-content\/uploads\/2025\/05\/img-20250529-wa00908613581634583823938-1536x1150.jpg 1536w, https:\/\/contextoanalisisperiodistico.com\/wp-content\/uploads\/2025\/05\/img-20250529-wa00908613581634583823938.jpg 2000w\" sizes=\"(max-width: 1024px) 100vw, 1024px\" \/><\/figure>\n\n\n\n<figure class=\"wp-block-image\"><img loading=\"lazy\" decoding=\"async\" width=\"1024\" height=\"767\" src=\"https:\/\/contextoanalisisperiodistico.com\/wp-content\/uploads\/2025\/05\/img-20250529-wa00895024751385756449036-1024x767.jpg\" alt=\"\" class=\"wp-image-42022\" srcset=\"https:\/\/contextoanalisisperiodistico.com\/wp-content\/uploads\/2025\/05\/img-20250529-wa00895024751385756449036-1024x767.jpg 1024w, https:\/\/contextoanalisisperiodistico.com\/wp-content\/uploads\/2025\/05\/img-20250529-wa00895024751385756449036-300x225.jpg 300w, https:\/\/contextoanalisisperiodistico.com\/wp-content\/uploads\/2025\/05\/img-20250529-wa00895024751385756449036-768x575.jpg 768w, https:\/\/contextoanalisisperiodistico.com\/wp-content\/uploads\/2025\/05\/img-20250529-wa00895024751385756449036-1536x1150.jpg 1536w, https:\/\/contextoanalisisperiodistico.com\/wp-content\/uploads\/2025\/05\/img-20250529-wa00895024751385756449036.jpg 2000w\" sizes=\"(max-width: 1024px) 100vw, 1024px\" \/><\/figure>\n\n\n\n<figure class=\"wp-block-image\"><img loading=\"lazy\" decoding=\"async\" width=\"1024\" height=\"767\" src=\"https:\/\/contextoanalisisperiodistico.com\/wp-content\/uploads\/2025\/05\/img-20250529-wa00847716450649102522748-1024x767.jpg\" alt=\"\" class=\"wp-image-42020\" srcset=\"https:\/\/contextoanalisisperiodistico.com\/wp-content\/uploads\/2025\/05\/img-20250529-wa00847716450649102522748-1024x767.jpg 1024w, https:\/\/contextoanalisisperiodistico.com\/wp-content\/uploads\/2025\/05\/img-20250529-wa00847716450649102522748-300x225.jpg 300w, https:\/\/contextoanalisisperiodistico.com\/wp-content\/uploads\/2025\/05\/img-20250529-wa00847716450649102522748-768x575.jpg 768w, https:\/\/contextoanalisisperiodistico.com\/wp-content\/uploads\/2025\/05\/img-20250529-wa00847716450649102522748-1536x1150.jpg 1536w, https:\/\/contextoanalisisperiodistico.com\/wp-content\/uploads\/2025\/05\/img-20250529-wa00847716450649102522748.jpg 2000w\" sizes=\"(max-width: 1024px) 100vw, 1024px\" \/><\/figure>\n\n\n\n<figure class=\"wp-block-image\"><img loading=\"lazy\" decoding=\"async\" width=\"1024\" height=\"767\" src=\"https:\/\/contextoanalisisperiodistico.com\/wp-content\/uploads\/2025\/05\/img-20250529-wa00871429749908570203612-1024x767.jpg\" alt=\"\" class=\"wp-image-42024\" srcset=\"https:\/\/contextoanalisisperiodistico.com\/wp-content\/uploads\/2025\/05\/img-20250529-wa00871429749908570203612-1024x767.jpg 1024w, https:\/\/contextoanalisisperiodistico.com\/wp-content\/uploads\/2025\/05\/img-20250529-wa00871429749908570203612-300x225.jpg 300w, https:\/\/contextoanalisisperiodistico.com\/wp-content\/uploads\/2025\/05\/img-20250529-wa00871429749908570203612-768x575.jpg 768w, https:\/\/contextoanalisisperiodistico.com\/wp-content\/uploads\/2025\/05\/img-20250529-wa00871429749908570203612-1536x1150.jpg 1536w, https:\/\/contextoanalisisperiodistico.com\/wp-content\/uploads\/2025\/05\/img-20250529-wa00871429749908570203612.jpg 2000w\" sizes=\"(max-width: 1024px) 100vw, 1024px\" \/><\/figure>\n\n\n\n<figure class=\"wp-block-image\"><img loading=\"lazy\" decoding=\"async\" width=\"1024\" height=\"767\" src=\"https:\/\/contextoanalisisperiodistico.com\/wp-content\/uploads\/2025\/05\/img-20250529-wa00885169480704276581891-1024x767.jpg\" alt=\"\" class=\"wp-image-42026\" srcset=\"https:\/\/contextoanalisisperiodistico.com\/wp-content\/uploads\/2025\/05\/img-20250529-wa00885169480704276581891-1024x767.jpg 1024w, https:\/\/contextoanalisisperiodistico.com\/wp-content\/uploads\/2025\/05\/img-20250529-wa00885169480704276581891-300x225.jpg 300w, https:\/\/contextoanalisisperiodistico.com\/wp-content\/uploads\/2025\/05\/img-20250529-wa00885169480704276581891-768x576.jpg 768w, https:\/\/contextoanalisisperiodistico.com\/wp-content\/uploads\/2025\/05\/img-20250529-wa00885169480704276581891-1536x1151.jpg 1536w, https:\/\/contextoanalisisperiodistico.com\/wp-content\/uploads\/2025\/05\/img-20250529-wa00885169480704276581891.jpg 2000w\" sizes=\"(max-width: 1024px) 100vw, 1024px\" \/><\/figure>\n\n\n\n<figure class=\"wp-block-image\"><img loading=\"lazy\" decoding=\"async\" width=\"1024\" height=\"683\" src=\"https:\/\/contextoanalisisperiodistico.com\/wp-content\/uploads\/2025\/05\/img-20250529-wa00868611376365053521942-1024x683.jpg\" alt=\"\" class=\"wp-image-42025\" srcset=\"https:\/\/contextoanalisisperiodistico.com\/wp-content\/uploads\/2025\/05\/img-20250529-wa00868611376365053521942-1024x683.jpg 1024w, https:\/\/contextoanalisisperiodistico.com\/wp-content\/uploads\/2025\/05\/img-20250529-wa00868611376365053521942-300x200.jpg 300w, https:\/\/contextoanalisisperiodistico.com\/wp-content\/uploads\/2025\/05\/img-20250529-wa00868611376365053521942-768x512.jpg 768w, https:\/\/contextoanalisisperiodistico.com\/wp-content\/uploads\/2025\/05\/img-20250529-wa00868611376365053521942-1536x1025.jpg 1536w, https:\/\/contextoanalisisperiodistico.com\/wp-content\/uploads\/2025\/05\/img-20250529-wa00868611376365053521942.jpg 2000w\" sizes=\"(max-width: 1024px) 100vw, 1024px\" \/><\/figure>\n\n\n\n<figure class=\"wp-block-image\"><img loading=\"lazy\" decoding=\"async\" width=\"1024\" height=\"683\" src=\"https:\/\/contextoanalisisperiodistico.com\/wp-content\/uploads\/2025\/05\/img-20250529-wa00856063942146120713000-1024x683.jpg\" alt=\"\" class=\"wp-image-42027\" srcset=\"https:\/\/contextoanalisisperiodistico.com\/wp-content\/uploads\/2025\/05\/img-20250529-wa00856063942146120713000-1024x683.jpg 1024w, https:\/\/contextoanalisisperiodistico.com\/wp-content\/uploads\/2025\/05\/img-20250529-wa00856063942146120713000-300x200.jpg 300w, https:\/\/contextoanalisisperiodistico.com\/wp-content\/uploads\/2025\/05\/img-20250529-wa00856063942146120713000-768x512.jpg 768w, https:\/\/contextoanalisisperiodistico.com\/wp-content\/uploads\/2025\/05\/img-20250529-wa00856063942146120713000-1536x1025.jpg 1536w, https:\/\/contextoanalisisperiodistico.com\/wp-content\/uploads\/2025\/05\/img-20250529-wa00856063942146120713000.jpg 2000w\" sizes=\"(max-width: 1024px) 100vw, 1024px\" \/><\/figure>\n\n\n\n<figure class=\"wp-block-image\"><img loading=\"lazy\" decoding=\"async\" width=\"1024\" height=\"771\" src=\"https:\/\/contextoanalisisperiodistico.com\/wp-content\/uploads\/2025\/05\/img-20250529-wa00768876700749911046427-1024x771.jpg\" alt=\"\" class=\"wp-image-42028\" srcset=\"https:\/\/contextoanalisisperiodistico.com\/wp-content\/uploads\/2025\/05\/img-20250529-wa00768876700749911046427-1024x771.jpg 1024w, https:\/\/contextoanalisisperiodistico.com\/wp-content\/uploads\/2025\/05\/img-20250529-wa00768876700749911046427-300x226.jpg 300w, https:\/\/contextoanalisisperiodistico.com\/wp-content\/uploads\/2025\/05\/img-20250529-wa00768876700749911046427-768x578.jpg 768w, https:\/\/contextoanalisisperiodistico.com\/wp-content\/uploads\/2025\/05\/img-20250529-wa00768876700749911046427-1536x1156.jpg 1536w, https:\/\/contextoanalisisperiodistico.com\/wp-content\/uploads\/2025\/05\/img-20250529-wa00768876700749911046427.jpg 1600w\" sizes=\"(max-width: 1024px) 100vw, 1024px\" \/><\/figure>\n","protected":false},"excerpt":{"rendered":"<p>\u2022 Tras colapso estructural se rehabilita esta importante v\u00eda peatonal en Trinidad de las Huertas&#8230;<\/p>\n","protected":false},"author":4,"featured_media":42018,"comment_status":"closed","ping_status":"open","sticky":false,"template":"","format":"standard","meta":{"footnotes":""},"categories":[9],"tags":[178,235,234,45],"jetpack_sharing_enabled":true,"featured_image_urls":{"full":["https:\/\/contextoanalisisperiodistico.com\/wp-content\/uploads\/2025\/05\/IMG_20250529_123826-1.jpg",720,1440,false],"thumbnail":["https:\/\/contextoanalisisperiodistico.com\/wp-content\/uploads\/2025\/05\/IMG_20250529_123826-1-150x150.jpg",150,150,true],"medium":["https:\/\/contextoanalisisperiodistico.com\/wp-content\/uploads\/2025\/05\/IMG_20250529_123826-1-150x300.jpg",150,300,true],"medium_large":["https:\/\/contextoanalisisperiodistico.com\/wp-content\/uploads\/2025\/05\/IMG_20250529_123826-1.jpg",640,1280,false],"large":["https:\/\/contextoanalisisperiodistico.com\/wp-content\/uploads\/2025\/05\/IMG_20250529_123826-1-512x1024.jpg",512,1024,true],"1536x1536":["https:\/\/contextoanalisisperiodistico.com\/wp-content\/uploads\/2025\/05\/IMG_20250529_123826-1.jpg",720,1440,false],"2048x2048":["https:\/\/contextoanalisisperiodistico.com\/wp-content\/uploads\/2025\/05\/IMG_20250529_123826-1.jpg",720,1440,false],"covernews-slider-full":["https:\/\/contextoanalisisperiodistico.com\/wp-content\/uploads\/2025\/05\/IMG_20250529_123826-1-720x715.jpg",720,715,true],"covernews-slider-center":["https:\/\/contextoanalisisperiodistico.com\/wp-content\/uploads\/2025\/05\/IMG_20250529_123826-1-720x500.jpg",720,500,true],"covernews-featured":["https:\/\/contextoanalisisperiodistico.com\/wp-content\/uploads\/2025\/05\/IMG_20250529_123826-1.jpg",720,1440,false],"covernews-medium":["https:\/\/contextoanalisisperiodistico.com\/wp-content\/uploads\/2025\/05\/IMG_20250529_123826-1-540x340.jpg",540,340,true],"covernews-medium-square":["https:\/\/contextoanalisisperiodistico.com\/wp-content\/uploads\/2025\/05\/IMG_20250529_123826-1-400x250.jpg",400,250,true]},"author_info":{"display_name":"Mario Gir\u00f3n","author_link":"https:\/\/contextoanalisisperiodistico.com\/index.php\/author\/director\/"},"category_info":"<a href=\"https:\/\/contextoanalisisperiodistico.com\/index.php\/category\/politica\/\" rel=\"category tag\">Pol\u00edtica<\/a>","tag_info":"Pol\u00edtica","comment_count":"0","jetpack_featured_media_url":"https:\/\/contextoanalisisperiodistico.com\/wp-content\/uploads\/2025\/05\/IMG_20250529_123826-1.jpg","_links":{"self":[{"href":"https:\/\/contextoanalisisperiodistico.com\/index.php\/wp-json\/wp\/v2\/posts\/42017"}],"collection":[{"href":"https:\/\/contextoanalisisperiodistico.com\/index.php\/wp-json\/wp\/v2\/posts"}],"about":[{"href":"https:\/\/contextoanalisisperiodistico.com\/index.php\/wp-json\/wp\/v2\/types\/post"}],"author":[{"embeddable":true,"href":"https:\/\/contextoanalisisperiodistico.com\/index.php\/wp-json\/wp\/v2\/users\/4"}],"replies":[{"embeddable":true,"href":"https:\/\/contextoanalisisperiodistico.com\/index.php\/wp-json\/wp\/v2\/comments?post=42017"}],"version-history":[{"count":1,"href":"https:\/\/contextoanalisisperiodistico.com\/index.php\/wp-json\/wp\/v2\/posts\/42017\/revisions"}],"predecessor-version":[{"id":42029,"href":"https:\/\/contextoanalisisperiodistico.com\/index.php\/wp-json\/wp\/v2\/posts\/42017\/revisions\/42029"}],"wp:featuredmedia":[{"embeddable":true,"href":"https:\/\/contextoanalisisperiodistico.com\/index.php\/wp-json\/wp\/v2\/media\/42018"}],"wp:attachment":[{"href":"https:\/\/contextoanalisisperiodistico.com\/index.php\/wp-json\/wp\/v2\/media?parent=42017"}],"wp:term":[{"taxonomy":"category","embeddable":true,"href":"https:\/\/contextoanalisisperiodistico.com\/index.php\/wp-json\/wp\/v2\/categories?post=42017"},{"taxonomy":"post_tag","embeddable":true,"href":"https:\/\/contextoanalisisperiodistico.com\/index.php\/wp-json\/wp\/v2\/tags?post=42017"}],"curies":[{"name":"wp","href":"https:\/\/api.w.org\/{rel}","templated":true}]}}