{"id":41999,"date":"2025-05-28T16:27:11","date_gmt":"2025-05-28T22:27:11","guid":{"rendered":"https:\/\/contextoanalisisperiodistico.com\/index.php\/2025\/05\/28\/oaxaca-de-juarez-instala-consejo-municipal-de-mejora-regulatoria-para-simplificar-tramites-y-fortalecer-el-desarrollo-economico\/"},"modified":"2025-05-28T16:30:00","modified_gmt":"2025-05-28T22:30:00","slug":"oaxaca-de-juarez-instala-consejo-municipal-de-mejora-regulatoria-para-simplificar-tramites-y-fortalecer-el-desarrollo-economico","status":"publish","type":"post","link":"https:\/\/contextoanalisisperiodistico.com\/index.php\/2025\/05\/28\/oaxaca-de-juarez-instala-consejo-municipal-de-mejora-regulatoria-para-simplificar-tramites-y-fortalecer-el-desarrollo-economico\/","title":{"rendered":"Oaxaca de Ju\u00e1rez instala Consejo Municipal de Mejora Regulatoria"},"content":{"rendered":"<div id=\"fb-root\"><\/div>\n\n<p>\u2022 Simplificar tr\u00e1mites y fortalecer el desarrollo econ\u00f3mico, el objetivo <\/p>\n\n\n\n<ul class=\"wp-block-list\">\n<li>La administraci\u00f3n que encabeza Ray Chagoya apuesta por un gobierno \u00e1gil, eficiente y cercano a la ciudadan\u00eda<\/li>\n<\/ul>\n\n\n\n<p>Oaxaca de Ju\u00e1rez, Oax., 28 de mayo de 2025.\u2013 Con el firme prop\u00f3sito de modernizar la gesti\u00f3n p\u00fablica, se llev\u00f3 a cabo la instalaci\u00f3n del Consejo Municipal de Mejora Regulatoria de Oaxaca de Ju\u00e1rez.<\/p>\n\n\n\n<p>Esta acci\u00f3n reafirma el compromiso del presidente municipal Ray Chagoya de avanzar hacia un gobierno m\u00e1s eficiente y transparente, que elimine tr\u00e1mites innecesarios, promueva la digitalizaci\u00f3n y fomente el crecimiento econ\u00f3mico del municipio.<\/p>\n\n\n\n<p>Durante la sesi\u00f3n, se anunci\u00f3 la implementaci\u00f3n de una ventanilla \u00fanica de tr\u00e1mites en l\u00ednea, lo que permitir\u00e1 reducir tiempos de espera, evitar duplicidades y facilitar la apertura de negocios. Adem\u00e1s, se resalt\u00f3 que m\u00e1s de 280 tr\u00e1mites municipales ya han sido revisados y actualizados, en un esfuerzo coordinado entre dependencias para ofrecer servicios m\u00e1s \u00e1giles y claros.<\/p>\n\n\n\n<p>\u201cLa mejora regulatoria no es un discurso, es una herramienta para reconstruir la confianza de la gente en sus instituciones. Hoy dejamos claro que gobernar tambi\u00e9n es facilitar y no estorbar\u201d, expres\u00f3 el presidente municipal Ray Chagoya a trav\u00e9s de un mensaje institucional.<\/p>\n\n\n\n<p>Con esta instalaci\u00f3n, Oaxaca de Ju\u00e1rez se suma de manera activa a las pol\u00edticas de simplificaci\u00f3n, estandarizaci\u00f3n y digitalizaci\u00f3n promovidas a nivel estatal y nacional, poniendo en el centro a las y los ciudadanos como beneficiarios directos.<\/p>\n\n\n\n<p>El Consejo Municipal de Mejora Regulatoria trabajar\u00e1 de forma permanente, con la participaci\u00f3n de representantes del sector empresarial, acad\u00e9mico y social, para identificar \u00e1reas de mejora y construir soluciones desde el territorio.<\/p>\n\n\n\n<p>Porque menos burocracia significa m\u00e1s desarrollo para todas y todos.<\/p>\n","protected":false},"excerpt":{"rendered":"<p>\u2022 Simplificar tr\u00e1mites y fortalecer el desarrollo econ\u00f3mico, el objetivo Oaxaca de Ju\u00e1rez, Oax., 28&#8230;<\/p>\n","protected":false},"author":4,"featured_media":41998,"comment_status":"closed","ping_status":"open","sticky":false,"template":"","format":"standard","meta":{"footnotes":""},"categories":[3],"tags":[178,235,234,45],"jetpack_sharing_enabled":true,"featured_image_urls":{"full":["https:\/\/contextoanalisisperiodistico.com\/wp-content\/uploads\/2025\/05\/IMG-20250528-WA0076.jpg",1440,960,false],"thumbnail":["https:\/\/contextoanalisisperiodistico.com\/wp-content\/uploads\/2025\/05\/IMG-20250528-WA0076-150x150.jpg",150,150,true],"medium":["https:\/\/contextoanalisisperiodistico.com\/wp-content\/uploads\/2025\/05\/IMG-20250528-WA0076-300x200.jpg",300,200,true],"medium_large":["https:\/\/contextoanalisisperiodistico.com\/wp-content\/uploads\/2025\/05\/IMG-20250528-WA0076-768x512.jpg",640,427,true],"large":["https:\/\/contextoanalisisperiodistico.com\/wp-content\/uploads\/2025\/05\/IMG-20250528-WA0076-1024x683.jpg",640,427,true],"1536x1536":["https:\/\/contextoanalisisperiodistico.com\/wp-content\/uploads\/2025\/05\/IMG-20250528-WA0076.jpg",1440,960,false],"2048x2048":["https:\/\/contextoanalisisperiodistico.com\/wp-content\/uploads\/2025\/05\/IMG-20250528-WA0076.jpg",1440,960,false],"covernews-slider-full":["https:\/\/contextoanalisisperiodistico.com\/wp-content\/uploads\/2025\/05\/IMG-20250528-WA0076-1115x715.jpg",1115,715,true],"covernews-slider-center":["https:\/\/contextoanalisisperiodistico.com\/wp-content\/uploads\/2025\/05\/IMG-20250528-WA0076-800x500.jpg",800,500,true],"covernews-featured":["https:\/\/contextoanalisisperiodistico.com\/wp-content\/uploads\/2025\/05\/IMG-20250528-WA0076-1024x683.jpg",1024,683,true],"covernews-medium":["https:\/\/contextoanalisisperiodistico.com\/wp-content\/uploads\/2025\/05\/IMG-20250528-WA0076-540x340.jpg",540,340,true],"covernews-medium-square":["https:\/\/contextoanalisisperiodistico.com\/wp-content\/uploads\/2025\/05\/IMG-20250528-WA0076-400x250.jpg",400,250,true]},"author_info":{"display_name":"Mario Gir\u00f3n","author_link":"https:\/\/contextoanalisisperiodistico.com\/index.php\/author\/director\/"},"category_info":"<a href=\"https:\/\/contextoanalisisperiodistico.com\/index.php\/category\/ciudad\/\" rel=\"category tag\">Ciudad<\/a>","tag_info":"Ciudad","comment_count":"0","jetpack_featured_media_url":"https:\/\/contextoanalisisperiodistico.com\/wp-content\/uploads\/2025\/05\/IMG-20250528-WA0076.jpg","_links":{"self":[{"href":"https:\/\/contextoanalisisperiodistico.com\/index.php\/wp-json\/wp\/v2\/posts\/41999"}],"collection":[{"href":"https:\/\/contextoanalisisperiodistico.com\/index.php\/wp-json\/wp\/v2\/posts"}],"about":[{"href":"https:\/\/contextoanalisisperiodistico.com\/index.php\/wp-json\/wp\/v2\/types\/post"}],"author":[{"embeddable":true,"href":"https:\/\/contextoanalisisperiodistico.com\/index.php\/wp-json\/wp\/v2\/users\/4"}],"replies":[{"embeddable":true,"href":"https:\/\/contextoanalisisperiodistico.com\/index.php\/wp-json\/wp\/v2\/comments?post=41999"}],"version-history":[{"count":1,"href":"https:\/\/contextoanalisisperiodistico.com\/index.php\/wp-json\/wp\/v2\/posts\/41999\/revisions"}],"predecessor-version":[{"id":42000,"href":"https:\/\/contextoanalisisperiodistico.com\/index.php\/wp-json\/wp\/v2\/posts\/41999\/revisions\/42000"}],"wp:featuredmedia":[{"embeddable":true,"href":"https:\/\/contextoanalisisperiodistico.com\/index.php\/wp-json\/wp\/v2\/media\/41998"}],"wp:attachment":[{"href":"https:\/\/contextoanalisisperiodistico.com\/index.php\/wp-json\/wp\/v2\/media?parent=41999"}],"wp:term":[{"taxonomy":"category","embeddable":true,"href":"https:\/\/contextoanalisisperiodistico.com\/index.php\/wp-json\/wp\/v2\/categories?post=41999"},{"taxonomy":"post_tag","embeddable":true,"href":"https:\/\/contextoanalisisperiodistico.com\/index.php\/wp-json\/wp\/v2\/tags?post=41999"}],"curies":[{"name":"wp","href":"https:\/\/api.w.org\/{rel}","templated":true}]}}