{"id":41990,"date":"2025-05-28T15:19:53","date_gmt":"2025-05-28T21:19:53","guid":{"rendered":"https:\/\/contextoanalisisperiodistico.com\/index.php\/2025\/05\/28\/oaxaca-de-juarez-da-un-paso-firme-hacia-la-transparencia-se-firma-la-declaratoria-de-municipio-abierto\/"},"modified":"2025-05-28T15:21:27","modified_gmt":"2025-05-28T21:21:27","slug":"oaxaca-de-juarez-da-un-paso-firme-hacia-la-transparencia-se-firma-la-declaratoria-de-municipio-abierto","status":"publish","type":"post","link":"https:\/\/contextoanalisisperiodistico.com\/index.php\/2025\/05\/28\/oaxaca-de-juarez-da-un-paso-firme-hacia-la-transparencia-se-firma-la-declaratoria-de-municipio-abierto\/","title":{"rendered":"Oaxaca de Ju\u00e1rez da un paso firme hacia la transparencia: se firma la Declaratoria de Municipio Abierto"},"content":{"rendered":"<div id=\"fb-root\"><\/div>\n\n<ul class=\"wp-block-list\">\n<li>El presidente Ray Chagoya refrenda el compromiso de su administraci\u00f3n con un gobierno honesto, participativo y cercano a la ciudadan\u00eda<\/li>\n<\/ul>\n\n\n\n<figure class=\"wp-block-image size-large\"><img fetchpriority=\"high\" decoding=\"async\" width=\"1024\" height=\"681\" src=\"https:\/\/contextoanalisisperiodistico.com\/wp-content\/uploads\/2025\/05\/img-20250528-wa0058128020676588249089-1024x681.jpg\" alt=\"\" class=\"wp-image-41987\" srcset=\"https:\/\/contextoanalisisperiodistico.com\/wp-content\/uploads\/2025\/05\/img-20250528-wa0058128020676588249089-1024x681.jpg 1024w, https:\/\/contextoanalisisperiodistico.com\/wp-content\/uploads\/2025\/05\/img-20250528-wa0058128020676588249089-300x200.jpg 300w, https:\/\/contextoanalisisperiodistico.com\/wp-content\/uploads\/2025\/05\/img-20250528-wa0058128020676588249089-768x511.jpg 768w, https:\/\/contextoanalisisperiodistico.com\/wp-content\/uploads\/2025\/05\/img-20250528-wa0058128020676588249089.jpg 1440w\" sizes=\"(max-width: 1024px) 100vw, 1024px\" \/><\/figure>\n\n\n\n<figure class=\"wp-block-image\"><img decoding=\"async\" width=\"1024\" height=\"681\" src=\"https:\/\/contextoanalisisperiodistico.com\/wp-content\/uploads\/2025\/05\/img-20250528-wa0059576295503366042070-1024x681.jpg\" alt=\"\" class=\"wp-image-41988\" srcset=\"https:\/\/contextoanalisisperiodistico.com\/wp-content\/uploads\/2025\/05\/img-20250528-wa0059576295503366042070-1024x681.jpg 1024w, https:\/\/contextoanalisisperiodistico.com\/wp-content\/uploads\/2025\/05\/img-20250528-wa0059576295503366042070-300x200.jpg 300w, https:\/\/contextoanalisisperiodistico.com\/wp-content\/uploads\/2025\/05\/img-20250528-wa0059576295503366042070-768x511.jpg 768w, https:\/\/contextoanalisisperiodistico.com\/wp-content\/uploads\/2025\/05\/img-20250528-wa0059576295503366042070.jpg 1440w\" sizes=\"(max-width: 1024px) 100vw, 1024px\" \/><\/figure>\n\n\n\n<figure class=\"wp-block-image\"><img decoding=\"async\" width=\"1024\" height=\"681\" src=\"https:\/\/contextoanalisisperiodistico.com\/wp-content\/uploads\/2025\/05\/img-20250528-wa00575752011114189804186-1024x681.jpg\" alt=\"\" class=\"wp-image-41989\" srcset=\"https:\/\/contextoanalisisperiodistico.com\/wp-content\/uploads\/2025\/05\/img-20250528-wa00575752011114189804186-1024x681.jpg 1024w, https:\/\/contextoanalisisperiodistico.com\/wp-content\/uploads\/2025\/05\/img-20250528-wa00575752011114189804186-300x200.jpg 300w, https:\/\/contextoanalisisperiodistico.com\/wp-content\/uploads\/2025\/05\/img-20250528-wa00575752011114189804186-768x511.jpg 768w, https:\/\/contextoanalisisperiodistico.com\/wp-content\/uploads\/2025\/05\/img-20250528-wa00575752011114189804186.jpg 1440w\" sizes=\"(max-width: 1024px) 100vw, 1024px\" \/><\/figure>\n\n\n\n<p>Oaxaca de Ju\u00e1rez, Oax., 28 de mayo de 2025.\u2013 En un acto simb\u00f3lico pero de profundo impacto institucional, el presidente municipal Raymundo Chagoya Villanueva firm\u00f3 la Declaratoria de Municipio Abierto, acompa\u00f1ado por Josu\u00e9 Solana Salmor\u00e1n, Comisionado Presidente del \u00d3rgano Garante de Acceso a la Informaci\u00f3n P\u00fablica (OGAIPO).<\/p>\n\n\n\n<p>Con este acto, el Municipio de Oaxaca de Ju\u00e1rez formaliza su compromiso con los principios de transparencia, participaci\u00f3n ciudadana y colaboraci\u00f3n, pilares fundamentales para la consolidaci\u00f3n de una administraci\u00f3n moderna, eficiente y de puertas abiertas.<\/p>\n\n\n\n<p>\u201cLa transformaci\u00f3n de Oaxaca de Ju\u00e1rez no se construye desde la opacidad, sino desde la confianza y el di\u00e1logo con la ciudadan\u00eda\u201d, afirm\u00f3 el presidente Ray Chagoya, al subrayar que esta declaratoria es una decisi\u00f3n firme para abrir el gobierno al escrutinio p\u00fablico y fortalecer la rendici\u00f3n de cuentas como norma de acci\u00f3n diaria.<\/p>\n\n\n\n<p>Durante la ceremonia, realizada en el Palacio Municipal, participaron tambi\u00e9n integrantes del cabildo, representantes de organizaciones civiles, activistas por la transparencia y funcionarios estatales, quienes coincidieron en que esta declaratoria es un paso necesario para recuperar la confianza ciudadana en las instituciones.<\/p>\n\n\n\n<p>La Declaratoria de Municipio Abierto establece compromisos concretos para garantizar el acceso a la informaci\u00f3n p\u00fablica, generar procesos participativos en la toma de decisiones y fomentar una cultura de gobierno abierto en todas las \u00e1reas del Ayuntamiento.<\/p>\n\n\n\n<p>Este acto forma parte de la agenda de transformaci\u00f3n institucional impulsada desde el inicio de la administraci\u00f3n de Ray Chagoya, en la que se prioriza un modelo de gobierno austero, incluyente y con vocaci\u00f3n de servicio.<\/p>\n","protected":false},"excerpt":{"rendered":"<p>Oaxaca de Ju\u00e1rez, Oax., 28 de mayo de 2025.\u2013 En un acto simb\u00f3lico pero de&#8230;<\/p>\n","protected":false},"author":4,"featured_media":41986,"comment_status":"closed","ping_status":"open","sticky":false,"template":"","format":"standard","meta":{"footnotes":""},"categories":[9],"tags":[178,235,234,45],"jetpack_sharing_enabled":true,"featured_image_urls":{"full":["https:\/\/contextoanalisisperiodistico.com\/wp-content\/uploads\/2025\/05\/IMG-20250528-WA0056.jpg",1440,957,false],"thumbnail":["https:\/\/contextoanalisisperiodistico.com\/wp-content\/uploads\/2025\/05\/IMG-20250528-WA0056-150x150.jpg",150,150,true],"medium":["https:\/\/contextoanalisisperiodistico.com\/wp-content\/uploads\/2025\/05\/IMG-20250528-WA0056-300x199.jpg",300,199,true],"medium_large":["https:\/\/contextoanalisisperiodistico.com\/wp-content\/uploads\/2025\/05\/IMG-20250528-WA0056-768x510.jpg",640,425,true],"large":["https:\/\/contextoanalisisperiodistico.com\/wp-content\/uploads\/2025\/05\/IMG-20250528-WA0056-1024x681.jpg",640,426,true],"1536x1536":["https:\/\/contextoanalisisperiodistico.com\/wp-content\/uploads\/2025\/05\/IMG-20250528-WA0056.jpg",1440,957,false],"2048x2048":["https:\/\/contextoanalisisperiodistico.com\/wp-content\/uploads\/2025\/05\/IMG-20250528-WA0056.jpg",1440,957,false],"covernews-slider-full":["https:\/\/contextoanalisisperiodistico.com\/wp-content\/uploads\/2025\/05\/IMG-20250528-WA0056-1115x715.jpg",1115,715,true],"covernews-slider-center":["https:\/\/contextoanalisisperiodistico.com\/wp-content\/uploads\/2025\/05\/IMG-20250528-WA0056-800x500.jpg",800,500,true],"covernews-featured":["https:\/\/contextoanalisisperiodistico.com\/wp-content\/uploads\/2025\/05\/IMG-20250528-WA0056-1024x681.jpg",1024,681,true],"covernews-medium":["https:\/\/contextoanalisisperiodistico.com\/wp-content\/uploads\/2025\/05\/IMG-20250528-WA0056-540x340.jpg",540,340,true],"covernews-medium-square":["https:\/\/contextoanalisisperiodistico.com\/wp-content\/uploads\/2025\/05\/IMG-20250528-WA0056-400x250.jpg",400,250,true]},"author_info":{"display_name":"Mario Gir\u00f3n","author_link":"https:\/\/contextoanalisisperiodistico.com\/index.php\/author\/director\/"},"category_info":"<a href=\"https:\/\/contextoanalisisperiodistico.com\/index.php\/category\/politica\/\" rel=\"category tag\">Pol\u00edtica<\/a>","tag_info":"Pol\u00edtica","comment_count":"0","jetpack_featured_media_url":"https:\/\/contextoanalisisperiodistico.com\/wp-content\/uploads\/2025\/05\/IMG-20250528-WA0056.jpg","_links":{"self":[{"href":"https:\/\/contextoanalisisperiodistico.com\/index.php\/wp-json\/wp\/v2\/posts\/41990"}],"collection":[{"href":"https:\/\/contextoanalisisperiodistico.com\/index.php\/wp-json\/wp\/v2\/posts"}],"about":[{"href":"https:\/\/contextoanalisisperiodistico.com\/index.php\/wp-json\/wp\/v2\/types\/post"}],"author":[{"embeddable":true,"href":"https:\/\/contextoanalisisperiodistico.com\/index.php\/wp-json\/wp\/v2\/users\/4"}],"replies":[{"embeddable":true,"href":"https:\/\/contextoanalisisperiodistico.com\/index.php\/wp-json\/wp\/v2\/comments?post=41990"}],"version-history":[{"count":1,"href":"https:\/\/contextoanalisisperiodistico.com\/index.php\/wp-json\/wp\/v2\/posts\/41990\/revisions"}],"predecessor-version":[{"id":41991,"href":"https:\/\/contextoanalisisperiodistico.com\/index.php\/wp-json\/wp\/v2\/posts\/41990\/revisions\/41991"}],"wp:featuredmedia":[{"embeddable":true,"href":"https:\/\/contextoanalisisperiodistico.com\/index.php\/wp-json\/wp\/v2\/media\/41986"}],"wp:attachment":[{"href":"https:\/\/contextoanalisisperiodistico.com\/index.php\/wp-json\/wp\/v2\/media?parent=41990"}],"wp:term":[{"taxonomy":"category","embeddable":true,"href":"https:\/\/contextoanalisisperiodistico.com\/index.php\/wp-json\/wp\/v2\/categories?post=41990"},{"taxonomy":"post_tag","embeddable":true,"href":"https:\/\/contextoanalisisperiodistico.com\/index.php\/wp-json\/wp\/v2\/tags?post=41990"}],"curies":[{"name":"wp","href":"https:\/\/api.w.org\/{rel}","templated":true}]}}