{"id":41972,"date":"2025-05-27T20:07:08","date_gmt":"2025-05-28T02:07:08","guid":{"rendered":"https:\/\/contextoanalisisperiodistico.com\/index.php\/2025\/05\/27\/policia-municipal-detiene-a-tres-personas-por-el-presunto-delito-de-contra-la-salud\/"},"modified":"2025-05-27T20:07:08","modified_gmt":"2025-05-28T02:07:08","slug":"policia-municipal-detiene-a-tres-personas-por-el-presunto-delito-de-contra-la-salud","status":"publish","type":"post","link":"https:\/\/contextoanalisisperiodistico.com\/index.php\/2025\/05\/27\/policia-municipal-detiene-a-tres-personas-por-el-presunto-delito-de-contra-la-salud\/","title":{"rendered":"Polic\u00eda Municipal detiene a tres personas por el presunto delito de contra la salud"},"content":{"rendered":"<div id=\"fb-root\"><\/div>\n\n<p>Oaxaca de Ju\u00e1rez, Oax., 27 de mayo de 2025.- Personal de la Secretar\u00eda de Seguridad Vecinal efectu\u00f3 la detenci\u00f3n de tres personas por el presunto delito contra la salud.<\/p>\n\n\n\n<figure class=\"wp-block-image size-large\"><img fetchpriority=\"high\" decoding=\"async\" width=\"768\" height=\"1024\" src=\"https:\/\/contextoanalisisperiodistico.com\/wp-content\/uploads\/2025\/05\/img-20250527-wa01423496321779687675243-768x1024.jpg\" alt=\"\" class=\"wp-image-41971\" srcset=\"https:\/\/contextoanalisisperiodistico.com\/wp-content\/uploads\/2025\/05\/img-20250527-wa01423496321779687675243-768x1024.jpg 768w, https:\/\/contextoanalisisperiodistico.com\/wp-content\/uploads\/2025\/05\/img-20250527-wa01423496321779687675243-225x300.jpg 225w, https:\/\/contextoanalisisperiodistico.com\/wp-content\/uploads\/2025\/05\/img-20250527-wa01423496321779687675243.jpg 960w\" sizes=\"(max-width: 768px) 100vw, 768px\" \/><\/figure>\n\n\n\n<figure class=\"wp-block-image\"><img decoding=\"async\" width=\"768\" height=\"1024\" src=\"https:\/\/contextoanalisisperiodistico.com\/wp-content\/uploads\/2025\/05\/img-20250527-wa01403572518819607680496-768x1024.jpg\" alt=\"\" class=\"wp-image-41970\" srcset=\"https:\/\/contextoanalisisperiodistico.com\/wp-content\/uploads\/2025\/05\/img-20250527-wa01403572518819607680496-768x1024.jpg 768w, https:\/\/contextoanalisisperiodistico.com\/wp-content\/uploads\/2025\/05\/img-20250527-wa01403572518819607680496-225x300.jpg 225w, https:\/\/contextoanalisisperiodistico.com\/wp-content\/uploads\/2025\/05\/img-20250527-wa01403572518819607680496.jpg 960w\" sizes=\"(max-width: 768px) 100vw, 768px\" \/><\/figure>\n\n\n\n<figure class=\"wp-block-image\"><img decoding=\"async\" width=\"300\" height=\"121\" src=\"https:\/\/contextoanalisisperiodistico.com\/wp-content\/uploads\/2025\/05\/img-20250527-wa01435254483413155483203-300x121.jpg\" alt=\"\" class=\"wp-image-41969\" srcset=\"https:\/\/contextoanalisisperiodistico.com\/wp-content\/uploads\/2025\/05\/img-20250527-wa01435254483413155483203-300x121.jpg 300w, https:\/\/contextoanalisisperiodistico.com\/wp-content\/uploads\/2025\/05\/img-20250527-wa01435254483413155483203.jpg 443w\" sizes=\"(max-width: 300px) 100vw, 300px\" \/><\/figure>\n\n\n\n<p>El lunes a las 13:30 horas, elementos de la Direcci\u00f3n de Proximidad Social adscritos a la Unidad Motorizada de Acci\u00f3n R\u00e1pida (UMAR) efectuaban patrullajes de prevenci\u00f3n y disuasi\u00f3n en las inmediaciones de la agencia municipal de Santa Rosa Panzacola.<\/p>\n\n\n\n<p>Atendiendo el llamado ciudadano, se dirigieron a la calle 16 de Septiembre, en la colonia Adolfo L\u00f3pez Mateos, donde varias personas protagonizaban una ri\u00f1a.<\/p>\n\n\n\n<p>Al llegar, observaron que dos sujetos abordaron una camioneta color blanco y se retiraron, pero dos hombres y una mujer continuaban en el lugar.<\/p>\n\n\n\n<p>Al abordarlos, estos se mostraron agresivos y la mujer comenz\u00f3 a insultarlos, al indicar que, por su culpa, los sujetos de la camioneta se hab\u00edan retirado sin pagar \u201cla merca\u201d.<\/p>\n\n\n\n<p>La mujer continuaba agresiva y en ese momento observaron que se le cay\u00f3 una bolsa de pl\u00e1stico transparente, la cual al parecer conten\u00eda droga conocida como cristal.<\/p>\n\n\n\n<p>Por ello, aseguraron la bolsa y procedieron a la detenci\u00f3n de la mujer, pero los dos masculinos trataron de evitar la detenci\u00f3n, por lo cual tambi\u00e9n fueron controlados.<\/p>\n\n\n\n<p>A uno de ellos, le hallaron entre sus pertenencias una bolsa igual a la que lanz\u00f3 la mujer al suelo, as\u00ed como al otro, le hallaron una bolsa donde guardaba 33 peque\u00f1as bolsitas las cuales tambi\u00e9n conten\u00edan droga conocida como cristal.<\/p>\n\n\n\n<p>Por esa raz\u00f3n, las tres personas que dijeron llamarse Francisco M. L., de 40 a\u00f1os de edad; Francisco E. M. R., de 21 a\u00f1os de edad y Lizbeth R. G., de 40 a\u00f1os edad, fueron detenidas y junto con la droga asegurada quedaron a disposici\u00f3n de la Fiscal\u00eda General del Estado para determinar su situaci\u00f3n jur\u00eddica.<\/p>\n","protected":false},"excerpt":{"rendered":"<p>Oaxaca de Ju\u00e1rez, Oax., 27 de mayo de 2025.- Personal de la Secretar\u00eda de Seguridad&#8230;<\/p>\n","protected":false},"author":4,"featured_media":41968,"comment_status":"","ping_status":"open","sticky":false,"template":"","format":"standard","meta":{"footnotes":""},"categories":[10],"tags":[178,235,234,45],"jetpack_sharing_enabled":true,"featured_image_urls":{"full":["https:\/\/contextoanalisisperiodistico.com\/wp-content\/uploads\/2025\/05\/IMG-20250527-WA0141.jpg",960,1280,false],"thumbnail":["https:\/\/contextoanalisisperiodistico.com\/wp-content\/uploads\/2025\/05\/IMG-20250527-WA0141-150x150.jpg",150,150,true],"medium":["https:\/\/contextoanalisisperiodistico.com\/wp-content\/uploads\/2025\/05\/IMG-20250527-WA0141-225x300.jpg",225,300,true],"medium_large":["https:\/\/contextoanalisisperiodistico.com\/wp-content\/uploads\/2025\/05\/IMG-20250527-WA0141-768x1024.jpg",640,853,true],"large":["https:\/\/contextoanalisisperiodistico.com\/wp-content\/uploads\/2025\/05\/IMG-20250527-WA0141-768x1024.jpg",640,853,true],"1536x1536":["https:\/\/contextoanalisisperiodistico.com\/wp-content\/uploads\/2025\/05\/IMG-20250527-WA0141.jpg",960,1280,false],"2048x2048":["https:\/\/contextoanalisisperiodistico.com\/wp-content\/uploads\/2025\/05\/IMG-20250527-WA0141.jpg",960,1280,false],"covernews-slider-full":["https:\/\/contextoanalisisperiodistico.com\/wp-content\/uploads\/2025\/05\/IMG-20250527-WA0141-960x715.jpg",960,715,true],"covernews-slider-center":["https:\/\/contextoanalisisperiodistico.com\/wp-content\/uploads\/2025\/05\/IMG-20250527-WA0141-800x500.jpg",800,500,true],"covernews-featured":["https:\/\/contextoanalisisperiodistico.com\/wp-content\/uploads\/2025\/05\/IMG-20250527-WA0141.jpg",960,1280,false],"covernews-medium":["https:\/\/contextoanalisisperiodistico.com\/wp-content\/uploads\/2025\/05\/IMG-20250527-WA0141-540x340.jpg",540,340,true],"covernews-medium-square":["https:\/\/contextoanalisisperiodistico.com\/wp-content\/uploads\/2025\/05\/IMG-20250527-WA0141-400x250.jpg",400,250,true]},"author_info":{"display_name":"Mario Gir\u00f3n","author_link":"https:\/\/contextoanalisisperiodistico.com\/index.php\/author\/director\/"},"category_info":"<a href=\"https:\/\/contextoanalisisperiodistico.com\/index.php\/category\/seguridad\/\" rel=\"category tag\">Seguridad<\/a>","tag_info":"Seguridad","comment_count":"0","jetpack_featured_media_url":"https:\/\/contextoanalisisperiodistico.com\/wp-content\/uploads\/2025\/05\/IMG-20250527-WA0141.jpg","_links":{"self":[{"href":"https:\/\/contextoanalisisperiodistico.com\/index.php\/wp-json\/wp\/v2\/posts\/41972"}],"collection":[{"href":"https:\/\/contextoanalisisperiodistico.com\/index.php\/wp-json\/wp\/v2\/posts"}],"about":[{"href":"https:\/\/contextoanalisisperiodistico.com\/index.php\/wp-json\/wp\/v2\/types\/post"}],"author":[{"embeddable":true,"href":"https:\/\/contextoanalisisperiodistico.com\/index.php\/wp-json\/wp\/v2\/users\/4"}],"replies":[{"embeddable":true,"href":"https:\/\/contextoanalisisperiodistico.com\/index.php\/wp-json\/wp\/v2\/comments?post=41972"}],"version-history":[{"count":0,"href":"https:\/\/contextoanalisisperiodistico.com\/index.php\/wp-json\/wp\/v2\/posts\/41972\/revisions"}],"wp:featuredmedia":[{"embeddable":true,"href":"https:\/\/contextoanalisisperiodistico.com\/index.php\/wp-json\/wp\/v2\/media\/41968"}],"wp:attachment":[{"href":"https:\/\/contextoanalisisperiodistico.com\/index.php\/wp-json\/wp\/v2\/media?parent=41972"}],"wp:term":[{"taxonomy":"category","embeddable":true,"href":"https:\/\/contextoanalisisperiodistico.com\/index.php\/wp-json\/wp\/v2\/categories?post=41972"},{"taxonomy":"post_tag","embeddable":true,"href":"https:\/\/contextoanalisisperiodistico.com\/index.php\/wp-json\/wp\/v2\/tags?post=41972"}],"curies":[{"name":"wp","href":"https:\/\/api.w.org\/{rel}","templated":true}]}}