{"id":41963,"date":"2025-05-27T17:28:15","date_gmt":"2025-05-27T23:28:15","guid":{"rendered":"https:\/\/contextoanalisisperiodistico.com\/index.php\/2025\/05\/27\/policia-montada-municipal-vigila-en-zonas-dificiles-de-acceso-motorizado\/"},"modified":"2025-05-27T17:28:15","modified_gmt":"2025-05-27T23:28:15","slug":"policia-montada-municipal-vigila-en-zonas-dificiles-de-acceso-motorizado","status":"publish","type":"post","link":"https:\/\/contextoanalisisperiodistico.com\/index.php\/2025\/05\/27\/policia-montada-municipal-vigila-en-zonas-dificiles-de-acceso-motorizado\/","title":{"rendered":"Polic\u00eda Montada Municipal vigila en zonas dif\u00edciles de acceso motorizado"},"content":{"rendered":"<div id=\"fb-root\"><\/div>\n\n<p>La Polic\u00eda Montada de la Secretar\u00eda de Seguridad Vecinal realiza recorridos de vigilancia y disuasi\u00f3n en zonas de dif\u00edcil acceso para unidades motorizadas.<\/p>\n\n\n\n<p>Acompa\u00f1amos a transe\u00fantes, comerciantes y vecinas y vecinos, fortaleciendo el contacto directo con la ciudadan\u00eda y reforzando la seguridad desde el territorio.<\/p>\n\n\n\n<p>Seguimos protegiendo cada rinc\u00f3n de Oaxaca de Ju\u00e1rez.<\/p>\n\n\n\n<figure class=\"wp-block-video\"><\/figure>\n\n\n\n<figure class=\"wp-block-video\"><video controls src=\"https:\/\/contextoanalisisperiodistico.com\/wp-content\/uploads\/2025\/05\/VID-20250527-WA0119.mp4\"><\/video><\/figure>\n\n\n\n<figure class=\"wp-block-image size-large\"><img fetchpriority=\"high\" decoding=\"async\" width=\"720\" height=\"902\" src=\"https:\/\/contextoanalisisperiodistico.com\/wp-content\/uploads\/2025\/05\/img_20250527_1720247320496565100059804.jpg\" alt=\"\" class=\"wp-image-41960\" srcset=\"https:\/\/contextoanalisisperiodistico.com\/wp-content\/uploads\/2025\/05\/img_20250527_1720247320496565100059804.jpg 720w, https:\/\/contextoanalisisperiodistico.com\/wp-content\/uploads\/2025\/05\/img_20250527_1720247320496565100059804-239x300.jpg 239w\" sizes=\"(max-width: 720px) 100vw, 720px\" \/><\/figure>\n\n\n\n<figure class=\"wp-block-image\"><img decoding=\"async\" width=\"251\" height=\"300\" src=\"https:\/\/contextoanalisisperiodistico.com\/wp-content\/uploads\/2025\/05\/img_20250527_1719528810432584665243350-251x300.jpg\" alt=\"\" class=\"wp-image-41961\" srcset=\"https:\/\/contextoanalisisperiodistico.com\/wp-content\/uploads\/2025\/05\/img_20250527_1719528810432584665243350-251x300.jpg 251w, https:\/\/contextoanalisisperiodistico.com\/wp-content\/uploads\/2025\/05\/img_20250527_1719528810432584665243350.jpg 720w\" sizes=\"(max-width: 251px) 100vw, 251px\" \/><\/figure>\n\n\n\n<figure class=\"wp-block-image\"><img decoding=\"async\" width=\"218\" height=\"300\" src=\"https:\/\/contextoanalisisperiodistico.com\/wp-content\/uploads\/2025\/05\/img_20250527_1719252977512939612017338-218x300.jpg\" alt=\"\" class=\"wp-image-41962\" srcset=\"https:\/\/contextoanalisisperiodistico.com\/wp-content\/uploads\/2025\/05\/img_20250527_1719252977512939612017338-218x300.jpg 218w, https:\/\/contextoanalisisperiodistico.com\/wp-content\/uploads\/2025\/05\/img_20250527_1719252977512939612017338.jpg 720w\" sizes=\"(max-width: 218px) 100vw, 218px\" \/><\/figure>\n","protected":false},"excerpt":{"rendered":"<p>La Polic\u00eda Montada de la Secretar\u00eda de Seguridad Vecinal realiza recorridos de vigilancia y disuasi\u00f3n&#8230;<\/p>\n","protected":false},"author":4,"featured_media":41958,"comment_status":"","ping_status":"open","sticky":false,"template":"","format":"standard","meta":{"footnotes":""},"categories":[9],"tags":[178,235,234,45],"jetpack_sharing_enabled":true,"featured_image_urls":{"full":["https:\/\/contextoanalisisperiodistico.com\/wp-content\/uploads\/2025\/05\/IMG_20250527_171853.jpg",720,981,false],"thumbnail":["https:\/\/contextoanalisisperiodistico.com\/wp-content\/uploads\/2025\/05\/IMG_20250527_171853-150x150.jpg",150,150,true],"medium":["https:\/\/contextoanalisisperiodistico.com\/wp-content\/uploads\/2025\/05\/IMG_20250527_171853-220x300.jpg",220,300,true],"medium_large":["https:\/\/contextoanalisisperiodistico.com\/wp-content\/uploads\/2025\/05\/IMG_20250527_171853.jpg",640,872,false],"large":["https:\/\/contextoanalisisperiodistico.com\/wp-content\/uploads\/2025\/05\/IMG_20250527_171853.jpg",640,872,false],"1536x1536":["https:\/\/contextoanalisisperiodistico.com\/wp-content\/uploads\/2025\/05\/IMG_20250527_171853.jpg",720,981,false],"2048x2048":["https:\/\/contextoanalisisperiodistico.com\/wp-content\/uploads\/2025\/05\/IMG_20250527_171853.jpg",720,981,false],"covernews-slider-full":["https:\/\/contextoanalisisperiodistico.com\/wp-content\/uploads\/2025\/05\/IMG_20250527_171853-720x715.jpg",720,715,true],"covernews-slider-center":["https:\/\/contextoanalisisperiodistico.com\/wp-content\/uploads\/2025\/05\/IMG_20250527_171853-720x500.jpg",720,500,true],"covernews-featured":["https:\/\/contextoanalisisperiodistico.com\/wp-content\/uploads\/2025\/05\/IMG_20250527_171853.jpg",720,981,false],"covernews-medium":["https:\/\/contextoanalisisperiodistico.com\/wp-content\/uploads\/2025\/05\/IMG_20250527_171853-540x340.jpg",540,340,true],"covernews-medium-square":["https:\/\/contextoanalisisperiodistico.com\/wp-content\/uploads\/2025\/05\/IMG_20250527_171853-400x250.jpg",400,250,true]},"author_info":{"display_name":"Mario Gir\u00f3n","author_link":"https:\/\/contextoanalisisperiodistico.com\/index.php\/author\/director\/"},"category_info":"<a href=\"https:\/\/contextoanalisisperiodistico.com\/index.php\/category\/politica\/\" rel=\"category tag\">Pol\u00edtica<\/a>","tag_info":"Pol\u00edtica","comment_count":"0","jetpack_featured_media_url":"https:\/\/contextoanalisisperiodistico.com\/wp-content\/uploads\/2025\/05\/IMG_20250527_171853.jpg","_links":{"self":[{"href":"https:\/\/contextoanalisisperiodistico.com\/index.php\/wp-json\/wp\/v2\/posts\/41963"}],"collection":[{"href":"https:\/\/contextoanalisisperiodistico.com\/index.php\/wp-json\/wp\/v2\/posts"}],"about":[{"href":"https:\/\/contextoanalisisperiodistico.com\/index.php\/wp-json\/wp\/v2\/types\/post"}],"author":[{"embeddable":true,"href":"https:\/\/contextoanalisisperiodistico.com\/index.php\/wp-json\/wp\/v2\/users\/4"}],"replies":[{"embeddable":true,"href":"https:\/\/contextoanalisisperiodistico.com\/index.php\/wp-json\/wp\/v2\/comments?post=41963"}],"version-history":[{"count":0,"href":"https:\/\/contextoanalisisperiodistico.com\/index.php\/wp-json\/wp\/v2\/posts\/41963\/revisions"}],"wp:featuredmedia":[{"embeddable":true,"href":"https:\/\/contextoanalisisperiodistico.com\/index.php\/wp-json\/wp\/v2\/media\/41958"}],"wp:attachment":[{"href":"https:\/\/contextoanalisisperiodistico.com\/index.php\/wp-json\/wp\/v2\/media?parent=41963"}],"wp:term":[{"taxonomy":"category","embeddable":true,"href":"https:\/\/contextoanalisisperiodistico.com\/index.php\/wp-json\/wp\/v2\/categories?post=41963"},{"taxonomy":"post_tag","embeddable":true,"href":"https:\/\/contextoanalisisperiodistico.com\/index.php\/wp-json\/wp\/v2\/tags?post=41963"}],"curies":[{"name":"wp","href":"https:\/\/api.w.org\/{rel}","templated":true}]}}