{"id":41957,"date":"2025-05-27T17:14:08","date_gmt":"2025-05-27T23:14:08","guid":{"rendered":"https:\/\/contextoanalisisperiodistico.com\/index.php\/2025\/05\/27\/informa-ray-chagoya-avances-del-mando-metropolitano-en-operativo-de-seguridad\/"},"modified":"2025-05-27T17:14:08","modified_gmt":"2025-05-27T23:14:08","slug":"informa-ray-chagoya-avances-del-mando-metropolitano-en-operativo-de-seguridad","status":"publish","type":"post","link":"https:\/\/contextoanalisisperiodistico.com\/index.php\/2025\/05\/27\/informa-ray-chagoya-avances-del-mando-metropolitano-en-operativo-de-seguridad\/","title":{"rendered":"Informa Ray Chagoya avances del mando metropolitano en operativo de seguridad"},"content":{"rendered":"<div id=\"fb-root\"><\/div>\n\n<p>\u2022 Seguiremos trabajando para poner orden sin autoritarismo en la ciudad<\/p>\n\n\n\n<figure class=\"wp-block-image size-large\"><img fetchpriority=\"high\" decoding=\"async\" width=\"1024\" height=\"684\" src=\"https:\/\/contextoanalisisperiodistico.com\/wp-content\/uploads\/2025\/05\/img-20250527-wa01105808741833429202259-1024x684.jpg\" alt=\"\" class=\"wp-image-41955\" srcset=\"https:\/\/contextoanalisisperiodistico.com\/wp-content\/uploads\/2025\/05\/img-20250527-wa01105808741833429202259-1024x684.jpg 1024w, https:\/\/contextoanalisisperiodistico.com\/wp-content\/uploads\/2025\/05\/img-20250527-wa01105808741833429202259-300x200.jpg 300w, https:\/\/contextoanalisisperiodistico.com\/wp-content\/uploads\/2025\/05\/img-20250527-wa01105808741833429202259-768x513.jpg 768w, https:\/\/contextoanalisisperiodistico.com\/wp-content\/uploads\/2025\/05\/img-20250527-wa01105808741833429202259-1536x1027.jpg 1536w, https:\/\/contextoanalisisperiodistico.com\/wp-content\/uploads\/2025\/05\/img-20250527-wa01105808741833429202259.jpg 1616w\" sizes=\"(max-width: 1024px) 100vw, 1024px\" \/><\/figure>\n\n\n\n<figure class=\"wp-block-image\"><img decoding=\"async\" width=\"1024\" height=\"684\" src=\"https:\/\/contextoanalisisperiodistico.com\/wp-content\/uploads\/2025\/05\/img-20250527-wa01126343100438185603559-1024x684.jpg\" alt=\"\" class=\"wp-image-41956\" srcset=\"https:\/\/contextoanalisisperiodistico.com\/wp-content\/uploads\/2025\/05\/img-20250527-wa01126343100438185603559-1024x684.jpg 1024w, https:\/\/contextoanalisisperiodistico.com\/wp-content\/uploads\/2025\/05\/img-20250527-wa01126343100438185603559-300x200.jpg 300w, https:\/\/contextoanalisisperiodistico.com\/wp-content\/uploads\/2025\/05\/img-20250527-wa01126343100438185603559-768x513.jpg 768w, https:\/\/contextoanalisisperiodistico.com\/wp-content\/uploads\/2025\/05\/img-20250527-wa01126343100438185603559-1536x1027.jpg 1536w, https:\/\/contextoanalisisperiodistico.com\/wp-content\/uploads\/2025\/05\/img-20250527-wa01126343100438185603559.jpg 1616w\" sizes=\"(max-width: 1024px) 100vw, 1024px\" \/><\/figure>\n\n\n\n<figure class=\"wp-block-image\"><img decoding=\"async\" width=\"1024\" height=\"684\" src=\"https:\/\/contextoanalisisperiodistico.com\/wp-content\/uploads\/2025\/05\/img-20250527-wa01112217019338034955496-1024x684.jpg\" alt=\"\" class=\"wp-image-41954\" srcset=\"https:\/\/contextoanalisisperiodistico.com\/wp-content\/uploads\/2025\/05\/img-20250527-wa01112217019338034955496-1024x684.jpg 1024w, https:\/\/contextoanalisisperiodistico.com\/wp-content\/uploads\/2025\/05\/img-20250527-wa01112217019338034955496-300x200.jpg 300w, https:\/\/contextoanalisisperiodistico.com\/wp-content\/uploads\/2025\/05\/img-20250527-wa01112217019338034955496-768x513.jpg 768w, https:\/\/contextoanalisisperiodistico.com\/wp-content\/uploads\/2025\/05\/img-20250527-wa01112217019338034955496-1536x1027.jpg 1536w, https:\/\/contextoanalisisperiodistico.com\/wp-content\/uploads\/2025\/05\/img-20250527-wa01112217019338034955496.jpg 1616w\" sizes=\"(max-width: 1024px) 100vw, 1024px\" \/><\/figure>\n\n\n\n<p>Oaxaca de Ju\u00e1rez, Oax., 27 de mayo de 2025.- Como parte de la estrategia \u201cAqu\u00ed estamos, aqu\u00ed te protegemos\u201d, el presidente municipal Ray Chagoya inform\u00f3 sobre los resultados del operativo interinstitucional realizado en la zona de Brenamiel, donde se lleva a cabo la venta de veh\u00edculos todos los domingos.<\/p>\n\n\n\n<p>Este dispositivo fue acordado en coordinaci\u00f3n con la Fiscal\u00eda General del Estado y cont\u00f3 con la participaci\u00f3n de la Polic\u00eda Municipal, la Agencia Estatal de Investigaciones, la Polic\u00eda Estatal, el Ej\u00e9rcito Mexicano y dem\u00e1s fuerzas de seguridad.<\/p>\n\n\n\n<p>Durante la operaci\u00f3n se lograron los siguientes resultados:<br \/>\u2022 700 veh\u00edculos revisados<br \/>\u2022 3 unidades aseguradas por alteraci\u00f3n en n\u00famero de serie<br \/>\u2022 1 motocicleta remitida al corral\u00f3n por falta de documentaci\u00f3n<br \/>\u2022 159 consultas realizadas en plataforma REPUVE<br \/>\u2022 10 locales comerciales revisados, de los cuales<br \/>\u2022 1 fue clausurado<br \/>\u2022 5 resultaron infraccionados<\/p>\n\n\n\n<p>Estas acciones se suman al operativo permanente de coordinaci\u00f3n metropolitana, el cual ha permitido fortalecer la vigilancia preventiva con resultados significativos:<br \/>\u2022 M\u00e1s de 23 mil kil\u00f3metros recorridos en patrullaje<br \/>\u2022 28 accidentes de tr\u00e1nsito atendidos<br \/>\u2022 442 infracciones impuestas<br \/>\u2022 137 veh\u00edculos concentrados en corralones por faltas administrativas<br \/>\u2022 29 personas detenidas<br \/>\u2022 25 reuniones vecinales por la paz<\/p>\n\n\n\n<p>El edil capitalino destac\u00f3 que esta nueva estrategia de seguridad se basa en la prevenci\u00f3n, proximidad y respuesta inmediata, y reconoci\u00f3 el trabajo coordinado entre corporaciones que hoy permite dar resultados concretos a la ciudadan\u00eda.<\/p>\n\n\n\n<p>\u201cEl mando metropolitano ya es una realidad y estamos viendo resultados. La seguridad se construye con presencia constante, vocaci\u00f3n de servicio y trabajo en equipo\u201d, afirm\u00f3 Ray Chagoya durante la conferencia.<\/p>\n\n\n\n<p>Finalmente, reiter\u00f3 que estos operativos continuar\u00e1n en distintas zonas de la ciudad como parte del compromiso de su gobierno por garantizar la tranquilidad de las y los oaxaque\u00f1os.<\/p>\n","protected":false},"excerpt":{"rendered":"<p>\u2022 Seguiremos trabajando para poner orden sin autoritarismo en la ciudad Oaxaca de Ju\u00e1rez, Oax.,&#8230;<\/p>\n","protected":false},"author":4,"featured_media":41953,"comment_status":"","ping_status":"open","sticky":false,"template":"","format":"standard","meta":{"footnotes":""},"categories":[9],"tags":[178,235,234,45],"jetpack_sharing_enabled":true,"featured_image_urls":{"full":["https:\/\/contextoanalisisperiodistico.com\/wp-content\/uploads\/2025\/05\/IMG-20250527-WA0109.jpg",1616,1080,false],"thumbnail":["https:\/\/contextoanalisisperiodistico.com\/wp-content\/uploads\/2025\/05\/IMG-20250527-WA0109-150x150.jpg",150,150,true],"medium":["https:\/\/contextoanalisisperiodistico.com\/wp-content\/uploads\/2025\/05\/IMG-20250527-WA0109-300x200.jpg",300,200,true],"medium_large":["https:\/\/contextoanalisisperiodistico.com\/wp-content\/uploads\/2025\/05\/IMG-20250527-WA0109-768x513.jpg",640,428,true],"large":["https:\/\/contextoanalisisperiodistico.com\/wp-content\/uploads\/2025\/05\/IMG-20250527-WA0109-1024x684.jpg",640,428,true],"1536x1536":["https:\/\/contextoanalisisperiodistico.com\/wp-content\/uploads\/2025\/05\/IMG-20250527-WA0109-1536x1027.jpg",1536,1027,true],"2048x2048":["https:\/\/contextoanalisisperiodistico.com\/wp-content\/uploads\/2025\/05\/IMG-20250527-WA0109.jpg",1616,1080,false],"covernews-slider-full":["https:\/\/contextoanalisisperiodistico.com\/wp-content\/uploads\/2025\/05\/IMG-20250527-WA0109-1115x715.jpg",1115,715,true],"covernews-slider-center":["https:\/\/contextoanalisisperiodistico.com\/wp-content\/uploads\/2025\/05\/IMG-20250527-WA0109-800x500.jpg",800,500,true],"covernews-featured":["https:\/\/contextoanalisisperiodistico.com\/wp-content\/uploads\/2025\/05\/IMG-20250527-WA0109-1024x684.jpg",1024,684,true],"covernews-medium":["https:\/\/contextoanalisisperiodistico.com\/wp-content\/uploads\/2025\/05\/IMG-20250527-WA0109-540x340.jpg",540,340,true],"covernews-medium-square":["https:\/\/contextoanalisisperiodistico.com\/wp-content\/uploads\/2025\/05\/IMG-20250527-WA0109-400x250.jpg",400,250,true]},"author_info":{"display_name":"Mario Gir\u00f3n","author_link":"https:\/\/contextoanalisisperiodistico.com\/index.php\/author\/director\/"},"category_info":"<a href=\"https:\/\/contextoanalisisperiodistico.com\/index.php\/category\/politica\/\" rel=\"category tag\">Pol\u00edtica<\/a>","tag_info":"Pol\u00edtica","comment_count":"0","jetpack_featured_media_url":"https:\/\/contextoanalisisperiodistico.com\/wp-content\/uploads\/2025\/05\/IMG-20250527-WA0109.jpg","_links":{"self":[{"href":"https:\/\/contextoanalisisperiodistico.com\/index.php\/wp-json\/wp\/v2\/posts\/41957"}],"collection":[{"href":"https:\/\/contextoanalisisperiodistico.com\/index.php\/wp-json\/wp\/v2\/posts"}],"about":[{"href":"https:\/\/contextoanalisisperiodistico.com\/index.php\/wp-json\/wp\/v2\/types\/post"}],"author":[{"embeddable":true,"href":"https:\/\/contextoanalisisperiodistico.com\/index.php\/wp-json\/wp\/v2\/users\/4"}],"replies":[{"embeddable":true,"href":"https:\/\/contextoanalisisperiodistico.com\/index.php\/wp-json\/wp\/v2\/comments?post=41957"}],"version-history":[{"count":0,"href":"https:\/\/contextoanalisisperiodistico.com\/index.php\/wp-json\/wp\/v2\/posts\/41957\/revisions"}],"wp:featuredmedia":[{"embeddable":true,"href":"https:\/\/contextoanalisisperiodistico.com\/index.php\/wp-json\/wp\/v2\/media\/41953"}],"wp:attachment":[{"href":"https:\/\/contextoanalisisperiodistico.com\/index.php\/wp-json\/wp\/v2\/media?parent=41957"}],"wp:term":[{"taxonomy":"category","embeddable":true,"href":"https:\/\/contextoanalisisperiodistico.com\/index.php\/wp-json\/wp\/v2\/categories?post=41957"},{"taxonomy":"post_tag","embeddable":true,"href":"https:\/\/contextoanalisisperiodistico.com\/index.php\/wp-json\/wp\/v2\/tags?post=41957"}],"curies":[{"name":"wp","href":"https:\/\/api.w.org\/{rel}","templated":true}]}}